{"id":1079,"date":"2021-08-22T22:07:00","date_gmt":"2021-08-22T20:07:00","guid":{"rendered":"http:\/\/liceum.kard.hlonda.pl\/?p=1079"},"modified":"2021-08-22T22:07:22","modified_gmt":"2021-08-22T20:07:22","slug":"uroczystosc-rozpoczecia-nowego-roku-szkolnego-2021-2022","status":"publish","type":"post","link":"https:\/\/liceum.kard.hlonda.pl\/index.php\/2021\/08\/22\/uroczystosc-rozpoczecia-nowego-roku-szkolnego-2021-2022\/","title":{"rendered":"UROCZYSTO\u015a\u0106 ROZPOCZ\u0118CIA NOWEGO ROKU SZKOLNEGO 2021\/2022"},"content":{"rendered":"<ul>\n<li>8.30 &#8211; Msza \u015awi\u0119ta w kaplicy Si\u00f3str Mi\u0142osierdzia \u015bw. Wincentego a Paulo.<\/li>\n<li>9.45. Uroczysto\u015b\u0107 w holu szko\u0142y.<\/li>\n<li>10.00 spotkania z wychowawcami w klasach.<\/li>\n<\/ul>\n<p>Tego dnia obowi\u0105zuje szkolny str\u00f3j galowy.<\/p>\n","protected":false},"excerpt":{"rendered":"<p>8.30 &#8211; Msza \u015awi\u0119ta w kaplicy Si\u00f3str Mi\u0142osierdzia \u015bw. Wincentego a Paulo. 9.45. Uroczysto\u015b\u0107 w holu szko\u0142y. 10.00 spotkania z wychowawcami w klasach. Tego dnia obowi\u0105zuje szkolny str\u00f3j galowy.<\/p>\n","protected":false},"author":1,"featured_media":0,"comment_status":"closed","ping_status":"closed","sticky":false,"template":"","format":"standard","meta":{"footnotes":""},"categories":[1],"tags":[],"class_list":["post-1079","post","type-post","status-publish","format-standard","hentry","category-bez-kategorii"],"_links":{"self":[{"href":"https:\/\/liceum.kard.hlonda.pl\/index.php\/wp-json\/wp\/v2\/posts\/1079","targetHints":{"allow":["GET"]}}],"collection":[{"href":"https:\/\/liceum.kard.hlonda.pl\/index.php\/wp-json\/wp\/v2\/posts"}],"about":[{"href":"https:\/\/liceum.kard.hlonda.pl\/index.php\/wp-json\/wp\/v2\/types\/post"}],"author":[{"embeddable":true,"href":"https:\/\/liceum.kard.hlonda.pl\/index.php\/wp-json\/wp\/v2\/users\/1"}],"replies":[{"embeddable":true,"href":"https:\/\/liceum.kard.hlonda.pl\/index.php\/wp-json\/wp\/v2\/comments?post=1079"}],"version-history":[{"count":1,"href":"https:\/\/liceum.kard.hlonda.pl\/index.php\/wp-json\/wp\/v2\/posts\/1079\/revisions"}],"predecessor-version":[{"id":1080,"href":"https:\/\/liceum.kard.hlonda.pl\/index.php\/wp-json\/wp\/v2\/posts\/1079\/revisions\/1080"}],"wp:attachment":[{"href":"https:\/\/liceum.kard.hlonda.pl\/index.php\/wp-json\/wp\/v2\/media?parent=1079"}],"wp:term":[{"taxonomy":"category","embeddable":true,"href":"https:\/\/liceum.kard.hlonda.pl\/index.php\/wp-json\/wp\/v2\/categories?post=1079"},{"taxonomy":"post_tag","embeddable":true,"href":"https:\/\/liceum.kard.hlonda.pl\/index.php\/wp-json\/wp\/v2\/tags?post=1079"}],"curies":[{"name":"wp","href":"https:\/\/api.w.org\/{rel}","templated":true}]}}