{"id":1082,"date":"2021-08-31T20:08:21","date_gmt":"2021-08-31T18:08:21","guid":{"rendered":"http:\/\/liceum.kard.hlonda.pl\/?p=1082"},"modified":"2021-08-31T20:08:21","modified_gmt":"2021-08-31T18:08:21","slug":"komunikat-3","status":"publish","type":"post","link":"https:\/\/liceum.kard.hlonda.pl\/index.php\/2021\/08\/31\/komunikat-3\/","title":{"rendered":"Komunikat"},"content":{"rendered":"<h4 style=\"text-align: center;\">Uprzejmie informujemy, \u017ce ze wzgl\u0119du na trwaj\u0105ce prace remontowe, Msza \u015awi\u0119ta inauguruj\u0105ca Rok Szkolny 2021\/2022 zamiast w kaplicy Si\u00f3str Mi\u0142osierdzia \u015bw. Wincentego a Paulo odb\u0119dzie si\u0119 w holu szko\u0142y.<\/h4>\n<h4 style=\"text-align: center;\">Za zmiany bardzo przepraszamy.<\/h4>\n","protected":false},"excerpt":{"rendered":"<p>Uprzejmie informujemy, \u017ce ze wzgl\u0119du na trwaj\u0105ce prace remontowe, Msza \u015awi\u0119ta inauguruj\u0105ca Rok Szkolny 2021\/2022 zamiast w kaplicy Si\u00f3str Mi\u0142osierdzia \u015bw. Wincentego a Paulo odb\u0119dzie si\u0119 w holu szko\u0142y. Za zmiany bardzo przepraszamy.<\/p>\n","protected":false},"author":1,"featured_media":0,"comment_status":"closed","ping_status":"closed","sticky":false,"template":"","format":"standard","meta":{"footnotes":""},"categories":[1],"tags":[],"class_list":["post-1082","post","type-post","status-publish","format-standard","hentry","category-bez-kategorii"],"_links":{"self":[{"href":"https:\/\/liceum.kard.hlonda.pl\/index.php\/wp-json\/wp\/v2\/posts\/1082","targetHints":{"allow":["GET"]}}],"collection":[{"href":"https:\/\/liceum.kard.hlonda.pl\/index.php\/wp-json\/wp\/v2\/posts"}],"about":[{"href":"https:\/\/liceum.kard.hlonda.pl\/index.php\/wp-json\/wp\/v2\/types\/post"}],"author":[{"embeddable":true,"href":"https:\/\/liceum.kard.hlonda.pl\/index.php\/wp-json\/wp\/v2\/users\/1"}],"replies":[{"embeddable":true,"href":"https:\/\/liceum.kard.hlonda.pl\/index.php\/wp-json\/wp\/v2\/comments?post=1082"}],"version-history":[{"count":1,"href":"https:\/\/liceum.kard.hlonda.pl\/index.php\/wp-json\/wp\/v2\/posts\/1082\/revisions"}],"predecessor-version":[{"id":1083,"href":"https:\/\/liceum.kard.hlonda.pl\/index.php\/wp-json\/wp\/v2\/posts\/1082\/revisions\/1083"}],"wp:attachment":[{"href":"https:\/\/liceum.kard.hlonda.pl\/index.php\/wp-json\/wp\/v2\/media?parent=1082"}],"wp:term":[{"taxonomy":"category","embeddable":true,"href":"https:\/\/liceum.kard.hlonda.pl\/index.php\/wp-json\/wp\/v2\/categories?post=1082"},{"taxonomy":"post_tag","embeddable":true,"href":"https:\/\/liceum.kard.hlonda.pl\/index.php\/wp-json\/wp\/v2\/tags?post=1082"}],"curies":[{"name":"wp","href":"https:\/\/api.w.org\/{rel}","templated":true}]}}