{"id":1084,"date":"2021-09-01T00:16:04","date_gmt":"2021-08-31T22:16:04","guid":{"rendered":"http:\/\/liceum.kard.hlonda.pl\/?p=1084"},"modified":"2021-09-01T00:44:45","modified_gmt":"2021-08-31T22:44:45","slug":"zarzadzenia-dyrektora-szkol-ksw","status":"publish","type":"post","link":"https:\/\/liceum.kard.hlonda.pl\/index.php\/2021\/09\/01\/zarzadzenia-dyrektora-szkol-ksw\/","title":{"rendered":"ZARZ\u0104DZENIA DYREKTORA SZK\u00d3\u0141 KSW"},"content":{"rendered":"<h4 style=\"text-align: center;\"><a href=\"http:\/\/liceum.kard.hlonda.pl\/wp-content\/uploads\/2021\/09\/Zarzadzenie-nr-1-LO-27.08.2021.pdf\" target=\"_blank\" rel=\"noopener\">Zarz\u0105dzenie nr 1 Dyrektora Publicznego Liceum im. Kard. Augusta Hlonda w Poznaniu z dnia 27.08.2021 r.\u00a0 <\/a><\/h4>\n<p>&nbsp;<\/p>\n<h4 style=\"text-align: center;\"><a href=\"https:\/\/www.gov.pl\/web\/edukacja-i-nauka\/wytyczne-mein-mz-i-gis-dla-szkol-podstawowych-i-ponadpodstawowych-obowiazujace-od-1-wrzesnia-2021-r\">Wytyczne MEiN, MZ i GIS dla szk\u00f3\u0142 podstawowych i ponadpodstawowych<br \/>\nobowi\u0105zuj\u0105ce od 1 wrze\u015bnia 2021 r.<\/a><\/h4>\n","protected":false},"excerpt":{"rendered":"<p>Zarz\u0105dzenie nr 1 Dyrektora Publicznego Liceum im. Kard. Augusta Hlonda w Poznaniu z dnia 27.08.2021 r.\u00a0 &nbsp; Wytyczne MEiN, MZ i GIS dla szk\u00f3\u0142 podstawowych i ponadpodstawowych obowi\u0105zuj\u0105ce od 1 wrze\u015bnia 2021 r.<\/p>\n","protected":false},"author":1,"featured_media":0,"comment_status":"closed","ping_status":"closed","sticky":false,"template":"","format":"standard","meta":{"footnotes":""},"categories":[1],"tags":[],"class_list":["post-1084","post","type-post","status-publish","format-standard","hentry","category-bez-kategorii"],"_links":{"self":[{"href":"https:\/\/liceum.kard.hlonda.pl\/index.php\/wp-json\/wp\/v2\/posts\/1084","targetHints":{"allow":["GET"]}}],"collection":[{"href":"https:\/\/liceum.kard.hlonda.pl\/index.php\/wp-json\/wp\/v2\/posts"}],"about":[{"href":"https:\/\/liceum.kard.hlonda.pl\/index.php\/wp-json\/wp\/v2\/types\/post"}],"author":[{"embeddable":true,"href":"https:\/\/liceum.kard.hlonda.pl\/index.php\/wp-json\/wp\/v2\/users\/1"}],"replies":[{"embeddable":true,"href":"https:\/\/liceum.kard.hlonda.pl\/index.php\/wp-json\/wp\/v2\/comments?post=1084"}],"version-history":[{"count":5,"href":"https:\/\/liceum.kard.hlonda.pl\/index.php\/wp-json\/wp\/v2\/posts\/1084\/revisions"}],"predecessor-version":[{"id":1090,"href":"https:\/\/liceum.kard.hlonda.pl\/index.php\/wp-json\/wp\/v2\/posts\/1084\/revisions\/1090"}],"wp:attachment":[{"href":"https:\/\/liceum.kard.hlonda.pl\/index.php\/wp-json\/wp\/v2\/media?parent=1084"}],"wp:term":[{"taxonomy":"category","embeddable":true,"href":"https:\/\/liceum.kard.hlonda.pl\/index.php\/wp-json\/wp\/v2\/categories?post=1084"},{"taxonomy":"post_tag","embeddable":true,"href":"https:\/\/liceum.kard.hlonda.pl\/index.php\/wp-json\/wp\/v2\/tags?post=1084"}],"curies":[{"name":"wp","href":"https:\/\/api.w.org\/{rel}","templated":true}]}}