{"id":1092,"date":"2021-09-01T20:50:25","date_gmt":"2021-09-01T18:50:25","guid":{"rendered":"http:\/\/liceum.kard.hlonda.pl\/?p=1092"},"modified":"2021-09-03T12:33:03","modified_gmt":"2021-09-03T10:33:03","slug":"inauguracja-roku-szkolnego-2021-2022","status":"publish","type":"post","link":"https:\/\/liceum.kard.hlonda.pl\/index.php\/2021\/09\/01\/inauguracja-roku-szkolnego-2021-2022\/","title":{"rendered":"Inauguracja Roku Szkolnego 2021\/2022"},"content":{"rendered":"<p style=\"text-align: justify;\">Pami\u0119tamy jeszcze bardzo dobrze pi\u0119kne chwile wakacji: szum morza, pi\u0119kne widoki na g\u00f3rskich szlakach, a tu ju\u017c 1 wrze\u015bnia i trzeba wraca\u0107 do codziennych obowi\u0105zk\u00f3w! Jest to na pewno trudne, ale te\u017c daje wiele rado\u015bci, bo m\u0142odzi ludzie mog\u0105 si\u0119 ponownie spotka\u0107 ze swoimi kole\u017cankami i kolegami. Poniewa\u017c, jak m\u00f3wili nasi przodkowie: \u201ebez Boga ani do proga\u201e nasza spo\u0142eczno\u015b\u0107 rozpocz\u0119\u0142a nowy rok szkolny tradycyjnie: od Mszy \u015bwi\u0119tej, kt\u00f3ra zosta\u0142a odprawiona w nietypowym miejscu, bo w holu szko\u0142y i mia\u0142a pi\u0119kn\u0105 opraw\u0119. Po kr\u00f3tkiej przerwie uczestniczyli\u015bmy w programie artystycznym, kt\u00f3ry przygotowa\u0142a pani J. \u0141ukasik. My\u015bl\u0119, \u017ce ka\u017cdy widz m\u00f3g\u0142 znale\u017a\u0107 w nim co\u015b dla siebie \u2013 by\u0142o troch\u0119 na weso\u0142o, ale r\u00f3wnie\u017c powa\u017cnie. Ca\u0142o\u015b\u0107 znakomicie poprowadzi\u0142y uczennice klasy 3 liceum: Maria Hofman i Ewelina Ja\u015bniak. Swoje muzyczne talenty zaprezentowa\u0142o rodze\u0144stwo Zwierzyckich &#8211; ch\u0142opcy pi\u0119knie zagrali na pianinie, a dziewczynki za\u015bpiewa\u0142y wzruszaj\u0105c\u0105 piosenk\u0119 o ko\u0144cu wakacji i powrocie do szko\u0142y. Podczas akademii ciep\u0142e s\u0142owa zosta\u0142y skierowane przede wszystkim do pierwszoklasist\u00f3w: tych najm\u0142odszych, kt\u00f3rzy dopiero rozpoczynaj\u0105 swoj\u0105 przygod\u0119 ze szko\u0142\u0105, ale r\u00f3wnie\u017c do uczni\u00f3w klasy pierwszej liceum. Powodzenia kochani, przez trudy do gwiazd, a gdy pojawi\u0105 si\u0119 problemy, mo\u017cecie na nas liczy\u0107!<\/p>\n<p style=\"text-align: justify;\">\u201e\u017begnaj lato na rok\u201e \u2013 zako\u0144czy\u0142a si\u0119 cz\u0119\u015b\u0107 artystyczna, a uczniowie udali si\u0119 do klas na kr\u00f3tkie spotkanie ze swoimi wychowawcami. \u017byczymy Wam najserdeczniej, drodzy Wychowankowie, wspania\u0142ego nowego roku szkolnego i odkrywania ka\u017cdego dnia Prawdy, Pi\u0119kna i Dobra! Oby ka\u017cdy z Was za kilka miesi\u0119cy m\u00f3g\u0142 powiedzie\u0107: \u201ew dobrych zawodach wyst\u0105pi\u0142em, nast\u0119pny etap mojego biegu szcz\u0119\u015bliwie uko\u0144czy\u0142em!\u201e. Wszystkiego dobrego i jak najwi\u0119cej rado\u015bci ze zdobywania wiedzy!<\/p>\n<p style=\"text-align: right;\"><em>Ewa Piotrowska &#8211; polonistka<\/em><\/p>\n<div id='gallery-1' class='gallery galleryid-1092 gallery-columns-3 gallery-size-medium'><figure class='gallery-item'>\n\t\t\t<div class='gallery-icon portrait'>\n\t\t\t\t<a href='https:\/\/liceum.kard.hlonda.pl\/index.php\/2021\/09\/01\/inauguracja-roku-szkolnego-2021-2022\/p1840102\/'><img loading=\"lazy\" decoding=\"async\" width=\"225\" height=\"300\" src=\"https:\/\/liceum.kard.hlonda.pl\/wp-content\/uploads\/2021\/09\/P1840102-225x300.jpg\" class=\"attachment-medium size-medium\" alt=\"\" srcset=\"https:\/\/liceum.kard.hlonda.pl\/wp-content\/uploads\/2021\/09\/P1840102-225x300.jpg 225w, https:\/\/liceum.kard.hlonda.pl\/wp-content\/uploads\/2021\/09\/P1840102-768x1024.jpg 768w, https:\/\/liceum.kard.hlonda.pl\/wp-content\/uploads\/2021\/09\/P1840102-1152x1536.jpg 1152w, https:\/\/liceum.kard.hlonda.pl\/wp-content\/uploads\/2021\/09\/P1840102-1536x2048.jpg 1536w, https:\/\/liceum.kard.hlonda.pl\/wp-content\/uploads\/2021\/09\/P1840102-263x350.jpg 263w, https:\/\/liceum.kard.hlonda.pl\/wp-content\/uploads\/2021\/09\/P1840102.jpg 1800w\" sizes=\"auto, (max-width: 225px) 100vw, 225px\" \/><\/a>\n\t\t\t<\/div><\/figure><figure class='gallery-item'>\n\t\t\t<div class='gallery-icon landscape'>\n\t\t\t\t<a href='https:\/\/liceum.kard.hlonda.pl\/index.php\/2021\/09\/01\/inauguracja-roku-szkolnego-2021-2022\/p1840078\/'><img loading=\"lazy\" decoding=\"async\" width=\"300\" height=\"225\" src=\"https:\/\/liceum.kard.hlonda.pl\/wp-content\/uploads\/2021\/09\/P1840078-300x225.jpg\" class=\"attachment-medium size-medium\" alt=\"\" srcset=\"https:\/\/liceum.kard.hlonda.pl\/wp-content\/uploads\/2021\/09\/P1840078-300x225.jpg 300w, https:\/\/liceum.kard.hlonda.pl\/wp-content\/uploads\/2021\/09\/P1840078-467x350.jpg 467w, https:\/\/liceum.kard.hlonda.pl\/wp-content\/uploads\/2021\/09\/P1840078.jpg 675w\" sizes=\"auto, (max-width: 300px) 100vw, 300px\" \/><\/a>\n\t\t\t<\/div><\/figure><figure class='gallery-item'>\n\t\t\t<div class='gallery-icon landscape'>\n\t\t\t\t<a href='https:\/\/liceum.kard.hlonda.pl\/index.php\/2021\/09\/01\/inauguracja-roku-szkolnego-2021-2022\/p1840080\/'><img loading=\"lazy\" decoding=\"async\" width=\"300\" height=\"225\" src=\"https:\/\/liceum.kard.hlonda.pl\/wp-content\/uploads\/2021\/09\/P1840080-300x225.jpg\" class=\"attachment-medium size-medium\" alt=\"\" srcset=\"https:\/\/liceum.kard.hlonda.pl\/wp-content\/uploads\/2021\/09\/P1840080-300x225.jpg 300w, https:\/\/liceum.kard.hlonda.pl\/wp-content\/uploads\/2021\/09\/P1840080-467x350.jpg 467w, https:\/\/liceum.kard.hlonda.pl\/wp-content\/uploads\/2021\/09\/P1840080.jpg 675w\" sizes=\"auto, (max-width: 300px) 100vw, 300px\" \/><\/a>\n\t\t\t<\/div><\/figure><figure class='gallery-item'>\n\t\t\t<div class='gallery-icon portrait'>\n\t\t\t\t<a href='https:\/\/liceum.kard.hlonda.pl\/index.php\/2021\/09\/01\/inauguracja-roku-szkolnego-2021-2022\/p1840083\/'><img loading=\"lazy\" decoding=\"async\" width=\"225\" height=\"300\" src=\"https:\/\/liceum.kard.hlonda.pl\/wp-content\/uploads\/2021\/09\/P1840083-225x300.jpg\" class=\"attachment-medium size-medium\" alt=\"\" srcset=\"https:\/\/liceum.kard.hlonda.pl\/wp-content\/uploads\/2021\/09\/P1840083-225x300.jpg 225w, https:\/\/liceum.kard.hlonda.pl\/wp-content\/uploads\/2021\/09\/P1840083-263x350.jpg 263w, https:\/\/liceum.kard.hlonda.pl\/wp-content\/uploads\/2021\/09\/P1840083.jpg 675w\" sizes=\"auto, (max-width: 225px) 100vw, 225px\" \/><\/a>\n\t\t\t<\/div><\/figure><figure class='gallery-item'>\n\t\t\t<div class='gallery-icon landscape'>\n\t\t\t\t<a href='https:\/\/liceum.kard.hlonda.pl\/index.php\/2021\/09\/01\/inauguracja-roku-szkolnego-2021-2022\/p1840085\/'><img loading=\"lazy\" decoding=\"async\" width=\"300\" height=\"225\" src=\"https:\/\/liceum.kard.hlonda.pl\/wp-content\/uploads\/2021\/09\/P1840085-300x225.jpg\" class=\"attachment-medium size-medium\" alt=\"\" srcset=\"https:\/\/liceum.kard.hlonda.pl\/wp-content\/uploads\/2021\/09\/P1840085-300x225.jpg 300w, https:\/\/liceum.kard.hlonda.pl\/wp-content\/uploads\/2021\/09\/P1840085-467x350.jpg 467w, https:\/\/liceum.kard.hlonda.pl\/wp-content\/uploads\/2021\/09\/P1840085.jpg 675w\" sizes=\"auto, (max-width: 300px) 100vw, 300px\" \/><\/a>\n\t\t\t<\/div><\/figure><figure class='gallery-item'>\n\t\t\t<div class='gallery-icon landscape'>\n\t\t\t\t<a href='https:\/\/liceum.kard.hlonda.pl\/index.php\/2021\/09\/01\/inauguracja-roku-szkolnego-2021-2022\/p1840086\/'><img loading=\"lazy\" decoding=\"async\" width=\"300\" height=\"225\" src=\"https:\/\/liceum.kard.hlonda.pl\/wp-content\/uploads\/2021\/09\/P1840086-300x225.jpg\" class=\"attachment-medium size-medium\" alt=\"\" srcset=\"https:\/\/liceum.kard.hlonda.pl\/wp-content\/uploads\/2021\/09\/P1840086-300x225.jpg 300w, https:\/\/liceum.kard.hlonda.pl\/wp-content\/uploads\/2021\/09\/P1840086-467x350.jpg 467w, https:\/\/liceum.kard.hlonda.pl\/wp-content\/uploads\/2021\/09\/P1840086.jpg 675w\" sizes=\"auto, (max-width: 300px) 100vw, 300px\" \/><\/a>\n\t\t\t<\/div><\/figure><figure class='gallery-item'>\n\t\t\t<div class='gallery-icon landscape'>\n\t\t\t\t<a href='https:\/\/liceum.kard.hlonda.pl\/index.php\/2021\/09\/01\/inauguracja-roku-szkolnego-2021-2022\/p1840087\/'><img loading=\"lazy\" decoding=\"async\" width=\"300\" height=\"225\" src=\"https:\/\/liceum.kard.hlonda.pl\/wp-content\/uploads\/2021\/09\/P1840087-300x225.jpg\" class=\"attachment-medium size-medium\" alt=\"\" srcset=\"https:\/\/liceum.kard.hlonda.pl\/wp-content\/uploads\/2021\/09\/P1840087-300x225.jpg 300w, https:\/\/liceum.kard.hlonda.pl\/wp-content\/uploads\/2021\/09\/P1840087-467x350.jpg 467w, https:\/\/liceum.kard.hlonda.pl\/wp-content\/uploads\/2021\/09\/P1840087.jpg 675w\" sizes=\"auto, (max-width: 300px) 100vw, 300px\" \/><\/a>\n\t\t\t<\/div><\/figure><figure class='gallery-item'>\n\t\t\t<div class='gallery-icon landscape'>\n\t\t\t\t<a href='https:\/\/liceum.kard.hlonda.pl\/index.php\/2021\/09\/01\/inauguracja-roku-szkolnego-2021-2022\/p1840088\/'><img loading=\"lazy\" decoding=\"async\" width=\"300\" height=\"225\" src=\"https:\/\/liceum.kard.hlonda.pl\/wp-content\/uploads\/2021\/09\/P1840088-300x225.jpg\" class=\"attachment-medium size-medium\" alt=\"\" srcset=\"https:\/\/liceum.kard.hlonda.pl\/wp-content\/uploads\/2021\/09\/P1840088-300x225.jpg 300w, https:\/\/liceum.kard.hlonda.pl\/wp-content\/uploads\/2021\/09\/P1840088-467x350.jpg 467w, https:\/\/liceum.kard.hlonda.pl\/wp-content\/uploads\/2021\/09\/P1840088.jpg 675w\" sizes=\"auto, (max-width: 300px) 100vw, 300px\" \/><\/a>\n\t\t\t<\/div><\/figure><figure class='gallery-item'>\n\t\t\t<div class='gallery-icon landscape'>\n\t\t\t\t<a href='https:\/\/liceum.kard.hlonda.pl\/index.php\/2021\/09\/01\/inauguracja-roku-szkolnego-2021-2022\/p1840089\/'><img loading=\"lazy\" decoding=\"async\" width=\"300\" height=\"225\" src=\"https:\/\/liceum.kard.hlonda.pl\/wp-content\/uploads\/2021\/09\/P1840089-300x225.jpg\" class=\"attachment-medium size-medium\" alt=\"\" srcset=\"https:\/\/liceum.kard.hlonda.pl\/wp-content\/uploads\/2021\/09\/P1840089-300x225.jpg 300w, https:\/\/liceum.kard.hlonda.pl\/wp-content\/uploads\/2021\/09\/P1840089-467x350.jpg 467w, https:\/\/liceum.kard.hlonda.pl\/wp-content\/uploads\/2021\/09\/P1840089.jpg 675w\" sizes=\"auto, (max-width: 300px) 100vw, 300px\" \/><\/a>\n\t\t\t<\/div><\/figure><figure class='gallery-item'>\n\t\t\t<div class='gallery-icon portrait'>\n\t\t\t\t<a href='https:\/\/liceum.kard.hlonda.pl\/index.php\/2021\/09\/01\/inauguracja-roku-szkolnego-2021-2022\/p1840090\/'><img loading=\"lazy\" decoding=\"async\" width=\"225\" height=\"300\" src=\"https:\/\/liceum.kard.hlonda.pl\/wp-content\/uploads\/2021\/09\/P1840090-225x300.jpg\" class=\"attachment-medium size-medium\" alt=\"\" srcset=\"https:\/\/liceum.kard.hlonda.pl\/wp-content\/uploads\/2021\/09\/P1840090-225x300.jpg 225w, https:\/\/liceum.kard.hlonda.pl\/wp-content\/uploads\/2021\/09\/P1840090-263x350.jpg 263w, https:\/\/liceum.kard.hlonda.pl\/wp-content\/uploads\/2021\/09\/P1840090.jpg 675w\" sizes=\"auto, (max-width: 225px) 100vw, 225px\" \/><\/a>\n\t\t\t<\/div><\/figure><figure class='gallery-item'>\n\t\t\t<div class='gallery-icon portrait'>\n\t\t\t\t<a href='https:\/\/liceum.kard.hlonda.pl\/index.php\/2021\/09\/01\/inauguracja-roku-szkolnego-2021-2022\/p1840092\/'><img loading=\"lazy\" decoding=\"async\" width=\"225\" height=\"300\" src=\"https:\/\/liceum.kard.hlonda.pl\/wp-content\/uploads\/2021\/09\/P1840092-225x300.jpg\" class=\"attachment-medium size-medium\" alt=\"\" srcset=\"https:\/\/liceum.kard.hlonda.pl\/wp-content\/uploads\/2021\/09\/P1840092-225x300.jpg 225w, https:\/\/liceum.kard.hlonda.pl\/wp-content\/uploads\/2021\/09\/P1840092-263x350.jpg 263w, https:\/\/liceum.kard.hlonda.pl\/wp-content\/uploads\/2021\/09\/P1840092.jpg 675w\" sizes=\"auto, (max-width: 225px) 100vw, 225px\" \/><\/a>\n\t\t\t<\/div><\/figure><figure class='gallery-item'>\n\t\t\t<div class='gallery-icon landscape'>\n\t\t\t\t<a href='https:\/\/liceum.kard.hlonda.pl\/index.php\/2021\/09\/01\/inauguracja-roku-szkolnego-2021-2022\/p1840094\/'><img loading=\"lazy\" decoding=\"async\" width=\"300\" height=\"225\" src=\"https:\/\/liceum.kard.hlonda.pl\/wp-content\/uploads\/2021\/09\/P1840094-300x225.jpg\" class=\"attachment-medium size-medium\" alt=\"\" srcset=\"https:\/\/liceum.kard.hlonda.pl\/wp-content\/uploads\/2021\/09\/P1840094-300x225.jpg 300w, https:\/\/liceum.kard.hlonda.pl\/wp-content\/uploads\/2021\/09\/P1840094-467x350.jpg 467w, https:\/\/liceum.kard.hlonda.pl\/wp-content\/uploads\/2021\/09\/P1840094.jpg 675w\" sizes=\"auto, (max-width: 300px) 100vw, 300px\" \/><\/a>\n\t\t\t<\/div><\/figure><figure class='gallery-item'>\n\t\t\t<div class='gallery-icon landscape'>\n\t\t\t\t<a href='https:\/\/liceum.kard.hlonda.pl\/index.php\/2021\/09\/01\/inauguracja-roku-szkolnego-2021-2022\/p1840097\/'><img loading=\"lazy\" decoding=\"async\" width=\"300\" height=\"225\" src=\"https:\/\/liceum.kard.hlonda.pl\/wp-content\/uploads\/2021\/09\/P1840097-300x225.jpg\" class=\"attachment-medium size-medium\" alt=\"\" srcset=\"https:\/\/liceum.kard.hlonda.pl\/wp-content\/uploads\/2021\/09\/P1840097-300x225.jpg 300w, https:\/\/liceum.kard.hlonda.pl\/wp-content\/uploads\/2021\/09\/P1840097-467x350.jpg 467w, https:\/\/liceum.kard.hlonda.pl\/wp-content\/uploads\/2021\/09\/P1840097.jpg 675w\" sizes=\"auto, (max-width: 300px) 100vw, 300px\" \/><\/a>\n\t\t\t<\/div><\/figure><figure class='gallery-item'>\n\t\t\t<div class='gallery-icon portrait'>\n\t\t\t\t<a href='https:\/\/liceum.kard.hlonda.pl\/index.php\/2021\/09\/01\/inauguracja-roku-szkolnego-2021-2022\/p1840101\/'><img loading=\"lazy\" decoding=\"async\" width=\"225\" height=\"300\" src=\"https:\/\/liceum.kard.hlonda.pl\/wp-content\/uploads\/2021\/09\/P1840101-225x300.jpg\" class=\"attachment-medium size-medium\" alt=\"\" srcset=\"https:\/\/liceum.kard.hlonda.pl\/wp-content\/uploads\/2021\/09\/P1840101-225x300.jpg 225w, https:\/\/liceum.kard.hlonda.pl\/wp-content\/uploads\/2021\/09\/P1840101-263x350.jpg 263w, https:\/\/liceum.kard.hlonda.pl\/wp-content\/uploads\/2021\/09\/P1840101.jpg 675w\" sizes=\"auto, (max-width: 225px) 100vw, 225px\" \/><\/a>\n\t\t\t<\/div><\/figure><figure class='gallery-item'>\n\t\t\t<div class='gallery-icon portrait'>\n\t\t\t\t<a href='https:\/\/liceum.kard.hlonda.pl\/index.php\/2021\/09\/01\/inauguracja-roku-szkolnego-2021-2022\/p1840102-2\/'><img loading=\"lazy\" decoding=\"async\" width=\"225\" height=\"300\" src=\"https:\/\/liceum.kard.hlonda.pl\/wp-content\/uploads\/2021\/09\/P1840102-1-225x300.jpg\" class=\"attachment-medium size-medium\" alt=\"\" srcset=\"https:\/\/liceum.kard.hlonda.pl\/wp-content\/uploads\/2021\/09\/P1840102-1-225x300.jpg 225w, https:\/\/liceum.kard.hlonda.pl\/wp-content\/uploads\/2021\/09\/P1840102-1-263x350.jpg 263w, https:\/\/liceum.kard.hlonda.pl\/wp-content\/uploads\/2021\/09\/P1840102-1.jpg 675w\" sizes=\"auto, (max-width: 225px) 100vw, 225px\" \/><\/a>\n\t\t\t<\/div><\/figure><figure class='gallery-item'>\n\t\t\t<div class='gallery-icon portrait'>\n\t\t\t\t<a href='https:\/\/liceum.kard.hlonda.pl\/index.php\/2021\/09\/01\/inauguracja-roku-szkolnego-2021-2022\/p1840105-2\/'><img loading=\"lazy\" decoding=\"async\" width=\"225\" height=\"300\" src=\"https:\/\/liceum.kard.hlonda.pl\/wp-content\/uploads\/2021\/09\/P1840105-1-225x300.jpg\" class=\"attachment-medium size-medium\" alt=\"\" srcset=\"https:\/\/liceum.kard.hlonda.pl\/wp-content\/uploads\/2021\/09\/P1840105-1-225x300.jpg 225w, https:\/\/liceum.kard.hlonda.pl\/wp-content\/uploads\/2021\/09\/P1840105-1-263x350.jpg 263w, https:\/\/liceum.kard.hlonda.pl\/wp-content\/uploads\/2021\/09\/P1840105-1.jpg 675w\" sizes=\"auto, (max-width: 225px) 100vw, 225px\" \/><\/a>\n\t\t\t<\/div><\/figure><figure class='gallery-item'>\n\t\t\t<div class='gallery-icon landscape'>\n\t\t\t\t<a href='https:\/\/liceum.kard.hlonda.pl\/index.php\/2021\/09\/01\/inauguracja-roku-szkolnego-2021-2022\/p1840106-2\/'><img loading=\"lazy\" decoding=\"async\" width=\"300\" height=\"168\" src=\"https:\/\/liceum.kard.hlonda.pl\/wp-content\/uploads\/2021\/09\/P1840106-1-300x168.jpg\" class=\"attachment-medium size-medium\" alt=\"\" srcset=\"https:\/\/liceum.kard.hlonda.pl\/wp-content\/uploads\/2021\/09\/P1840106-1-300x168.jpg 300w, https:\/\/liceum.kard.hlonda.pl\/wp-content\/uploads\/2021\/09\/P1840106-1-621x350.jpg 621w, https:\/\/liceum.kard.hlonda.pl\/wp-content\/uploads\/2021\/09\/P1840106-1.jpg 675w\" sizes=\"auto, (max-width: 300px) 100vw, 300px\" \/><\/a>\n\t\t\t<\/div><\/figure><figure class='gallery-item'>\n\t\t\t<div class='gallery-icon landscape'>\n\t\t\t\t<a href='https:\/\/liceum.kard.hlonda.pl\/index.php\/2021\/09\/01\/inauguracja-roku-szkolnego-2021-2022\/p1840110-2\/'><img loading=\"lazy\" decoding=\"async\" width=\"300\" height=\"225\" src=\"https:\/\/liceum.kard.hlonda.pl\/wp-content\/uploads\/2021\/09\/P1840110-1-300x225.jpg\" class=\"attachment-medium size-medium\" alt=\"\" srcset=\"https:\/\/liceum.kard.hlonda.pl\/wp-content\/uploads\/2021\/09\/P1840110-1-300x225.jpg 300w, https:\/\/liceum.kard.hlonda.pl\/wp-content\/uploads\/2021\/09\/P1840110-1-467x350.jpg 467w, https:\/\/liceum.kard.hlonda.pl\/wp-content\/uploads\/2021\/09\/P1840110-1.jpg 675w\" sizes=\"auto, (max-width: 300px) 100vw, 300px\" \/><\/a>\n\t\t\t<\/div><\/figure><figure class='gallery-item'>\n\t\t\t<div class='gallery-icon landscape'>\n\t\t\t\t<a href='https:\/\/liceum.kard.hlonda.pl\/index.php\/2021\/09\/01\/inauguracja-roku-szkolnego-2021-2022\/zrzut-ekranu-2032\/'><img loading=\"lazy\" decoding=\"async\" width=\"300\" height=\"176\" src=\"https:\/\/liceum.kard.hlonda.pl\/wp-content\/uploads\/2021\/09\/Zrzut-ekranu-2032-300x176.png\" class=\"attachment-medium size-medium\" alt=\"\" srcset=\"https:\/\/liceum.kard.hlonda.pl\/wp-content\/uploads\/2021\/09\/Zrzut-ekranu-2032-300x176.png 300w, https:\/\/liceum.kard.hlonda.pl\/wp-content\/uploads\/2021\/09\/Zrzut-ekranu-2032-595x350.png 595w, https:\/\/liceum.kard.hlonda.pl\/wp-content\/uploads\/2021\/09\/Zrzut-ekranu-2032.png 675w\" sizes=\"auto, (max-width: 300px) 100vw, 300px\" \/><\/a>\n\t\t\t<\/div><\/figure><figure class='gallery-item'>\n\t\t\t<div class='gallery-icon landscape'>\n\t\t\t\t<a href='https:\/\/liceum.kard.hlonda.pl\/index.php\/2021\/09\/01\/inauguracja-roku-szkolnego-2021-2022\/zrzut-ekranu-2034\/'><img loading=\"lazy\" decoding=\"async\" width=\"300\" height=\"176\" src=\"https:\/\/liceum.kard.hlonda.pl\/wp-content\/uploads\/2021\/09\/Zrzut-ekranu-2034-300x176.png\" class=\"attachment-medium size-medium\" alt=\"\" srcset=\"https:\/\/liceum.kard.hlonda.pl\/wp-content\/uploads\/2021\/09\/Zrzut-ekranu-2034-300x176.png 300w, https:\/\/liceum.kard.hlonda.pl\/wp-content\/uploads\/2021\/09\/Zrzut-ekranu-2034-598x350.png 598w, https:\/\/liceum.kard.hlonda.pl\/wp-content\/uploads\/2021\/09\/Zrzut-ekranu-2034.png 675w\" sizes=\"auto, (max-width: 300px) 100vw, 300px\" \/><\/a>\n\t\t\t<\/div><\/figure>\n\t\t<\/div>\n\n","protected":false},"excerpt":{"rendered":"<p>Pami\u0119tamy jeszcze bardzo dobrze pi\u0119kne chwile wakacji: szum morza, pi\u0119kne widoki na g\u00f3rskich szlakach, a tu ju\u017c 1 wrze\u015bnia i trzeba wraca\u0107 do codziennych obowi\u0105zk\u00f3w! Jest to na pewno trudne, ale te\u017c daje wiele rado\u015bci, bo m\u0142odzi ludzie mog\u0105 si\u0119 ponownie spotka\u0107 ze swoimi kole\u017cankami i kolegami. Poniewa\u017c, jak m\u00f3wili &hellip;<\/p>\n","protected":false},"author":1,"featured_media":1122,"comment_status":"closed","ping_status":"closed","sticky":false,"template":"","format":"standard","meta":{"footnotes":""},"categories":[1],"tags":[],"class_list":["post-1092","post","type-post","status-publish","format-standard","has-post-thumbnail","hentry","category-bez-kategorii"],"_links":{"self":[{"href":"https:\/\/liceum.kard.hlonda.pl\/index.php\/wp-json\/wp\/v2\/posts\/1092","targetHints":{"allow":["GET"]}}],"collection":[{"href":"https:\/\/liceum.kard.hlonda.pl\/index.php\/wp-json\/wp\/v2\/posts"}],"about":[{"href":"https:\/\/liceum.kard.hlonda.pl\/index.php\/wp-json\/wp\/v2\/types\/post"}],"author":[{"embeddable":true,"href":"https:\/\/liceum.kard.hlonda.pl\/index.php\/wp-json\/wp\/v2\/users\/1"}],"replies":[{"embeddable":true,"href":"https:\/\/liceum.kard.hlonda.pl\/index.php\/wp-json\/wp\/v2\/comments?post=1092"}],"version-history":[{"count":2,"href":"https:\/\/liceum.kard.hlonda.pl\/index.php\/wp-json\/wp\/v2\/posts\/1092\/revisions"}],"predecessor-version":[{"id":1133,"href":"https:\/\/liceum.kard.hlonda.pl\/index.php\/wp-json\/wp\/v2\/posts\/1092\/revisions\/1133"}],"wp:featuredmedia":[{"embeddable":true,"href":"https:\/\/liceum.kard.hlonda.pl\/index.php\/wp-json\/wp\/v2\/media\/1122"}],"wp:attachment":[{"href":"https:\/\/liceum.kard.hlonda.pl\/index.php\/wp-json\/wp\/v2\/media?parent=1092"}],"wp:term":[{"taxonomy":"category","embeddable":true,"href":"https:\/\/liceum.kard.hlonda.pl\/index.php\/wp-json\/wp\/v2\/categories?post=1092"},{"taxonomy":"post_tag","embeddable":true,"href":"https:\/\/liceum.kard.hlonda.pl\/index.php\/wp-json\/wp\/v2\/tags?post=1092"}],"curies":[{"name":"wp","href":"https:\/\/api.w.org\/{rel}","templated":true}]}}