{"id":1134,"date":"2021-09-06T20:54:58","date_gmt":"2021-09-06T18:54:58","guid":{"rendered":"http:\/\/liceum.kard.hlonda.pl\/?p=1134"},"modified":"2021-09-07T18:51:52","modified_gmt":"2021-09-07T16:51:52","slug":"komunikat-zebranie-z-rodzicami","status":"publish","type":"post","link":"https:\/\/liceum.kard.hlonda.pl\/index.php\/2021\/09\/06\/komunikat-zebranie-z-rodzicami\/","title":{"rendered":"KOMUNIKAT &#8211; ZEBRANIE Z RODZICAMI"},"content":{"rendered":"<h4 style=\"text-align: center;\">08.09.2021 r. o godz. 18.00 odb\u0119dzie si\u0119 zebranie z rodzicami uczni\u00f3w<br \/>\n<strong>Liceum Og\u00f3lnokszta\u0142c\u0105cego <\/strong><\/h4>\n<ul>\n<li style=\"list-style-type: none;\">\n<ul>\n<li style=\"text-align: left;\">klasa 1 &#8211; sala nr 23<\/li>\n<li style=\"text-align: left;\">klasa 2 &#8211; sala nr 20<\/li>\n<li style=\"text-align: left;\">klasa 3p &#8211; sala nr 22<\/li>\n<li style=\"text-align: left;\">klasa 3g &#8211; sala nr 18<\/li>\n<\/ul>\n<\/li>\n<\/ul>\n<p style=\"text-align: center;\"><strong>ok. godz. 19.30 zebranie Rady Rodzic\u00f3w z Dyrektorem w sali nr 12.<\/strong><\/p>\n<p>&nbsp;<\/p>\n","protected":false},"excerpt":{"rendered":"<p>08.09.2021 r. o godz. 18.00 odb\u0119dzie si\u0119 zebranie z rodzicami uczni\u00f3w Liceum Og\u00f3lnokszta\u0142c\u0105cego klasa 1 &#8211; sala nr 23 klasa 2 &#8211; sala nr 20 klasa 3p &#8211; sala nr 22 klasa 3g &#8211; sala nr 18 ok. godz. 19.30 zebranie Rady Rodzic\u00f3w z Dyrektorem w sali nr 12. &nbsp;<\/p>\n","protected":false},"author":1,"featured_media":0,"comment_status":"closed","ping_status":"closed","sticky":false,"template":"","format":"standard","meta":{"footnotes":""},"categories":[1],"tags":[],"class_list":["post-1134","post","type-post","status-publish","format-standard","hentry","category-bez-kategorii"],"_links":{"self":[{"href":"https:\/\/liceum.kard.hlonda.pl\/index.php\/wp-json\/wp\/v2\/posts\/1134","targetHints":{"allow":["GET"]}}],"collection":[{"href":"https:\/\/liceum.kard.hlonda.pl\/index.php\/wp-json\/wp\/v2\/posts"}],"about":[{"href":"https:\/\/liceum.kard.hlonda.pl\/index.php\/wp-json\/wp\/v2\/types\/post"}],"author":[{"embeddable":true,"href":"https:\/\/liceum.kard.hlonda.pl\/index.php\/wp-json\/wp\/v2\/users\/1"}],"replies":[{"embeddable":true,"href":"https:\/\/liceum.kard.hlonda.pl\/index.php\/wp-json\/wp\/v2\/comments?post=1134"}],"version-history":[{"count":2,"href":"https:\/\/liceum.kard.hlonda.pl\/index.php\/wp-json\/wp\/v2\/posts\/1134\/revisions"}],"predecessor-version":[{"id":1136,"href":"https:\/\/liceum.kard.hlonda.pl\/index.php\/wp-json\/wp\/v2\/posts\/1134\/revisions\/1136"}],"wp:attachment":[{"href":"https:\/\/liceum.kard.hlonda.pl\/index.php\/wp-json\/wp\/v2\/media?parent=1134"}],"wp:term":[{"taxonomy":"category","embeddable":true,"href":"https:\/\/liceum.kard.hlonda.pl\/index.php\/wp-json\/wp\/v2\/categories?post=1134"},{"taxonomy":"post_tag","embeddable":true,"href":"https:\/\/liceum.kard.hlonda.pl\/index.php\/wp-json\/wp\/v2\/tags?post=1134"}],"curies":[{"name":"wp","href":"https:\/\/api.w.org\/{rel}","templated":true}]}}