{"id":1144,"date":"2021-09-18T21:48:29","date_gmt":"2021-09-18T19:48:29","guid":{"rendered":"http:\/\/liceum.kard.hlonda.pl\/?p=1144"},"modified":"2021-09-18T21:48:29","modified_gmt":"2021-09-18T19:48:29","slug":"imieniny-abp-stanislawa-gadeckiego","status":"publish","type":"post","link":"https:\/\/liceum.kard.hlonda.pl\/index.php\/2021\/09\/18\/imieniny-abp-stanislawa-gadeckiego\/","title":{"rendered":"Imieniny abp. Stanis\u0142awa G\u0105deckiego"},"content":{"rendered":"<p style=\"text-align: justify;\">W dniu 18.09 delegacja naszych szk\u00f3\u0142 uczestniczy\u0142a w uroczysto\u015bci \u015bwi\u0119towania imienin abp. Stanis\u0142awa G\u0105deckiego. W czasie Mszy \u015awi\u0119tej modlili\u015bmy si\u0119 w intencjach dostojnego Solenizanta polecaj\u0105c Go Bo\u017cej opiece. Homili\u0119 wyg\u0142osi\u0142 ks. bp Szymon Stu\u0142kowski, biskup pomocniczy. W czasie kazania wskaza\u0142 na fundamentalne zadanie umacniania wiary w\u015br\u00f3d m\u0142odego pokolenia. W tym arcywa\u017cnym zadaniu nieoceniona rola przypada szkole. Biskup Szymon przypomnia\u0142 posta\u0107 \u015bw. Stanis\u0142awa Kostki bohatera wiary, kt\u00f3ry cyt: szed\u0142 1500 km bez but\u00f3w trekkingowych i odzie\u017cy termoaktywnej aby dotrze\u0107 do Rzymu, miasta w kt\u00f3rym spe\u0142ni\u0142o si\u0119 jego marzenie o byciu zakonnikiem. Na zako\u0144czenie Mszy \u015awi\u0119tej delegacja naszej szko\u0142y otrzyma\u0142a uroczyste b\u0142ogos\u0142awie\u0144stwo od Metropolity Pozna\u0144skiego oraz zaproszenie na imieninowy pocz\u0119stunek. Dalsze \u015bwi\u0119towanie mia\u0142o miejsce na terenie pozna\u0144skiego Seminarium. Uczniowie naszych szk\u00f3\u0142 z Pani\u0105 Dyrektor na czele wr\u0119czyli ks. Arcybiskupowi kwiaty oraz \u017cyczyli Bo\u017cych Dar\u00f3w i \u0141ask. Po s\u0142odkim pocz\u0119stunku wszyscy otrzymali jeszcze ksi\u0105\u017ckowy prezent.<\/p>\n<div id='gallery-1' class='gallery galleryid-1144 gallery-columns-3 gallery-size-medium'><figure class='gallery-item'>\n\t\t\t<div class='gallery-icon landscape'>\n\t\t\t\t<a href='https:\/\/liceum.kard.hlonda.pl\/index.php\/2021\/09\/18\/imieniny-abp-stanislawa-gadeckiego\/imieniny-abp-stanislawa-gadeckiego-1\/'><img loading=\"lazy\" decoding=\"async\" width=\"300\" height=\"225\" src=\"https:\/\/liceum.kard.hlonda.pl\/wp-content\/uploads\/2021\/09\/Imieniny-abp.-Stanislawa-Gadeckiego-1-300x225.jpg\" class=\"attachment-medium size-medium\" alt=\"\" srcset=\"https:\/\/liceum.kard.hlonda.pl\/wp-content\/uploads\/2021\/09\/Imieniny-abp.-Stanislawa-Gadeckiego-1-300x225.jpg 300w, https:\/\/liceum.kard.hlonda.pl\/wp-content\/uploads\/2021\/09\/Imieniny-abp.-Stanislawa-Gadeckiego-1-467x350.jpg 467w, https:\/\/liceum.kard.hlonda.pl\/wp-content\/uploads\/2021\/09\/Imieniny-abp.-Stanislawa-Gadeckiego-1.jpg 640w\" sizes=\"auto, (max-width: 300px) 100vw, 300px\" \/><\/a>\n\t\t\t<\/div><\/figure><figure class='gallery-item'>\n\t\t\t<div class='gallery-icon landscape'>\n\t\t\t\t<a href='https:\/\/liceum.kard.hlonda.pl\/index.php\/2021\/09\/18\/imieniny-abp-stanislawa-gadeckiego\/imieniny-abp-stanislawa-gadeckiego-2\/'><img loading=\"lazy\" decoding=\"async\" width=\"300\" height=\"216\" src=\"https:\/\/liceum.kard.hlonda.pl\/wp-content\/uploads\/2021\/09\/Imieniny-abp.-Stanislawa-Gadeckiego-2-300x216.jpg\" class=\"attachment-medium size-medium\" alt=\"\" srcset=\"https:\/\/liceum.kard.hlonda.pl\/wp-content\/uploads\/2021\/09\/Imieniny-abp.-Stanislawa-Gadeckiego-2-300x216.jpg 300w, https:\/\/liceum.kard.hlonda.pl\/wp-content\/uploads\/2021\/09\/Imieniny-abp.-Stanislawa-Gadeckiego-2-486x350.jpg 486w, https:\/\/liceum.kard.hlonda.pl\/wp-content\/uploads\/2021\/09\/Imieniny-abp.-Stanislawa-Gadeckiego-2.jpg 640w\" sizes=\"auto, (max-width: 300px) 100vw, 300px\" \/><\/a>\n\t\t\t<\/div><\/figure><figure class='gallery-item'>\n\t\t\t<div class='gallery-icon landscape'>\n\t\t\t\t<a href='https:\/\/liceum.kard.hlonda.pl\/index.php\/2021\/09\/18\/imieniny-abp-stanislawa-gadeckiego\/imieniny-abp-stanislawa-gadeckiego-3\/'><img loading=\"lazy\" decoding=\"async\" width=\"300\" height=\"225\" src=\"https:\/\/liceum.kard.hlonda.pl\/wp-content\/uploads\/2021\/09\/Imieniny-abp.-Stanislawa-Gadeckiego-3-300x225.jpg\" class=\"attachment-medium size-medium\" alt=\"\" srcset=\"https:\/\/liceum.kard.hlonda.pl\/wp-content\/uploads\/2021\/09\/Imieniny-abp.-Stanislawa-Gadeckiego-3-300x225.jpg 300w, https:\/\/liceum.kard.hlonda.pl\/wp-content\/uploads\/2021\/09\/Imieniny-abp.-Stanislawa-Gadeckiego-3-467x350.jpg 467w, https:\/\/liceum.kard.hlonda.pl\/wp-content\/uploads\/2021\/09\/Imieniny-abp.-Stanislawa-Gadeckiego-3.jpg 640w\" sizes=\"auto, (max-width: 300px) 100vw, 300px\" \/><\/a>\n\t\t\t<\/div><\/figure><figure class='gallery-item'>\n\t\t\t<div class='gallery-icon landscape'>\n\t\t\t\t<a href='https:\/\/liceum.kard.hlonda.pl\/index.php\/2021\/09\/18\/imieniny-abp-stanislawa-gadeckiego\/imieniny-abp-stanislawa-gadeckiego-4\/'><img loading=\"lazy\" decoding=\"async\" width=\"300\" height=\"214\" src=\"https:\/\/liceum.kard.hlonda.pl\/wp-content\/uploads\/2021\/09\/Imieniny-abp.-Stanislawa-Gadeckiego-4-300x214.jpg\" class=\"attachment-medium size-medium\" alt=\"\" srcset=\"https:\/\/liceum.kard.hlonda.pl\/wp-content\/uploads\/2021\/09\/Imieniny-abp.-Stanislawa-Gadeckiego-4-300x214.jpg 300w, https:\/\/liceum.kard.hlonda.pl\/wp-content\/uploads\/2021\/09\/Imieniny-abp.-Stanislawa-Gadeckiego-4-490x350.jpg 490w, https:\/\/liceum.kard.hlonda.pl\/wp-content\/uploads\/2021\/09\/Imieniny-abp.-Stanislawa-Gadeckiego-4.jpg 640w\" sizes=\"auto, (max-width: 300px) 100vw, 300px\" \/><\/a>\n\t\t\t<\/div><\/figure><figure class='gallery-item'>\n\t\t\t<div class='gallery-icon landscape'>\n\t\t\t\t<a href='https:\/\/liceum.kard.hlonda.pl\/index.php\/2021\/09\/18\/imieniny-abp-stanislawa-gadeckiego\/imieniny-abp-stanislawa-gadeckiego-5\/'><img loading=\"lazy\" decoding=\"async\" width=\"300\" height=\"225\" src=\"https:\/\/liceum.kard.hlonda.pl\/wp-content\/uploads\/2021\/09\/Imieniny-abp.-Stanislawa-Gadeckiego-5-300x225.jpg\" class=\"attachment-medium size-medium\" alt=\"\" srcset=\"https:\/\/liceum.kard.hlonda.pl\/wp-content\/uploads\/2021\/09\/Imieniny-abp.-Stanislawa-Gadeckiego-5-300x225.jpg 300w, https:\/\/liceum.kard.hlonda.pl\/wp-content\/uploads\/2021\/09\/Imieniny-abp.-Stanislawa-Gadeckiego-5-467x350.jpg 467w, https:\/\/liceum.kard.hlonda.pl\/wp-content\/uploads\/2021\/09\/Imieniny-abp.-Stanislawa-Gadeckiego-5.jpg 640w\" sizes=\"auto, (max-width: 300px) 100vw, 300px\" \/><\/a>\n\t\t\t<\/div><\/figure><figure class='gallery-item'>\n\t\t\t<div class='gallery-icon landscape'>\n\t\t\t\t<a href='https:\/\/liceum.kard.hlonda.pl\/index.php\/2021\/09\/18\/imieniny-abp-stanislawa-gadeckiego\/imieniny-abp-stanislawa-gadeckiego-6\/'><img loading=\"lazy\" decoding=\"async\" width=\"300\" height=\"188\" src=\"https:\/\/liceum.kard.hlonda.pl\/wp-content\/uploads\/2021\/09\/Imieniny-abp.-Stanislawa-Gadeckiego-6-300x188.jpg\" class=\"attachment-medium size-medium\" alt=\"\" srcset=\"https:\/\/liceum.kard.hlonda.pl\/wp-content\/uploads\/2021\/09\/Imieniny-abp.-Stanislawa-Gadeckiego-6-300x188.jpg 300w, https:\/\/liceum.kard.hlonda.pl\/wp-content\/uploads\/2021\/09\/Imieniny-abp.-Stanislawa-Gadeckiego-6-560x350.jpg 560w, https:\/\/liceum.kard.hlonda.pl\/wp-content\/uploads\/2021\/09\/Imieniny-abp.-Stanislawa-Gadeckiego-6.jpg 640w\" sizes=\"auto, (max-width: 300px) 100vw, 300px\" \/><\/a>\n\t\t\t<\/div><\/figure>\n\t\t<\/div>\n\n","protected":false},"excerpt":{"rendered":"<p>W dniu 18.09 delegacja naszych szk\u00f3\u0142 uczestniczy\u0142a w uroczysto\u015bci \u015bwi\u0119towania imienin abp. Stanis\u0142awa G\u0105deckiego. W czasie Mszy \u015awi\u0119tej modlili\u015bmy si\u0119 w intencjach dostojnego Solenizanta polecaj\u0105c Go Bo\u017cej opiece. Homili\u0119 wyg\u0142osi\u0142 ks. bp Szymon Stu\u0142kowski, biskup pomocniczy. W czasie kazania wskaza\u0142 na fundamentalne zadanie umacniania wiary w\u015br\u00f3d m\u0142odego pokolenia. W tym &hellip;<\/p>\n","protected":false},"author":1,"featured_media":1146,"comment_status":"closed","ping_status":"closed","sticky":false,"template":"","format":"standard","meta":{"footnotes":""},"categories":[1],"tags":[],"class_list":["post-1144","post","type-post","status-publish","format-standard","has-post-thumbnail","hentry","category-bez-kategorii"],"_links":{"self":[{"href":"https:\/\/liceum.kard.hlonda.pl\/index.php\/wp-json\/wp\/v2\/posts\/1144","targetHints":{"allow":["GET"]}}],"collection":[{"href":"https:\/\/liceum.kard.hlonda.pl\/index.php\/wp-json\/wp\/v2\/posts"}],"about":[{"href":"https:\/\/liceum.kard.hlonda.pl\/index.php\/wp-json\/wp\/v2\/types\/post"}],"author":[{"embeddable":true,"href":"https:\/\/liceum.kard.hlonda.pl\/index.php\/wp-json\/wp\/v2\/users\/1"}],"replies":[{"embeddable":true,"href":"https:\/\/liceum.kard.hlonda.pl\/index.php\/wp-json\/wp\/v2\/comments?post=1144"}],"version-history":[{"count":1,"href":"https:\/\/liceum.kard.hlonda.pl\/index.php\/wp-json\/wp\/v2\/posts\/1144\/revisions"}],"predecessor-version":[{"id":1151,"href":"https:\/\/liceum.kard.hlonda.pl\/index.php\/wp-json\/wp\/v2\/posts\/1144\/revisions\/1151"}],"wp:featuredmedia":[{"embeddable":true,"href":"https:\/\/liceum.kard.hlonda.pl\/index.php\/wp-json\/wp\/v2\/media\/1146"}],"wp:attachment":[{"href":"https:\/\/liceum.kard.hlonda.pl\/index.php\/wp-json\/wp\/v2\/media?parent=1144"}],"wp:term":[{"taxonomy":"category","embeddable":true,"href":"https:\/\/liceum.kard.hlonda.pl\/index.php\/wp-json\/wp\/v2\/categories?post=1144"},{"taxonomy":"post_tag","embeddable":true,"href":"https:\/\/liceum.kard.hlonda.pl\/index.php\/wp-json\/wp\/v2\/tags?post=1144"}],"curies":[{"name":"wp","href":"https:\/\/api.w.org\/{rel}","templated":true}]}}