{"id":118,"date":"2019-10-27T23:10:48","date_gmt":"2019-10-27T22:10:48","guid":{"rendered":"http:\/\/liceum.kard.hlonda.pl\/?p=118"},"modified":"2019-10-28T19:00:21","modified_gmt":"2019-10-28T18:00:21","slug":"71-rocznica-smierci-kardynala-augusta-hlonda","status":"publish","type":"post","link":"https:\/\/liceum.kard.hlonda.pl\/index.php\/2019\/10\/27\/71-rocznica-smierci-kardynala-augusta-hlonda\/","title":{"rendered":"71 rocznica \u015bmierci kardyna\u0142a Augusta Hlonda"},"content":{"rendered":"<p style=\"text-align: justify;\">W tym miesi\u0105cu mija ju\u017c 71 rocznica \u015bmierci wielkiego Polaka i patrioty &#8211; kardyna\u0142a Augusta Hlonda. Z tej w\u0142a\u015bnie okazji odby\u0142 si\u0119 w szkole KSW przy ulicy Mi\u0144skiej 32 uroczysty apel. Uczestniczyli w nim uczniowie naszego liceum, co dla spo\u0142eczno\u015bci, kt\u00f3ra przygotowuje si\u0119 do nadania imienia A. Hlonda, mia\u0142o szczeg\u00f3lne znaczenie.<\/p>\n<p style=\"text-align: justify;\">Na spotkaniu obecna by\u0142a Dyrekcja liceum, nauczyciele i oczywi\u015bcie m\u0142odzie\u017c. Po kr\u00f3tkim powitaniu g\u0142os zabra\u0142y uczennice klasy 1G &#8211; Martyna Witkowska, Marta Kasprzak i Joanna Romanowska, kt\u00f3re w bardzo profesjonalny spos\u00f3b przybli\u017cy\u0142y zebranym sylwetk\u0119 naszego Patrona. Nast\u0119pnie przysz\u0142a kolej na specjalnego go\u015bcia uroczysto\u015bci &#8211; ksi\u0119dza dr Paw\u0142a Jasin\u0119, chrystusowca. Pog\u0142\u0119bi\u0142 wiedz\u0119 o A. Hlondzie, szczeg\u00f3\u0142owo przedstawi\u0142 Jego drog\u0119 do kap\u0142a\u0144stwa. Poznali\u015bmy tak\u017ce kilka ciekawostek, mi\u0119dzy innymi tak\u0105, \u017ce nasz Patron mia\u0142 bardzo utalentowanego brata, artyst\u0119, kt\u00f3ry, aby odr\u00f3\u017cni\u0107 si\u0119 od reszty rodziny, zmieni\u0142 nazwisko na Chlondowski! Ksi\u0105dz kardyna\u0142 sprawowa\u0142 sw\u00f3j urz\u0105d w bardzo trudnych czasach, by\u0142 prze\u015bladowany, wi\u0119ziony, lecz okaza\u0142 si\u0119 Cz\u0142owiekiem niez\u0142omnym i nigdy nie zdradzi\u0142 narodu, s\u0142u\u017cy\u0142 mu wiernie do ko\u0144ca swoich dni. Nasz go\u015b\u0107 podkre\u015bli\u0142 tak\u017ce, \u017ce bez kardyna\u0142a A. Hlonda nie by\u0142oby mo\u017ce takich Postaci, jak kardyna\u0142 Stefan Wyszy\u0144ski, kt\u00f3rego beatyfikacja wkr\u00f3tce nast\u0105pi, czy \u015bwi\u0119ty Jan Pawe\u0142 II. Wszyscy powinni\u015bmy by\u0107 dumni z tak wielkich Polak\u00f3w i dzi\u0119kowa\u0107 za nich Bogu.\u00a0 B\u0142ogos\u0142awie\u0144stwo go\u015bcia i rozdanie m\u0142odzie\u017cy drobnych pami\u0105tek zako\u0144czy\u0142o spotkanie. Nie by\u0142 to jednak koniec uroczysto\u015bci. W godzinach popo\u0142udniowych delegacja szko\u0142y uda\u0142a si\u0119 do Gniezna na msz\u0119 \u015bwi\u0119t\u0105, celebrowan\u0105 w katedrze. My\u015bl\u0119, \u017ce by\u0142 to dzie\u0144 pe\u0142en wzrusze\u0144 i refleksji i pom\u00f3g\u0142 m\u0142odzie\u017cy jeszcze lepiej pozna\u0107 Patrona szko\u0142y.<\/p>\n<p style=\"text-align: right;\"><em>Ewa Piotrowska, polonistka w Publicznym Liceum im. A. Hlonda, ul. Mi\u0144ska 32<\/em><\/p>\n<div id='gallery-1' class='gallery galleryid-118 gallery-columns-3 gallery-size-medium'><figure class='gallery-item'>\n\t\t\t<div class='gallery-icon portrait'>\n\t\t\t\t<a href='https:\/\/liceum.kard.hlonda.pl\/index.php\/2019\/10\/27\/71-rocznica-smierci-kardynala-augusta-hlonda\/image00000011\/'><img loading=\"lazy\" decoding=\"async\" width=\"225\" height=\"300\" src=\"https:\/\/liceum.kard.hlonda.pl\/wp-content\/uploads\/2019\/10\/image00000011-225x300.jpg\" class=\"attachment-medium size-medium\" alt=\"\" srcset=\"https:\/\/liceum.kard.hlonda.pl\/wp-content\/uploads\/2019\/10\/image00000011-225x300.jpg 225w, https:\/\/liceum.kard.hlonda.pl\/wp-content\/uploads\/2019\/10\/image00000011-263x350.jpg 263w, https:\/\/liceum.kard.hlonda.pl\/wp-content\/uploads\/2019\/10\/image00000011.jpg 480w\" sizes=\"auto, (max-width: 225px) 100vw, 225px\" \/><\/a>\n\t\t\t<\/div><\/figure><figure class='gallery-item'>\n\t\t\t<div class='gallery-icon portrait'>\n\t\t\t\t<a href='https:\/\/liceum.kard.hlonda.pl\/index.php\/2019\/10\/27\/71-rocznica-smierci-kardynala-augusta-hlonda\/image00000013\/'><img loading=\"lazy\" decoding=\"async\" width=\"225\" height=\"300\" src=\"https:\/\/liceum.kard.hlonda.pl\/wp-content\/uploads\/2019\/10\/image00000013-225x300.jpg\" class=\"attachment-medium size-medium\" alt=\"\" srcset=\"https:\/\/liceum.kard.hlonda.pl\/wp-content\/uploads\/2019\/10\/image00000013-225x300.jpg 225w, https:\/\/liceum.kard.hlonda.pl\/wp-content\/uploads\/2019\/10\/image00000013-263x350.jpg 263w, https:\/\/liceum.kard.hlonda.pl\/wp-content\/uploads\/2019\/10\/image00000013.jpg 480w\" sizes=\"auto, (max-width: 225px) 100vw, 225px\" \/><\/a>\n\t\t\t<\/div><\/figure><figure class='gallery-item'>\n\t\t\t<div class='gallery-icon portrait'>\n\t\t\t\t<a href='https:\/\/liceum.kard.hlonda.pl\/index.php\/2019\/10\/27\/71-rocznica-smierci-kardynala-augusta-hlonda\/image00000012\/'><img loading=\"lazy\" decoding=\"async\" width=\"225\" height=\"300\" src=\"https:\/\/liceum.kard.hlonda.pl\/wp-content\/uploads\/2019\/10\/image00000012-225x300.jpg\" class=\"attachment-medium size-medium\" alt=\"\" srcset=\"https:\/\/liceum.kard.hlonda.pl\/wp-content\/uploads\/2019\/10\/image00000012-225x300.jpg 225w, https:\/\/liceum.kard.hlonda.pl\/wp-content\/uploads\/2019\/10\/image00000012-263x350.jpg 263w, https:\/\/liceum.kard.hlonda.pl\/wp-content\/uploads\/2019\/10\/image00000012.jpg 480w\" sizes=\"auto, (max-width: 225px) 100vw, 225px\" \/><\/a>\n\t\t\t<\/div><\/figure><figure class='gallery-item'>\n\t\t\t<div class='gallery-icon portrait'>\n\t\t\t\t<a href='https:\/\/liceum.kard.hlonda.pl\/index.php\/2019\/10\/27\/71-rocznica-smierci-kardynala-augusta-hlonda\/image0000009\/'><img loading=\"lazy\" decoding=\"async\" width=\"225\" height=\"300\" src=\"https:\/\/liceum.kard.hlonda.pl\/wp-content\/uploads\/2019\/10\/image0000009-225x300.jpg\" class=\"attachment-medium size-medium\" alt=\"\" srcset=\"https:\/\/liceum.kard.hlonda.pl\/wp-content\/uploads\/2019\/10\/image0000009-225x300.jpg 225w, https:\/\/liceum.kard.hlonda.pl\/wp-content\/uploads\/2019\/10\/image0000009-263x350.jpg 263w, https:\/\/liceum.kard.hlonda.pl\/wp-content\/uploads\/2019\/10\/image0000009.jpg 480w\" sizes=\"auto, (max-width: 225px) 100vw, 225px\" \/><\/a>\n\t\t\t<\/div><\/figure><figure class='gallery-item'>\n\t\t\t<div class='gallery-icon portrait'>\n\t\t\t\t<a href='https:\/\/liceum.kard.hlonda.pl\/index.php\/2019\/10\/27\/71-rocznica-smierci-kardynala-augusta-hlonda\/image00000010\/'><img loading=\"lazy\" decoding=\"async\" width=\"225\" height=\"300\" src=\"https:\/\/liceum.kard.hlonda.pl\/wp-content\/uploads\/2019\/10\/image00000010-225x300.jpg\" class=\"attachment-medium size-medium\" alt=\"\" srcset=\"https:\/\/liceum.kard.hlonda.pl\/wp-content\/uploads\/2019\/10\/image00000010-225x300.jpg 225w, https:\/\/liceum.kard.hlonda.pl\/wp-content\/uploads\/2019\/10\/image00000010-263x350.jpg 263w, https:\/\/liceum.kard.hlonda.pl\/wp-content\/uploads\/2019\/10\/image00000010.jpg 480w\" sizes=\"auto, (max-width: 225px) 100vw, 225px\" \/><\/a>\n\t\t\t<\/div><\/figure><figure class='gallery-item'>\n\t\t\t<div class='gallery-icon portrait'>\n\t\t\t\t<a href='https:\/\/liceum.kard.hlonda.pl\/index.php\/2019\/10\/27\/71-rocznica-smierci-kardynala-augusta-hlonda\/image0000001\/'><img loading=\"lazy\" decoding=\"async\" width=\"225\" height=\"300\" src=\"https:\/\/liceum.kard.hlonda.pl\/wp-content\/uploads\/2019\/10\/image0000001-225x300.jpg\" class=\"attachment-medium size-medium\" alt=\"\" srcset=\"https:\/\/liceum.kard.hlonda.pl\/wp-content\/uploads\/2019\/10\/image0000001-225x300.jpg 225w, https:\/\/liceum.kard.hlonda.pl\/wp-content\/uploads\/2019\/10\/image0000001-263x350.jpg 263w, https:\/\/liceum.kard.hlonda.pl\/wp-content\/uploads\/2019\/10\/image0000001.jpg 480w\" sizes=\"auto, (max-width: 225px) 100vw, 225px\" \/><\/a>\n\t\t\t<\/div><\/figure><figure class='gallery-item'>\n\t\t\t<div class='gallery-icon portrait'>\n\t\t\t\t<a href='https:\/\/liceum.kard.hlonda.pl\/index.php\/2019\/10\/27\/71-rocznica-smierci-kardynala-augusta-hlonda\/image0000003\/'><img loading=\"lazy\" decoding=\"async\" width=\"225\" height=\"300\" src=\"https:\/\/liceum.kard.hlonda.pl\/wp-content\/uploads\/2019\/10\/image0000003-225x300.jpg\" class=\"attachment-medium size-medium\" alt=\"\" srcset=\"https:\/\/liceum.kard.hlonda.pl\/wp-content\/uploads\/2019\/10\/image0000003-225x300.jpg 225w, https:\/\/liceum.kard.hlonda.pl\/wp-content\/uploads\/2019\/10\/image0000003-263x350.jpg 263w, https:\/\/liceum.kard.hlonda.pl\/wp-content\/uploads\/2019\/10\/image0000003.jpg 480w\" sizes=\"auto, (max-width: 225px) 100vw, 225px\" \/><\/a>\n\t\t\t<\/div><\/figure><figure class='gallery-item'>\n\t\t\t<div class='gallery-icon portrait'>\n\t\t\t\t<a href='https:\/\/liceum.kard.hlonda.pl\/index.php\/2019\/10\/27\/71-rocznica-smierci-kardynala-augusta-hlonda\/image0000004\/'><img loading=\"lazy\" decoding=\"async\" width=\"225\" height=\"300\" src=\"https:\/\/liceum.kard.hlonda.pl\/wp-content\/uploads\/2019\/10\/image0000004-225x300.jpg\" class=\"attachment-medium size-medium\" alt=\"\" srcset=\"https:\/\/liceum.kard.hlonda.pl\/wp-content\/uploads\/2019\/10\/image0000004-225x300.jpg 225w, https:\/\/liceum.kard.hlonda.pl\/wp-content\/uploads\/2019\/10\/image0000004-263x350.jpg 263w, https:\/\/liceum.kard.hlonda.pl\/wp-content\/uploads\/2019\/10\/image0000004.jpg 480w\" sizes=\"auto, (max-width: 225px) 100vw, 225px\" \/><\/a>\n\t\t\t<\/div><\/figure><figure class='gallery-item'>\n\t\t\t<div class='gallery-icon portrait'>\n\t\t\t\t<a href='https:\/\/liceum.kard.hlonda.pl\/index.php\/2019\/10\/27\/71-rocznica-smierci-kardynala-augusta-hlonda\/image0000005\/'><img loading=\"lazy\" decoding=\"async\" width=\"225\" height=\"300\" src=\"https:\/\/liceum.kard.hlonda.pl\/wp-content\/uploads\/2019\/10\/image0000005-225x300.jpg\" class=\"attachment-medium size-medium\" alt=\"\" srcset=\"https:\/\/liceum.kard.hlonda.pl\/wp-content\/uploads\/2019\/10\/image0000005-225x300.jpg 225w, https:\/\/liceum.kard.hlonda.pl\/wp-content\/uploads\/2019\/10\/image0000005-263x350.jpg 263w, https:\/\/liceum.kard.hlonda.pl\/wp-content\/uploads\/2019\/10\/image0000005.jpg 480w\" sizes=\"auto, (max-width: 225px) 100vw, 225px\" \/><\/a>\n\t\t\t<\/div><\/figure><figure class='gallery-item'>\n\t\t\t<div class='gallery-icon portrait'>\n\t\t\t\t<a href='https:\/\/liceum.kard.hlonda.pl\/index.php\/2019\/10\/27\/71-rocznica-smierci-kardynala-augusta-hlonda\/image0000006\/'><img loading=\"lazy\" decoding=\"async\" width=\"225\" height=\"300\" src=\"https:\/\/liceum.kard.hlonda.pl\/wp-content\/uploads\/2019\/10\/image0000006-225x300.jpg\" class=\"attachment-medium size-medium\" alt=\"\" srcset=\"https:\/\/liceum.kard.hlonda.pl\/wp-content\/uploads\/2019\/10\/image0000006-225x300.jpg 225w, https:\/\/liceum.kard.hlonda.pl\/wp-content\/uploads\/2019\/10\/image0000006-263x350.jpg 263w, https:\/\/liceum.kard.hlonda.pl\/wp-content\/uploads\/2019\/10\/image0000006.jpg 480w\" sizes=\"auto, (max-width: 225px) 100vw, 225px\" \/><\/a>\n\t\t\t<\/div><\/figure><figure class='gallery-item'>\n\t\t\t<div class='gallery-icon portrait'>\n\t\t\t\t<a href='https:\/\/liceum.kard.hlonda.pl\/index.php\/2019\/10\/27\/71-rocznica-smierci-kardynala-augusta-hlonda\/image0000007\/'><img loading=\"lazy\" decoding=\"async\" width=\"225\" height=\"300\" src=\"https:\/\/liceum.kard.hlonda.pl\/wp-content\/uploads\/2019\/10\/image0000007-225x300.jpg\" class=\"attachment-medium size-medium\" alt=\"\" srcset=\"https:\/\/liceum.kard.hlonda.pl\/wp-content\/uploads\/2019\/10\/image0000007-225x300.jpg 225w, https:\/\/liceum.kard.hlonda.pl\/wp-content\/uploads\/2019\/10\/image0000007-263x350.jpg 263w, https:\/\/liceum.kard.hlonda.pl\/wp-content\/uploads\/2019\/10\/image0000007.jpg 480w\" sizes=\"auto, (max-width: 225px) 100vw, 225px\" \/><\/a>\n\t\t\t<\/div><\/figure><figure class='gallery-item'>\n\t\t\t<div class='gallery-icon portrait'>\n\t\t\t\t<a href='https:\/\/liceum.kard.hlonda.pl\/index.php\/2019\/10\/27\/71-rocznica-smierci-kardynala-augusta-hlonda\/image0000008\/'><img loading=\"lazy\" decoding=\"async\" width=\"225\" height=\"300\" src=\"https:\/\/liceum.kard.hlonda.pl\/wp-content\/uploads\/2019\/10\/image0000008-225x300.jpg\" class=\"attachment-medium size-medium\" alt=\"\" srcset=\"https:\/\/liceum.kard.hlonda.pl\/wp-content\/uploads\/2019\/10\/image0000008-225x300.jpg 225w, https:\/\/liceum.kard.hlonda.pl\/wp-content\/uploads\/2019\/10\/image0000008-263x350.jpg 263w, https:\/\/liceum.kard.hlonda.pl\/wp-content\/uploads\/2019\/10\/image0000008.jpg 480w\" sizes=\"auto, (max-width: 225px) 100vw, 225px\" \/><\/a>\n\t\t\t<\/div><\/figure><figure class='gallery-item'>\n\t\t\t<div class='gallery-icon portrait'>\n\t\t\t\t<a href='https:\/\/liceum.kard.hlonda.pl\/index.php\/2019\/10\/27\/71-rocznica-smierci-kardynala-augusta-hlonda\/image0000002\/'><img loading=\"lazy\" decoding=\"async\" width=\"225\" height=\"300\" src=\"https:\/\/liceum.kard.hlonda.pl\/wp-content\/uploads\/2019\/10\/image0000002-225x300.jpg\" class=\"attachment-medium size-medium\" alt=\"\" srcset=\"https:\/\/liceum.kard.hlonda.pl\/wp-content\/uploads\/2019\/10\/image0000002-225x300.jpg 225w, https:\/\/liceum.kard.hlonda.pl\/wp-content\/uploads\/2019\/10\/image0000002-263x350.jpg 263w, https:\/\/liceum.kard.hlonda.pl\/wp-content\/uploads\/2019\/10\/image0000002.jpg 480w\" sizes=\"auto, (max-width: 225px) 100vw, 225px\" \/><\/a>\n\t\t\t<\/div><\/figure>\n\t\t<\/div>\n\n","protected":false},"excerpt":{"rendered":"<p>W tym miesi\u0105cu mija ju\u017c 71 rocznica \u015bmierci wielkiego Polaka i patrioty &#8211; kardyna\u0142a Augusta Hlonda. Z tej w\u0142a\u015bnie okazji odby\u0142 si\u0119 w szkole KSW przy ulicy Mi\u0144skiej 32 uroczysty apel. Uczestniczyli w nim uczniowie naszego liceum, co dla spo\u0142eczno\u015bci, kt\u00f3ra przygotowuje si\u0119 do nadania imienia A. Hlonda, mia\u0142o szczeg\u00f3lne &hellip;<\/p>\n","protected":false},"author":1,"featured_media":120,"comment_status":"closed","ping_status":"closed","sticky":false,"template":"","format":"standard","meta":{"footnotes":""},"categories":[1],"tags":[],"class_list":["post-118","post","type-post","status-publish","format-standard","has-post-thumbnail","hentry","category-bez-kategorii"],"_links":{"self":[{"href":"https:\/\/liceum.kard.hlonda.pl\/index.php\/wp-json\/wp\/v2\/posts\/118","targetHints":{"allow":["GET"]}}],"collection":[{"href":"https:\/\/liceum.kard.hlonda.pl\/index.php\/wp-json\/wp\/v2\/posts"}],"about":[{"href":"https:\/\/liceum.kard.hlonda.pl\/index.php\/wp-json\/wp\/v2\/types\/post"}],"author":[{"embeddable":true,"href":"https:\/\/liceum.kard.hlonda.pl\/index.php\/wp-json\/wp\/v2\/users\/1"}],"replies":[{"embeddable":true,"href":"https:\/\/liceum.kard.hlonda.pl\/index.php\/wp-json\/wp\/v2\/comments?post=118"}],"version-history":[{"count":2,"href":"https:\/\/liceum.kard.hlonda.pl\/index.php\/wp-json\/wp\/v2\/posts\/118\/revisions"}],"predecessor-version":[{"id":133,"href":"https:\/\/liceum.kard.hlonda.pl\/index.php\/wp-json\/wp\/v2\/posts\/118\/revisions\/133"}],"wp:featuredmedia":[{"embeddable":true,"href":"https:\/\/liceum.kard.hlonda.pl\/index.php\/wp-json\/wp\/v2\/media\/120"}],"wp:attachment":[{"href":"https:\/\/liceum.kard.hlonda.pl\/index.php\/wp-json\/wp\/v2\/media?parent=118"}],"wp:term":[{"taxonomy":"category","embeddable":true,"href":"https:\/\/liceum.kard.hlonda.pl\/index.php\/wp-json\/wp\/v2\/categories?post=118"},{"taxonomy":"post_tag","embeddable":true,"href":"https:\/\/liceum.kard.hlonda.pl\/index.php\/wp-json\/wp\/v2\/tags?post=118"}],"curies":[{"name":"wp","href":"https:\/\/api.w.org\/{rel}","templated":true}]}}