{"id":1320,"date":"2021-10-15T00:46:32","date_gmt":"2021-10-14T22:46:32","guid":{"rendered":"http:\/\/liceum.kard.hlonda.pl\/?p=1320"},"modified":"2021-10-15T00:46:32","modified_gmt":"2021-10-14T22:46:32","slug":"dzien-nauczyciela","status":"publish","type":"post","link":"https:\/\/liceum.kard.hlonda.pl\/index.php\/2021\/10\/15\/dzien-nauczyciela\/","title":{"rendered":"Dzie\u0144 Nauczyciela"},"content":{"rendered":"<p style=\"text-align: justify;\">Nadszed\u0142 kolejny Dzie\u0144 Nauczyciela, czyli Dzie\u0144 Edukacji Narodowej.<\/p>\n<p style=\"text-align: justify;\">Od rana trwa\u0142y gor\u0105czkowe przygotowania do uroczysto\u015bci, kt\u00f3rej centralnym punktem mia\u0142o by\u0107 oczywi\u015bcie pasowanie \u201epierwszak\u00f3w\u201d na uczni\u00f3w. Rozpocz\u0119li\u015bmy \u2013 nietypowo \u2013 Marszem Tureckim ( pe\u0142na wersja !) w wykonaniu Marysi \u015awiderskiej, potem od\u015bpiewali\u015bmy Mazurka D\u0105browskiego i wszed\u0142 poczet sztandarowy. Po kilku informacjach zwi\u0105zanych z dzisiejszym dniem znowu zaprezentowa\u0142a si\u0119 Maria \u015awiderska z klasy VII, tym razem w jej interpretacji us\u0142yszeli\u015bmy Sonatin\u0119 F. Kuhlaua. (W tym czasie Faustyna, Mateusz Dywa\u0144ski, Filip D\u0142uba\u0142a, Julia, Sta\u015b oraz Pawe\u0142 Grabowski rozdali prezenty, kwiaty i laurki nauczycielom). Nadszed\u0142 czas na kulminacyjny punkt programu \u2013 \u015blubowanie klas pierwszych. Uczniowie zostali oficjalnie przyj\u0119ci do grona uczni\u00f3w naszej szko\u0142y, a symbolem tego by\u0142o \u201euderzenie\u201d wielkim o\u0142\u00f3wkiem przez Pani\u0105 Dyrektor Barbar\u0119 Zi\u00f3\u0142kowsk\u0105. Potem za\u015bpiewali\u015bmy (przy akompaniamencie graj\u0105cego na pianinie pana Jana Ungeheuera) hymn naszej szko\u0142y. Po wyprowadzeniu sztandaru przysz\u0142a pora na cz\u0119\u015b\u0107 artystyczn\u0105. Jeremi Zwierzycki wykona\u0142 na pianinie ciekawy utw\u00f3r w\u0142asnej kompozycji. Nast\u0119pnie dzieci z klasy 4 zadeklamowa\u0142y kilka strof wierszy o pracy nauczycieli, a Mieszko Zwierzycki wykona\u0142 interesuj\u0105cy utw\u00f3r z pogranicza blues\u2019a i popu. Po wys\u0142uchaniu kolejnych strof o szkolnej rzeczywisto\u015bci wybrzmia\u0142a piosenka \u201eI was here\u201d z repertuaru Beyonce w wykonaniu Eweliny Ja\u015bniak przy akompaniamencie Emili Jach. Kolejne zwrotki poezji umili\u0142y nam czas, a nast\u0119pnie dzieci za\u015bpiewa\u0142y przebojow\u0105 \u201ePiosenk\u0119 dla nauczyciela\u201d. Wys\u0142uchali\u015bmy fragment homilii Jana Paw\u0142a II w interpretacji Stanis\u0142awa Piaseckiego. Ko\u0144cowym punktem by\u0142o wsp\u00f3lne od\u015bpiewanie ulubionej pie\u015bni Papie\u017ca\u2013Polaka \u2013 Barki. Nast\u0119pnie g\u0142os zabra\u0142a Pani Dyrektor Barbara Zi\u00f3\u0142kowska, kt\u00f3ra w ciep\u0142ych s\u0142owach podzi\u0119kowa\u0142a wszystkim i \u017cyczy\u0142a samych sukces\u00f3w.<\/p>\n<p style=\"text-align: justify;\">Po zako\u0144czeniu udali\u015bmy si\u0119 do klas na spotkanie z naszymi wychowankami.<\/p>\n<p style=\"text-align: justify;\">Dzi\u0119kujemy wszystkim za przygotowanie bardzo ciekawego i zajmuj\u0105cego spotkania.<\/p>\n<p style=\"text-align: right;\"><em>Jan Ungeheuer, nauczyciel j\u0119zyka polskiego i muzyki.<\/em><\/p>\n<div id='gallery-1' class='gallery galleryid-1320 gallery-columns-4 gallery-size-medium'><figure class='gallery-item'>\n\t\t\t<div class='gallery-icon landscape'>\n\t\t\t\t<a href='https:\/\/liceum.kard.hlonda.pl\/index.php\/2021\/10\/15\/dzien-nauczyciela\/dzien-nauczyciela-1\/'><img loading=\"lazy\" decoding=\"async\" width=\"300\" height=\"220\" src=\"https:\/\/liceum.kard.hlonda.pl\/wp-content\/uploads\/2021\/10\/DZIEN-NAUCZYCIELA-1-300x220.jpg\" class=\"attachment-medium size-medium\" alt=\"\" srcset=\"https:\/\/liceum.kard.hlonda.pl\/wp-content\/uploads\/2021\/10\/DZIEN-NAUCZYCIELA-1-300x220.jpg 300w, https:\/\/liceum.kard.hlonda.pl\/wp-content\/uploads\/2021\/10\/DZIEN-NAUCZYCIELA-1-477x350.jpg 477w, https:\/\/liceum.kard.hlonda.pl\/wp-content\/uploads\/2021\/10\/DZIEN-NAUCZYCIELA-1-480x350.jpg 480w, https:\/\/liceum.kard.hlonda.pl\/wp-content\/uploads\/2021\/10\/DZIEN-NAUCZYCIELA-1.jpg 675w\" sizes=\"auto, (max-width: 300px) 100vw, 300px\" \/><\/a>\n\t\t\t<\/div><\/figure><figure class='gallery-item'>\n\t\t\t<div class='gallery-icon landscape'>\n\t\t\t\t<a href='https:\/\/liceum.kard.hlonda.pl\/index.php\/2021\/10\/15\/dzien-nauczyciela\/dzien-nauczyciela-2\/'><img loading=\"lazy\" decoding=\"async\" width=\"300\" height=\"225\" src=\"https:\/\/liceum.kard.hlonda.pl\/wp-content\/uploads\/2021\/10\/DZIEN-NAUCZYCIELA-2-300x225.jpg\" class=\"attachment-medium size-medium\" alt=\"\" srcset=\"https:\/\/liceum.kard.hlonda.pl\/wp-content\/uploads\/2021\/10\/DZIEN-NAUCZYCIELA-2-300x225.jpg 300w, https:\/\/liceum.kard.hlonda.pl\/wp-content\/uploads\/2021\/10\/DZIEN-NAUCZYCIELA-2-467x350.jpg 467w, https:\/\/liceum.kard.hlonda.pl\/wp-content\/uploads\/2021\/10\/DZIEN-NAUCZYCIELA-2.jpg 675w\" sizes=\"auto, (max-width: 300px) 100vw, 300px\" \/><\/a>\n\t\t\t<\/div><\/figure><figure class='gallery-item'>\n\t\t\t<div class='gallery-icon landscape'>\n\t\t\t\t<a href='https:\/\/liceum.kard.hlonda.pl\/index.php\/2021\/10\/15\/dzien-nauczyciela\/dzien-nauczyciela-3\/'><img loading=\"lazy\" decoding=\"async\" width=\"300\" height=\"225\" src=\"https:\/\/liceum.kard.hlonda.pl\/wp-content\/uploads\/2021\/10\/DZIEN-NAUCZYCIELA-3-300x225.jpg\" class=\"attachment-medium size-medium\" alt=\"\" srcset=\"https:\/\/liceum.kard.hlonda.pl\/wp-content\/uploads\/2021\/10\/DZIEN-NAUCZYCIELA-3-300x225.jpg 300w, https:\/\/liceum.kard.hlonda.pl\/wp-content\/uploads\/2021\/10\/DZIEN-NAUCZYCIELA-3-467x350.jpg 467w, https:\/\/liceum.kard.hlonda.pl\/wp-content\/uploads\/2021\/10\/DZIEN-NAUCZYCIELA-3.jpg 675w\" sizes=\"auto, (max-width: 300px) 100vw, 300px\" \/><\/a>\n\t\t\t<\/div><\/figure><figure class='gallery-item'>\n\t\t\t<div class='gallery-icon landscape'>\n\t\t\t\t<a href='https:\/\/liceum.kard.hlonda.pl\/index.php\/2021\/10\/15\/dzien-nauczyciela\/dzien-nauczyciela-4\/'><img loading=\"lazy\" decoding=\"async\" width=\"300\" height=\"225\" src=\"https:\/\/liceum.kard.hlonda.pl\/wp-content\/uploads\/2021\/10\/DZIEN-NAUCZYCIELA-4-300x225.jpg\" class=\"attachment-medium size-medium\" alt=\"\" srcset=\"https:\/\/liceum.kard.hlonda.pl\/wp-content\/uploads\/2021\/10\/DZIEN-NAUCZYCIELA-4-300x225.jpg 300w, https:\/\/liceum.kard.hlonda.pl\/wp-content\/uploads\/2021\/10\/DZIEN-NAUCZYCIELA-4-467x350.jpg 467w, https:\/\/liceum.kard.hlonda.pl\/wp-content\/uploads\/2021\/10\/DZIEN-NAUCZYCIELA-4.jpg 675w\" sizes=\"auto, (max-width: 300px) 100vw, 300px\" \/><\/a>\n\t\t\t<\/div><\/figure><figure class='gallery-item'>\n\t\t\t<div class='gallery-icon landscape'>\n\t\t\t\t<a href='https:\/\/liceum.kard.hlonda.pl\/index.php\/2021\/10\/15\/dzien-nauczyciela\/dzien-nauczyciela-5\/'><img loading=\"lazy\" decoding=\"async\" width=\"300\" height=\"225\" src=\"https:\/\/liceum.kard.hlonda.pl\/wp-content\/uploads\/2021\/10\/DZIEN-NAUCZYCIELA-5-300x225.jpg\" class=\"attachment-medium size-medium\" alt=\"\" srcset=\"https:\/\/liceum.kard.hlonda.pl\/wp-content\/uploads\/2021\/10\/DZIEN-NAUCZYCIELA-5-300x225.jpg 300w, https:\/\/liceum.kard.hlonda.pl\/wp-content\/uploads\/2021\/10\/DZIEN-NAUCZYCIELA-5-467x350.jpg 467w, https:\/\/liceum.kard.hlonda.pl\/wp-content\/uploads\/2021\/10\/DZIEN-NAUCZYCIELA-5.jpg 675w\" sizes=\"auto, (max-width: 300px) 100vw, 300px\" \/><\/a>\n\t\t\t<\/div><\/figure><figure class='gallery-item'>\n\t\t\t<div class='gallery-icon landscape'>\n\t\t\t\t<a href='https:\/\/liceum.kard.hlonda.pl\/index.php\/2021\/10\/15\/dzien-nauczyciela\/dzien-nauczyciela-6\/'><img loading=\"lazy\" decoding=\"async\" width=\"300\" height=\"225\" src=\"https:\/\/liceum.kard.hlonda.pl\/wp-content\/uploads\/2021\/10\/DZIEN-NAUCZYCIELA-6-300x225.jpg\" class=\"attachment-medium size-medium\" alt=\"\" srcset=\"https:\/\/liceum.kard.hlonda.pl\/wp-content\/uploads\/2021\/10\/DZIEN-NAUCZYCIELA-6-300x225.jpg 300w, https:\/\/liceum.kard.hlonda.pl\/wp-content\/uploads\/2021\/10\/DZIEN-NAUCZYCIELA-6-467x350.jpg 467w, https:\/\/liceum.kard.hlonda.pl\/wp-content\/uploads\/2021\/10\/DZIEN-NAUCZYCIELA-6.jpg 675w\" sizes=\"auto, (max-width: 300px) 100vw, 300px\" \/><\/a>\n\t\t\t<\/div><\/figure><figure class='gallery-item'>\n\t\t\t<div class='gallery-icon portrait'>\n\t\t\t\t<a href='https:\/\/liceum.kard.hlonda.pl\/index.php\/2021\/10\/15\/dzien-nauczyciela\/dzien-nauczyciela-7\/'><img loading=\"lazy\" decoding=\"async\" width=\"225\" height=\"300\" src=\"https:\/\/liceum.kard.hlonda.pl\/wp-content\/uploads\/2021\/10\/DZIEN-NAUCZYCIELA-7-225x300.jpg\" class=\"attachment-medium size-medium\" alt=\"\" srcset=\"https:\/\/liceum.kard.hlonda.pl\/wp-content\/uploads\/2021\/10\/DZIEN-NAUCZYCIELA-7-225x300.jpg 225w, https:\/\/liceum.kard.hlonda.pl\/wp-content\/uploads\/2021\/10\/DZIEN-NAUCZYCIELA-7-263x350.jpg 263w, https:\/\/liceum.kard.hlonda.pl\/wp-content\/uploads\/2021\/10\/DZIEN-NAUCZYCIELA-7.jpg 675w\" sizes=\"auto, (max-width: 225px) 100vw, 225px\" \/><\/a>\n\t\t\t<\/div><\/figure><figure class='gallery-item'>\n\t\t\t<div class='gallery-icon landscape'>\n\t\t\t\t<a href='https:\/\/liceum.kard.hlonda.pl\/index.php\/2021\/10\/15\/dzien-nauczyciela\/dzien-nauczyciela-8\/'><img loading=\"lazy\" decoding=\"async\" width=\"300\" height=\"225\" src=\"https:\/\/liceum.kard.hlonda.pl\/wp-content\/uploads\/2021\/10\/DZIEN-NAUCZYCIELA-8-300x225.jpg\" class=\"attachment-medium size-medium\" alt=\"\" srcset=\"https:\/\/liceum.kard.hlonda.pl\/wp-content\/uploads\/2021\/10\/DZIEN-NAUCZYCIELA-8-300x225.jpg 300w, https:\/\/liceum.kard.hlonda.pl\/wp-content\/uploads\/2021\/10\/DZIEN-NAUCZYCIELA-8-467x350.jpg 467w, https:\/\/liceum.kard.hlonda.pl\/wp-content\/uploads\/2021\/10\/DZIEN-NAUCZYCIELA-8.jpg 675w\" sizes=\"auto, (max-width: 300px) 100vw, 300px\" \/><\/a>\n\t\t\t<\/div><\/figure><figure class='gallery-item'>\n\t\t\t<div class='gallery-icon landscape'>\n\t\t\t\t<a href='https:\/\/liceum.kard.hlonda.pl\/index.php\/2021\/10\/15\/dzien-nauczyciela\/dzien-nauczyciela-9\/'><img loading=\"lazy\" decoding=\"async\" width=\"300\" height=\"225\" src=\"https:\/\/liceum.kard.hlonda.pl\/wp-content\/uploads\/2021\/10\/DZIEN-NAUCZYCIELA-9-300x225.jpg\" class=\"attachment-medium size-medium\" alt=\"\" srcset=\"https:\/\/liceum.kard.hlonda.pl\/wp-content\/uploads\/2021\/10\/DZIEN-NAUCZYCIELA-9-300x225.jpg 300w, https:\/\/liceum.kard.hlonda.pl\/wp-content\/uploads\/2021\/10\/DZIEN-NAUCZYCIELA-9-467x350.jpg 467w, https:\/\/liceum.kard.hlonda.pl\/wp-content\/uploads\/2021\/10\/DZIEN-NAUCZYCIELA-9.jpg 675w\" sizes=\"auto, (max-width: 300px) 100vw, 300px\" \/><\/a>\n\t\t\t<\/div><\/figure><figure class='gallery-item'>\n\t\t\t<div class='gallery-icon landscape'>\n\t\t\t\t<a href='https:\/\/liceum.kard.hlonda.pl\/index.php\/2021\/10\/15\/dzien-nauczyciela\/dzien-nauczyciela-10\/'><img loading=\"lazy\" decoding=\"async\" width=\"300\" height=\"225\" src=\"https:\/\/liceum.kard.hlonda.pl\/wp-content\/uploads\/2021\/10\/DZIEN-NAUCZYCIELA-10-300x225.jpg\" class=\"attachment-medium size-medium\" alt=\"\" srcset=\"https:\/\/liceum.kard.hlonda.pl\/wp-content\/uploads\/2021\/10\/DZIEN-NAUCZYCIELA-10-300x225.jpg 300w, https:\/\/liceum.kard.hlonda.pl\/wp-content\/uploads\/2021\/10\/DZIEN-NAUCZYCIELA-10-467x350.jpg 467w, https:\/\/liceum.kard.hlonda.pl\/wp-content\/uploads\/2021\/10\/DZIEN-NAUCZYCIELA-10.jpg 675w\" sizes=\"auto, (max-width: 300px) 100vw, 300px\" \/><\/a>\n\t\t\t<\/div><\/figure><figure class='gallery-item'>\n\t\t\t<div class='gallery-icon landscape'>\n\t\t\t\t<a href='https:\/\/liceum.kard.hlonda.pl\/index.php\/2021\/10\/15\/dzien-nauczyciela\/dzien-nauczyciela-11\/'><img loading=\"lazy\" decoding=\"async\" width=\"300\" height=\"225\" src=\"https:\/\/liceum.kard.hlonda.pl\/wp-content\/uploads\/2021\/10\/DZIEN-NAUCZYCIELA-11-300x225.jpg\" class=\"attachment-medium size-medium\" alt=\"\" srcset=\"https:\/\/liceum.kard.hlonda.pl\/wp-content\/uploads\/2021\/10\/DZIEN-NAUCZYCIELA-11-300x225.jpg 300w, https:\/\/liceum.kard.hlonda.pl\/wp-content\/uploads\/2021\/10\/DZIEN-NAUCZYCIELA-11-467x350.jpg 467w, https:\/\/liceum.kard.hlonda.pl\/wp-content\/uploads\/2021\/10\/DZIEN-NAUCZYCIELA-11.jpg 675w\" sizes=\"auto, (max-width: 300px) 100vw, 300px\" \/><\/a>\n\t\t\t<\/div><\/figure><figure class='gallery-item'>\n\t\t\t<div class='gallery-icon landscape'>\n\t\t\t\t<a href='https:\/\/liceum.kard.hlonda.pl\/index.php\/2021\/10\/15\/dzien-nauczyciela\/dzien-nauczyciela-12\/'><img loading=\"lazy\" decoding=\"async\" width=\"300\" height=\"225\" src=\"https:\/\/liceum.kard.hlonda.pl\/wp-content\/uploads\/2021\/10\/DZIEN-NAUCZYCIELA-12-300x225.jpg\" class=\"attachment-medium size-medium\" alt=\"\" srcset=\"https:\/\/liceum.kard.hlonda.pl\/wp-content\/uploads\/2021\/10\/DZIEN-NAUCZYCIELA-12-300x225.jpg 300w, https:\/\/liceum.kard.hlonda.pl\/wp-content\/uploads\/2021\/10\/DZIEN-NAUCZYCIELA-12-467x350.jpg 467w, https:\/\/liceum.kard.hlonda.pl\/wp-content\/uploads\/2021\/10\/DZIEN-NAUCZYCIELA-12.jpg 675w\" sizes=\"auto, (max-width: 300px) 100vw, 300px\" \/><\/a>\n\t\t\t<\/div><\/figure><figure class='gallery-item'>\n\t\t\t<div class='gallery-icon landscape'>\n\t\t\t\t<a href='https:\/\/liceum.kard.hlonda.pl\/index.php\/2021\/10\/15\/dzien-nauczyciela\/dzien-nauczyciela-13\/'><img loading=\"lazy\" decoding=\"async\" width=\"300\" height=\"225\" src=\"https:\/\/liceum.kard.hlonda.pl\/wp-content\/uploads\/2021\/10\/DZIEN-NAUCZYCIELA-13-300x225.jpg\" class=\"attachment-medium size-medium\" alt=\"\" srcset=\"https:\/\/liceum.kard.hlonda.pl\/wp-content\/uploads\/2021\/10\/DZIEN-NAUCZYCIELA-13-300x225.jpg 300w, https:\/\/liceum.kard.hlonda.pl\/wp-content\/uploads\/2021\/10\/DZIEN-NAUCZYCIELA-13-467x350.jpg 467w, https:\/\/liceum.kard.hlonda.pl\/wp-content\/uploads\/2021\/10\/DZIEN-NAUCZYCIELA-13.jpg 675w\" sizes=\"auto, (max-width: 300px) 100vw, 300px\" \/><\/a>\n\t\t\t<\/div><\/figure><figure class='gallery-item'>\n\t\t\t<div class='gallery-icon landscape'>\n\t\t\t\t<a href='https:\/\/liceum.kard.hlonda.pl\/index.php\/2021\/10\/15\/dzien-nauczyciela\/dzien-nauczyciela-14\/'><img loading=\"lazy\" decoding=\"async\" width=\"300\" height=\"225\" src=\"https:\/\/liceum.kard.hlonda.pl\/wp-content\/uploads\/2021\/10\/DZIEN-NAUCZYCIELA-14-300x225.jpg\" class=\"attachment-medium size-medium\" alt=\"\" srcset=\"https:\/\/liceum.kard.hlonda.pl\/wp-content\/uploads\/2021\/10\/DZIEN-NAUCZYCIELA-14-300x225.jpg 300w, https:\/\/liceum.kard.hlonda.pl\/wp-content\/uploads\/2021\/10\/DZIEN-NAUCZYCIELA-14-467x350.jpg 467w, https:\/\/liceum.kard.hlonda.pl\/wp-content\/uploads\/2021\/10\/DZIEN-NAUCZYCIELA-14.jpg 675w\" sizes=\"auto, (max-width: 300px) 100vw, 300px\" \/><\/a>\n\t\t\t<\/div><\/figure><figure class='gallery-item'>\n\t\t\t<div class='gallery-icon landscape'>\n\t\t\t\t<a href='https:\/\/liceum.kard.hlonda.pl\/index.php\/2021\/10\/15\/dzien-nauczyciela\/dzien-nauczyciela-15\/'><img loading=\"lazy\" decoding=\"async\" width=\"300\" height=\"225\" src=\"https:\/\/liceum.kard.hlonda.pl\/wp-content\/uploads\/2021\/10\/DZIEN-NAUCZYCIELA-15-300x225.jpg\" class=\"attachment-medium size-medium\" alt=\"\" srcset=\"https:\/\/liceum.kard.hlonda.pl\/wp-content\/uploads\/2021\/10\/DZIEN-NAUCZYCIELA-15-300x225.jpg 300w, https:\/\/liceum.kard.hlonda.pl\/wp-content\/uploads\/2021\/10\/DZIEN-NAUCZYCIELA-15-467x350.jpg 467w, https:\/\/liceum.kard.hlonda.pl\/wp-content\/uploads\/2021\/10\/DZIEN-NAUCZYCIELA-15.jpg 675w\" sizes=\"auto, (max-width: 300px) 100vw, 300px\" \/><\/a>\n\t\t\t<\/div><\/figure><figure class='gallery-item'>\n\t\t\t<div class='gallery-icon landscape'>\n\t\t\t\t<a href='https:\/\/liceum.kard.hlonda.pl\/index.php\/2021\/10\/15\/dzien-nauczyciela\/dzien-nauczyciela-16\/'><img loading=\"lazy\" decoding=\"async\" width=\"300\" height=\"225\" src=\"https:\/\/liceum.kard.hlonda.pl\/wp-content\/uploads\/2021\/10\/DZIEN-NAUCZYCIELA-16-300x225.jpg\" class=\"attachment-medium size-medium\" alt=\"\" srcset=\"https:\/\/liceum.kard.hlonda.pl\/wp-content\/uploads\/2021\/10\/DZIEN-NAUCZYCIELA-16-300x225.jpg 300w, https:\/\/liceum.kard.hlonda.pl\/wp-content\/uploads\/2021\/10\/DZIEN-NAUCZYCIELA-16-467x350.jpg 467w, https:\/\/liceum.kard.hlonda.pl\/wp-content\/uploads\/2021\/10\/DZIEN-NAUCZYCIELA-16.jpg 675w\" sizes=\"auto, (max-width: 300px) 100vw, 300px\" \/><\/a>\n\t\t\t<\/div><\/figure><figure class='gallery-item'>\n\t\t\t<div class='gallery-icon landscape'>\n\t\t\t\t<a href='https:\/\/liceum.kard.hlonda.pl\/index.php\/2021\/10\/15\/dzien-nauczyciela\/dzien-nauczyciela-18\/'><img loading=\"lazy\" decoding=\"async\" width=\"300\" height=\"168\" src=\"https:\/\/liceum.kard.hlonda.pl\/wp-content\/uploads\/2021\/10\/DZIEN-NAUCZYCIELA-18-300x168.jpg\" class=\"attachment-medium size-medium\" alt=\"\" srcset=\"https:\/\/liceum.kard.hlonda.pl\/wp-content\/uploads\/2021\/10\/DZIEN-NAUCZYCIELA-18-300x168.jpg 300w, https:\/\/liceum.kard.hlonda.pl\/wp-content\/uploads\/2021\/10\/DZIEN-NAUCZYCIELA-18-621x350.jpg 621w, https:\/\/liceum.kard.hlonda.pl\/wp-content\/uploads\/2021\/10\/DZIEN-NAUCZYCIELA-18.jpg 675w\" sizes=\"auto, (max-width: 300px) 100vw, 300px\" \/><\/a>\n\t\t\t<\/div><\/figure><figure class='gallery-item'>\n\t\t\t<div class='gallery-icon landscape'>\n\t\t\t\t<a href='https:\/\/liceum.kard.hlonda.pl\/index.php\/2021\/10\/15\/dzien-nauczyciela\/dzien-nauczyciela-19\/'><img loading=\"lazy\" decoding=\"async\" width=\"300\" height=\"225\" src=\"https:\/\/liceum.kard.hlonda.pl\/wp-content\/uploads\/2021\/10\/DZIEN-NAUCZYCIELA-19-300x225.jpg\" class=\"attachment-medium size-medium\" alt=\"\" srcset=\"https:\/\/liceum.kard.hlonda.pl\/wp-content\/uploads\/2021\/10\/DZIEN-NAUCZYCIELA-19-300x225.jpg 300w, https:\/\/liceum.kard.hlonda.pl\/wp-content\/uploads\/2021\/10\/DZIEN-NAUCZYCIELA-19-467x350.jpg 467w, https:\/\/liceum.kard.hlonda.pl\/wp-content\/uploads\/2021\/10\/DZIEN-NAUCZYCIELA-19.jpg 675w\" sizes=\"auto, (max-width: 300px) 100vw, 300px\" \/><\/a>\n\t\t\t<\/div><\/figure><figure class='gallery-item'>\n\t\t\t<div class='gallery-icon landscape'>\n\t\t\t\t<a href='https:\/\/liceum.kard.hlonda.pl\/index.php\/2021\/10\/15\/dzien-nauczyciela\/dzien-nauczyciela-20\/'><img loading=\"lazy\" decoding=\"async\" width=\"300\" height=\"225\" src=\"https:\/\/liceum.kard.hlonda.pl\/wp-content\/uploads\/2021\/10\/DZIEN-NAUCZYCIELA-20-300x225.jpg\" class=\"attachment-medium size-medium\" alt=\"\" srcset=\"https:\/\/liceum.kard.hlonda.pl\/wp-content\/uploads\/2021\/10\/DZIEN-NAUCZYCIELA-20-300x225.jpg 300w, https:\/\/liceum.kard.hlonda.pl\/wp-content\/uploads\/2021\/10\/DZIEN-NAUCZYCIELA-20-467x350.jpg 467w, https:\/\/liceum.kard.hlonda.pl\/wp-content\/uploads\/2021\/10\/DZIEN-NAUCZYCIELA-20.jpg 675w\" sizes=\"auto, (max-width: 300px) 100vw, 300px\" \/><\/a>\n\t\t\t<\/div><\/figure><figure class='gallery-item'>\n\t\t\t<div class='gallery-icon portrait'>\n\t\t\t\t<a href='https:\/\/liceum.kard.hlonda.pl\/index.php\/2021\/10\/15\/dzien-nauczyciela\/dzien-nauczyciela-21\/'><img loading=\"lazy\" decoding=\"async\" width=\"225\" height=\"300\" src=\"https:\/\/liceum.kard.hlonda.pl\/wp-content\/uploads\/2021\/10\/DZIEN-NAUCZYCIELA-21-225x300.jpg\" class=\"attachment-medium size-medium\" alt=\"\" srcset=\"https:\/\/liceum.kard.hlonda.pl\/wp-content\/uploads\/2021\/10\/DZIEN-NAUCZYCIELA-21-225x300.jpg 225w, https:\/\/liceum.kard.hlonda.pl\/wp-content\/uploads\/2021\/10\/DZIEN-NAUCZYCIELA-21-263x350.jpg 263w, https:\/\/liceum.kard.hlonda.pl\/wp-content\/uploads\/2021\/10\/DZIEN-NAUCZYCIELA-21.jpg 675w\" sizes=\"auto, (max-width: 225px) 100vw, 225px\" \/><\/a>\n\t\t\t<\/div><\/figure><figure class='gallery-item'>\n\t\t\t<div class='gallery-icon landscape'>\n\t\t\t\t<a href='https:\/\/liceum.kard.hlonda.pl\/index.php\/2021\/10\/15\/dzien-nauczyciela\/dzien-nauczyciela-22\/'><img loading=\"lazy\" decoding=\"async\" width=\"300\" height=\"225\" src=\"https:\/\/liceum.kard.hlonda.pl\/wp-content\/uploads\/2021\/10\/DZIEN-NAUCZYCIELA-22-300x225.jpg\" class=\"attachment-medium size-medium\" alt=\"\" srcset=\"https:\/\/liceum.kard.hlonda.pl\/wp-content\/uploads\/2021\/10\/DZIEN-NAUCZYCIELA-22-300x225.jpg 300w, https:\/\/liceum.kard.hlonda.pl\/wp-content\/uploads\/2021\/10\/DZIEN-NAUCZYCIELA-22-467x350.jpg 467w, https:\/\/liceum.kard.hlonda.pl\/wp-content\/uploads\/2021\/10\/DZIEN-NAUCZYCIELA-22.jpg 675w\" sizes=\"auto, (max-width: 300px) 100vw, 300px\" \/><\/a>\n\t\t\t<\/div><\/figure><figure class='gallery-item'>\n\t\t\t<div class='gallery-icon landscape'>\n\t\t\t\t<a href='https:\/\/liceum.kard.hlonda.pl\/index.php\/2021\/10\/15\/dzien-nauczyciela\/dzien-nauczyciela-23\/'><img loading=\"lazy\" decoding=\"async\" width=\"300\" height=\"225\" src=\"https:\/\/liceum.kard.hlonda.pl\/wp-content\/uploads\/2021\/10\/DZIEN-NAUCZYCIELA-23-300x225.jpg\" class=\"attachment-medium size-medium\" alt=\"\" srcset=\"https:\/\/liceum.kard.hlonda.pl\/wp-content\/uploads\/2021\/10\/DZIEN-NAUCZYCIELA-23-300x225.jpg 300w, https:\/\/liceum.kard.hlonda.pl\/wp-content\/uploads\/2021\/10\/DZIEN-NAUCZYCIELA-23-467x350.jpg 467w, https:\/\/liceum.kard.hlonda.pl\/wp-content\/uploads\/2021\/10\/DZIEN-NAUCZYCIELA-23.jpg 675w\" sizes=\"auto, (max-width: 300px) 100vw, 300px\" \/><\/a>\n\t\t\t<\/div><\/figure><figure class='gallery-item'>\n\t\t\t<div class='gallery-icon landscape'>\n\t\t\t\t<a href='https:\/\/liceum.kard.hlonda.pl\/index.php\/2021\/10\/15\/dzien-nauczyciela\/dzien-nauczyciela-24\/'><img loading=\"lazy\" decoding=\"async\" width=\"300\" height=\"225\" src=\"https:\/\/liceum.kard.hlonda.pl\/wp-content\/uploads\/2021\/10\/DZIEN-NAUCZYCIELA-24-300x225.jpg\" class=\"attachment-medium size-medium\" alt=\"\" srcset=\"https:\/\/liceum.kard.hlonda.pl\/wp-content\/uploads\/2021\/10\/DZIEN-NAUCZYCIELA-24-300x225.jpg 300w, https:\/\/liceum.kard.hlonda.pl\/wp-content\/uploads\/2021\/10\/DZIEN-NAUCZYCIELA-24-467x350.jpg 467w, https:\/\/liceum.kard.hlonda.pl\/wp-content\/uploads\/2021\/10\/DZIEN-NAUCZYCIELA-24.jpg 675w\" sizes=\"auto, (max-width: 300px) 100vw, 300px\" \/><\/a>\n\t\t\t<\/div><\/figure><figure class='gallery-item'>\n\t\t\t<div class='gallery-icon landscape'>\n\t\t\t\t<a href='https:\/\/liceum.kard.hlonda.pl\/index.php\/2021\/10\/15\/dzien-nauczyciela\/dzien-nauczyciela-25\/'><img loading=\"lazy\" decoding=\"async\" width=\"300\" height=\"225\" src=\"https:\/\/liceum.kard.hlonda.pl\/wp-content\/uploads\/2021\/10\/DZIEN-NAUCZYCIELA-25-300x225.jpg\" class=\"attachment-medium size-medium\" alt=\"\" srcset=\"https:\/\/liceum.kard.hlonda.pl\/wp-content\/uploads\/2021\/10\/DZIEN-NAUCZYCIELA-25-300x225.jpg 300w, https:\/\/liceum.kard.hlonda.pl\/wp-content\/uploads\/2021\/10\/DZIEN-NAUCZYCIELA-25-467x350.jpg 467w, https:\/\/liceum.kard.hlonda.pl\/wp-content\/uploads\/2021\/10\/DZIEN-NAUCZYCIELA-25.jpg 675w\" sizes=\"auto, (max-width: 300px) 100vw, 300px\" \/><\/a>\n\t\t\t<\/div><\/figure><figure class='gallery-item'>\n\t\t\t<div class='gallery-icon portrait'>\n\t\t\t\t<a href='https:\/\/liceum.kard.hlonda.pl\/index.php\/2021\/10\/15\/dzien-nauczyciela\/dzien-nauczyciela-26\/'><img loading=\"lazy\" decoding=\"async\" width=\"263\" height=\"300\" src=\"https:\/\/liceum.kard.hlonda.pl\/wp-content\/uploads\/2021\/10\/DZIEN-NAUCZYCIELA-26-263x300.jpg\" class=\"attachment-medium size-medium\" alt=\"\" srcset=\"https:\/\/liceum.kard.hlonda.pl\/wp-content\/uploads\/2021\/10\/DZIEN-NAUCZYCIELA-26-263x300.jpg 263w, https:\/\/liceum.kard.hlonda.pl\/wp-content\/uploads\/2021\/10\/DZIEN-NAUCZYCIELA-26-307x350.jpg 307w, https:\/\/liceum.kard.hlonda.pl\/wp-content\/uploads\/2021\/10\/DZIEN-NAUCZYCIELA-26.jpg 675w\" sizes=\"auto, (max-width: 263px) 100vw, 263px\" \/><\/a>\n\t\t\t<\/div><\/figure><figure class='gallery-item'>\n\t\t\t<div class='gallery-icon landscape'>\n\t\t\t\t<a href='https:\/\/liceum.kard.hlonda.pl\/index.php\/2021\/10\/15\/dzien-nauczyciela\/dzien-nauczyciela-27\/'><img loading=\"lazy\" decoding=\"async\" width=\"300\" height=\"225\" src=\"https:\/\/liceum.kard.hlonda.pl\/wp-content\/uploads\/2021\/10\/DZIEN-NAUCZYCIELA-27-300x225.jpg\" class=\"attachment-medium size-medium\" alt=\"\" srcset=\"https:\/\/liceum.kard.hlonda.pl\/wp-content\/uploads\/2021\/10\/DZIEN-NAUCZYCIELA-27-300x225.jpg 300w, https:\/\/liceum.kard.hlonda.pl\/wp-content\/uploads\/2021\/10\/DZIEN-NAUCZYCIELA-27-467x350.jpg 467w, https:\/\/liceum.kard.hlonda.pl\/wp-content\/uploads\/2021\/10\/DZIEN-NAUCZYCIELA-27.jpg 675w\" sizes=\"auto, (max-width: 300px) 100vw, 300px\" \/><\/a>\n\t\t\t<\/div><\/figure><figure class='gallery-item'>\n\t\t\t<div class='gallery-icon landscape'>\n\t\t\t\t<a href='https:\/\/liceum.kard.hlonda.pl\/index.php\/2021\/10\/15\/dzien-nauczyciela\/dzien-nauczyciela-28\/'><img loading=\"lazy\" decoding=\"async\" width=\"300\" height=\"225\" src=\"https:\/\/liceum.kard.hlonda.pl\/wp-content\/uploads\/2021\/10\/DZIEN-NAUCZYCIELA-28-300x225.jpg\" class=\"attachment-medium size-medium\" alt=\"\" srcset=\"https:\/\/liceum.kard.hlonda.pl\/wp-content\/uploads\/2021\/10\/DZIEN-NAUCZYCIELA-28-300x225.jpg 300w, https:\/\/liceum.kard.hlonda.pl\/wp-content\/uploads\/2021\/10\/DZIEN-NAUCZYCIELA-28-467x350.jpg 467w, https:\/\/liceum.kard.hlonda.pl\/wp-content\/uploads\/2021\/10\/DZIEN-NAUCZYCIELA-28.jpg 675w\" sizes=\"auto, (max-width: 300px) 100vw, 300px\" \/><\/a>\n\t\t\t<\/div><\/figure><figure class='gallery-item'>\n\t\t\t<div class='gallery-icon landscape'>\n\t\t\t\t<a href='https:\/\/liceum.kard.hlonda.pl\/index.php\/2021\/10\/15\/dzien-nauczyciela\/dzien-nauczyciela-29\/'><img loading=\"lazy\" decoding=\"async\" width=\"300\" height=\"209\" src=\"https:\/\/liceum.kard.hlonda.pl\/wp-content\/uploads\/2021\/10\/DZIEN-NAUCZYCIELA-29-300x209.jpg\" class=\"attachment-medium size-medium\" alt=\"\" srcset=\"https:\/\/liceum.kard.hlonda.pl\/wp-content\/uploads\/2021\/10\/DZIEN-NAUCZYCIELA-29-300x209.jpg 300w, https:\/\/liceum.kard.hlonda.pl\/wp-content\/uploads\/2021\/10\/DZIEN-NAUCZYCIELA-29-503x350.jpg 503w, https:\/\/liceum.kard.hlonda.pl\/wp-content\/uploads\/2021\/10\/DZIEN-NAUCZYCIELA-29.jpg 675w\" sizes=\"auto, (max-width: 300px) 100vw, 300px\" \/><\/a>\n\t\t\t<\/div><\/figure><figure class='gallery-item'>\n\t\t\t<div class='gallery-icon landscape'>\n\t\t\t\t<a href='https:\/\/liceum.kard.hlonda.pl\/index.php\/2021\/10\/15\/dzien-nauczyciela\/dzien-nauczyciela-30\/'><img loading=\"lazy\" decoding=\"async\" width=\"300\" height=\"212\" src=\"https:\/\/liceum.kard.hlonda.pl\/wp-content\/uploads\/2021\/10\/DZIEN-NAUCZYCIELA-30-300x212.jpg\" class=\"attachment-medium size-medium\" alt=\"\" srcset=\"https:\/\/liceum.kard.hlonda.pl\/wp-content\/uploads\/2021\/10\/DZIEN-NAUCZYCIELA-30-300x212.jpg 300w, https:\/\/liceum.kard.hlonda.pl\/wp-content\/uploads\/2021\/10\/DZIEN-NAUCZYCIELA-30-496x350.jpg 496w, https:\/\/liceum.kard.hlonda.pl\/wp-content\/uploads\/2021\/10\/DZIEN-NAUCZYCIELA-30.jpg 675w\" sizes=\"auto, (max-width: 300px) 100vw, 300px\" \/><\/a>\n\t\t\t<\/div><\/figure>\n\t\t<\/div>\n\n","protected":false},"excerpt":{"rendered":"<p>Nadszed\u0142 kolejny Dzie\u0144 Nauczyciela, czyli Dzie\u0144 Edukacji Narodowej. Od rana trwa\u0142y gor\u0105czkowe przygotowania do uroczysto\u015bci, kt\u00f3rej centralnym punktem mia\u0142o by\u0107 oczywi\u015bcie pasowanie \u201epierwszak\u00f3w\u201d na uczni\u00f3w. Rozpocz\u0119li\u015bmy \u2013 nietypowo \u2013 Marszem Tureckim ( pe\u0142na wersja !) w wykonaniu Marysi \u015awiderskiej, potem od\u015bpiewali\u015bmy Mazurka D\u0105browskiego i wszed\u0142 poczet sztandarowy. Po kilku informacjach &hellip;<\/p>\n","protected":false},"author":1,"featured_media":1323,"comment_status":"closed","ping_status":"closed","sticky":false,"template":"","format":"standard","meta":{"footnotes":""},"categories":[1],"tags":[],"class_list":["post-1320","post","type-post","status-publish","format-standard","has-post-thumbnail","hentry","category-bez-kategorii"],"_links":{"self":[{"href":"https:\/\/liceum.kard.hlonda.pl\/index.php\/wp-json\/wp\/v2\/posts\/1320","targetHints":{"allow":["GET"]}}],"collection":[{"href":"https:\/\/liceum.kard.hlonda.pl\/index.php\/wp-json\/wp\/v2\/posts"}],"about":[{"href":"https:\/\/liceum.kard.hlonda.pl\/index.php\/wp-json\/wp\/v2\/types\/post"}],"author":[{"embeddable":true,"href":"https:\/\/liceum.kard.hlonda.pl\/index.php\/wp-json\/wp\/v2\/users\/1"}],"replies":[{"embeddable":true,"href":"https:\/\/liceum.kard.hlonda.pl\/index.php\/wp-json\/wp\/v2\/comments?post=1320"}],"version-history":[{"count":1,"href":"https:\/\/liceum.kard.hlonda.pl\/index.php\/wp-json\/wp\/v2\/posts\/1320\/revisions"}],"predecessor-version":[{"id":1350,"href":"https:\/\/liceum.kard.hlonda.pl\/index.php\/wp-json\/wp\/v2\/posts\/1320\/revisions\/1350"}],"wp:featuredmedia":[{"embeddable":true,"href":"https:\/\/liceum.kard.hlonda.pl\/index.php\/wp-json\/wp\/v2\/media\/1323"}],"wp:attachment":[{"href":"https:\/\/liceum.kard.hlonda.pl\/index.php\/wp-json\/wp\/v2\/media?parent=1320"}],"wp:term":[{"taxonomy":"category","embeddable":true,"href":"https:\/\/liceum.kard.hlonda.pl\/index.php\/wp-json\/wp\/v2\/categories?post=1320"},{"taxonomy":"post_tag","embeddable":true,"href":"https:\/\/liceum.kard.hlonda.pl\/index.php\/wp-json\/wp\/v2\/tags?post=1320"}],"curies":[{"name":"wp","href":"https:\/\/api.w.org\/{rel}","templated":true}]}}