{"id":137,"date":"2019-11-24T22:36:10","date_gmt":"2019-11-24T21:36:10","guid":{"rendered":"http:\/\/liceum.kard.hlonda.pl\/?p=137"},"modified":"2019-11-24T22:50:07","modified_gmt":"2019-11-24T21:50:07","slug":"spotkanie-z-ambasador-irlandii","status":"publish","type":"post","link":"https:\/\/liceum.kard.hlonda.pl\/index.php\/2019\/11\/24\/spotkanie-z-ambasador-irlandii\/","title":{"rendered":"Spotkanie z ambasador Irlandii"},"content":{"rendered":"<p style=\"text-align: justify;\">W dniu 21.11.2019 z racji przypadaj\u0105cej 20 rocznicy utworzenia Honorowego Konsulatu Irlandii w Poznaniu zostali\u015bmy zaproszeni na wyk\u0142ad prof Petera Gray pt &#8222;Pawe\u0142 Strzelecki i Great Irish Femine&#8221; kt\u00f3ry odby\u0142 si\u0119 w Sali Bia\u0142ej Urz\u0119du Miasta Poznania. Po wyk\u0142adzie mieli\u015bmy zaszczyt spotkania si\u0119 i przedstawienia naszej Szko\u0142y jej ekscelencji ambasador Irlandii w Polsce p. Emer O&#8217;Connel. Pani ambasador zainteresowa\u0142a si\u0119 Nasz\u0105 Szko\u0142\u0105 i w bardzo ciep\u0142ych s\u0142owach wyrazi\u0142a nadziej\u0119 na dalsze i owocne pog\u0142\u0119bianie wsp\u00f3\u0142pracy Szko\u0142y z Fundacj\u0105 Kultury Irlandzkiej oraz Ambasad\u0105.<\/p>\n<div id='gallery-1' class='gallery galleryid-137 gallery-columns-3 gallery-size-medium'><figure class='gallery-item'>\n\t\t\t<div class='gallery-icon portrait'>\n\t\t\t\t<a href='https:\/\/liceum.kard.hlonda.pl\/index.php\/2019\/11\/24\/spotkanie-z-ambasador-irlandii\/ambas-2\/'><img loading=\"lazy\" decoding=\"async\" width=\"225\" height=\"300\" src=\"https:\/\/liceum.kard.hlonda.pl\/wp-content\/uploads\/2019\/11\/ambas-2-225x300.jpg\" class=\"attachment-medium size-medium\" alt=\"\" srcset=\"https:\/\/liceum.kard.hlonda.pl\/wp-content\/uploads\/2019\/11\/ambas-2-225x300.jpg 225w, https:\/\/liceum.kard.hlonda.pl\/wp-content\/uploads\/2019\/11\/ambas-2-768x1024.jpg 768w, https:\/\/liceum.kard.hlonda.pl\/wp-content\/uploads\/2019\/11\/ambas-2-263x350.jpg 263w, https:\/\/liceum.kard.hlonda.pl\/wp-content\/uploads\/2019\/11\/ambas-2.jpg 960w\" sizes=\"auto, (max-width: 225px) 100vw, 225px\" \/><\/a>\n\t\t\t<\/div><\/figure><figure class='gallery-item'>\n\t\t\t<div class='gallery-icon landscape'>\n\t\t\t\t<a href='https:\/\/liceum.kard.hlonda.pl\/index.php\/2019\/11\/24\/spotkanie-z-ambasador-irlandii\/anb3\/'><img loading=\"lazy\" decoding=\"async\" width=\"300\" height=\"225\" src=\"https:\/\/liceum.kard.hlonda.pl\/wp-content\/uploads\/2019\/11\/anb3-300x225.jpg\" class=\"attachment-medium size-medium\" alt=\"\" srcset=\"https:\/\/liceum.kard.hlonda.pl\/wp-content\/uploads\/2019\/11\/anb3-300x225.jpg 300w, https:\/\/liceum.kard.hlonda.pl\/wp-content\/uploads\/2019\/11\/anb3-1024x768.jpg 1024w, https:\/\/liceum.kard.hlonda.pl\/wp-content\/uploads\/2019\/11\/anb3-768x576.jpg 768w, https:\/\/liceum.kard.hlonda.pl\/wp-content\/uploads\/2019\/11\/anb3-467x350.jpg 467w, https:\/\/liceum.kard.hlonda.pl\/wp-content\/uploads\/2019\/11\/anb3.jpg 1280w\" sizes=\"auto, (max-width: 300px) 100vw, 300px\" \/><\/a>\n\t\t\t<\/div><\/figure><figure class='gallery-item'>\n\t\t\t<div class='gallery-icon portrait'>\n\t\t\t\t<a href='https:\/\/liceum.kard.hlonda.pl\/index.php\/2019\/11\/24\/spotkanie-z-ambasador-irlandii\/z-ambasador1\/'><img loading=\"lazy\" decoding=\"async\" width=\"225\" height=\"300\" src=\"https:\/\/liceum.kard.hlonda.pl\/wp-content\/uploads\/2019\/11\/z-ambasador1-225x300.jpg\" class=\"attachment-medium size-medium\" alt=\"\" srcset=\"https:\/\/liceum.kard.hlonda.pl\/wp-content\/uploads\/2019\/11\/z-ambasador1-225x300.jpg 225w, https:\/\/liceum.kard.hlonda.pl\/wp-content\/uploads\/2019\/11\/z-ambasador1-768x1024.jpg 768w, https:\/\/liceum.kard.hlonda.pl\/wp-content\/uploads\/2019\/11\/z-ambasador1-263x350.jpg 263w, https:\/\/liceum.kard.hlonda.pl\/wp-content\/uploads\/2019\/11\/z-ambasador1.jpg 960w\" sizes=\"auto, (max-width: 225px) 100vw, 225px\" \/><\/a>\n\t\t\t<\/div><\/figure>\n\t\t<\/div>\n\n","protected":false},"excerpt":{"rendered":"<p>W dniu 21.11.2019 z racji przypadaj\u0105cej 20 rocznicy utworzenia Honorowego Konsulatu Irlandii w Poznaniu zostali\u015bmy zaproszeni na wyk\u0142ad prof Petera Gray pt &#8222;Pawe\u0142 Strzelecki i Great Irish Femine&#8221; kt\u00f3ry odby\u0142 si\u0119 w Sali Bia\u0142ej Urz\u0119du Miasta Poznania. Po wyk\u0142adzie mieli\u015bmy zaszczyt spotkania si\u0119 i przedstawienia naszej Szko\u0142y jej ekscelencji ambasador &hellip;<\/p>\n","protected":false},"author":1,"featured_media":139,"comment_status":"closed","ping_status":"closed","sticky":false,"template":"","format":"standard","meta":{"footnotes":""},"categories":[1],"tags":[],"class_list":["post-137","post","type-post","status-publish","format-standard","has-post-thumbnail","hentry","category-bez-kategorii"],"_links":{"self":[{"href":"https:\/\/liceum.kard.hlonda.pl\/index.php\/wp-json\/wp\/v2\/posts\/137","targetHints":{"allow":["GET"]}}],"collection":[{"href":"https:\/\/liceum.kard.hlonda.pl\/index.php\/wp-json\/wp\/v2\/posts"}],"about":[{"href":"https:\/\/liceum.kard.hlonda.pl\/index.php\/wp-json\/wp\/v2\/types\/post"}],"author":[{"embeddable":true,"href":"https:\/\/liceum.kard.hlonda.pl\/index.php\/wp-json\/wp\/v2\/users\/1"}],"replies":[{"embeddable":true,"href":"https:\/\/liceum.kard.hlonda.pl\/index.php\/wp-json\/wp\/v2\/comments?post=137"}],"version-history":[{"count":1,"href":"https:\/\/liceum.kard.hlonda.pl\/index.php\/wp-json\/wp\/v2\/posts\/137\/revisions"}],"predecessor-version":[{"id":141,"href":"https:\/\/liceum.kard.hlonda.pl\/index.php\/wp-json\/wp\/v2\/posts\/137\/revisions\/141"}],"wp:featuredmedia":[{"embeddable":true,"href":"https:\/\/liceum.kard.hlonda.pl\/index.php\/wp-json\/wp\/v2\/media\/139"}],"wp:attachment":[{"href":"https:\/\/liceum.kard.hlonda.pl\/index.php\/wp-json\/wp\/v2\/media?parent=137"}],"wp:term":[{"taxonomy":"category","embeddable":true,"href":"https:\/\/liceum.kard.hlonda.pl\/index.php\/wp-json\/wp\/v2\/categories?post=137"},{"taxonomy":"post_tag","embeddable":true,"href":"https:\/\/liceum.kard.hlonda.pl\/index.php\/wp-json\/wp\/v2\/tags?post=137"}],"curies":[{"name":"wp","href":"https:\/\/api.w.org\/{rel}","templated":true}]}}