{"id":1411,"date":"2021-11-11T15:17:55","date_gmt":"2021-11-11T14:17:55","guid":{"rendered":"http:\/\/liceum.kard.hlonda.pl\/?p=1411"},"modified":"2021-11-11T15:17:55","modified_gmt":"2021-11-11T14:17:55","slug":"dzisiaj-uczcilismy-narodowe-swieto-niepodleglosci","status":"publish","type":"post","link":"https:\/\/liceum.kard.hlonda.pl\/index.php\/2021\/11\/11\/dzisiaj-uczcilismy-narodowe-swieto-niepodleglosci\/","title":{"rendered":"Dzisiaj uczcili\u015bmy Narodowe \u015awi\u0119to Niepodleg\u0142o\u015bci"},"content":{"rendered":"<p>Fotorelacja:<\/p>\n<div id='gallery-1' class='gallery galleryid-1411 gallery-columns-4 gallery-size-medium'><figure class='gallery-item'>\n\t\t\t<div class='gallery-icon portrait'>\n\t\t\t\t<a href='https:\/\/liceum.kard.hlonda.pl\/index.php\/2021\/11\/11\/dzisiaj-uczcilismy-narodowe-swieto-niepodleglosci\/5-5\/'><img loading=\"lazy\" decoding=\"async\" width=\"225\" height=\"300\" src=\"https:\/\/liceum.kard.hlonda.pl\/wp-content\/uploads\/2021\/11\/5-225x300.jpg\" class=\"attachment-medium size-medium\" alt=\"\" srcset=\"https:\/\/liceum.kard.hlonda.pl\/wp-content\/uploads\/2021\/11\/5-225x300.jpg 225w, https:\/\/liceum.kard.hlonda.pl\/wp-content\/uploads\/2021\/11\/5-263x350.jpg 263w, https:\/\/liceum.kard.hlonda.pl\/wp-content\/uploads\/2021\/11\/5.jpg 360w\" sizes=\"auto, (max-width: 225px) 100vw, 225px\" \/><\/a>\n\t\t\t<\/div><\/figure><figure class='gallery-item'>\n\t\t\t<div class='gallery-icon portrait'>\n\t\t\t\t<a href='https:\/\/liceum.kard.hlonda.pl\/index.php\/2021\/11\/11\/dzisiaj-uczcilismy-narodowe-swieto-niepodleglosci\/8-2\/'><img loading=\"lazy\" decoding=\"async\" width=\"225\" height=\"300\" src=\"https:\/\/liceum.kard.hlonda.pl\/wp-content\/uploads\/2021\/11\/8-225x300.jpg\" class=\"attachment-medium size-medium\" alt=\"\" srcset=\"https:\/\/liceum.kard.hlonda.pl\/wp-content\/uploads\/2021\/11\/8-225x300.jpg 225w, https:\/\/liceum.kard.hlonda.pl\/wp-content\/uploads\/2021\/11\/8-263x350.jpg 263w, https:\/\/liceum.kard.hlonda.pl\/wp-content\/uploads\/2021\/11\/8.jpg 360w\" sizes=\"auto, (max-width: 225px) 100vw, 225px\" \/><\/a>\n\t\t\t<\/div><\/figure><figure class='gallery-item'>\n\t\t\t<div class='gallery-icon landscape'>\n\t\t\t\t<a href='https:\/\/liceum.kard.hlonda.pl\/index.php\/2021\/11\/11\/dzisiaj-uczcilismy-narodowe-swieto-niepodleglosci\/attachment\/14\/'><img loading=\"lazy\" decoding=\"async\" width=\"300\" height=\"225\" src=\"https:\/\/liceum.kard.hlonda.pl\/wp-content\/uploads\/2021\/11\/14-300x225.jpg\" class=\"attachment-medium size-medium\" alt=\"\" srcset=\"https:\/\/liceum.kard.hlonda.pl\/wp-content\/uploads\/2021\/11\/14-300x225.jpg 300w, https:\/\/liceum.kard.hlonda.pl\/wp-content\/uploads\/2021\/11\/14-467x350.jpg 467w, https:\/\/liceum.kard.hlonda.pl\/wp-content\/uploads\/2021\/11\/14.jpg 640w\" sizes=\"auto, (max-width: 300px) 100vw, 300px\" \/><\/a>\n\t\t\t<\/div><\/figure><figure class='gallery-item'>\n\t\t\t<div class='gallery-icon portrait'>\n\t\t\t\t<a href='https:\/\/liceum.kard.hlonda.pl\/index.php\/2021\/11\/11\/dzisiaj-uczcilismy-narodowe-swieto-niepodleglosci\/1-9\/'><img loading=\"lazy\" decoding=\"async\" width=\"225\" height=\"300\" src=\"https:\/\/liceum.kard.hlonda.pl\/wp-content\/uploads\/2021\/11\/1-225x300.jpg\" class=\"attachment-medium size-medium\" alt=\"\" srcset=\"https:\/\/liceum.kard.hlonda.pl\/wp-content\/uploads\/2021\/11\/1-225x300.jpg 225w, https:\/\/liceum.kard.hlonda.pl\/wp-content\/uploads\/2021\/11\/1-263x350.jpg 263w, https:\/\/liceum.kard.hlonda.pl\/wp-content\/uploads\/2021\/11\/1.jpg 360w\" sizes=\"auto, (max-width: 225px) 100vw, 225px\" \/><\/a>\n\t\t\t<\/div><\/figure><figure class='gallery-item'>\n\t\t\t<div class='gallery-icon portrait'>\n\t\t\t\t<a href='https:\/\/liceum.kard.hlonda.pl\/index.php\/2021\/11\/11\/dzisiaj-uczcilismy-narodowe-swieto-niepodleglosci\/attachment\/12\/'><img loading=\"lazy\" decoding=\"async\" width=\"225\" height=\"300\" src=\"https:\/\/liceum.kard.hlonda.pl\/wp-content\/uploads\/2021\/11\/12-225x300.jpg\" class=\"attachment-medium size-medium\" alt=\"\" srcset=\"https:\/\/liceum.kard.hlonda.pl\/wp-content\/uploads\/2021\/11\/12-225x300.jpg 225w, https:\/\/liceum.kard.hlonda.pl\/wp-content\/uploads\/2021\/11\/12-263x350.jpg 263w, https:\/\/liceum.kard.hlonda.pl\/wp-content\/uploads\/2021\/11\/12.jpg 360w\" sizes=\"auto, (max-width: 225px) 100vw, 225px\" \/><\/a>\n\t\t\t<\/div><\/figure><figure class='gallery-item'>\n\t\t\t<div class='gallery-icon portrait'>\n\t\t\t\t<a href='https:\/\/liceum.kard.hlonda.pl\/index.php\/2021\/11\/11\/dzisiaj-uczcilismy-narodowe-swieto-niepodleglosci\/6-3\/'><img loading=\"lazy\" decoding=\"async\" width=\"225\" height=\"300\" src=\"https:\/\/liceum.kard.hlonda.pl\/wp-content\/uploads\/2021\/11\/6-225x300.jpg\" class=\"attachment-medium size-medium\" alt=\"\" srcset=\"https:\/\/liceum.kard.hlonda.pl\/wp-content\/uploads\/2021\/11\/6-225x300.jpg 225w, https:\/\/liceum.kard.hlonda.pl\/wp-content\/uploads\/2021\/11\/6-263x350.jpg 263w, https:\/\/liceum.kard.hlonda.pl\/wp-content\/uploads\/2021\/11\/6.jpg 360w\" sizes=\"auto, (max-width: 225px) 100vw, 225px\" \/><\/a>\n\t\t\t<\/div><\/figure><figure class='gallery-item'>\n\t\t\t<div class='gallery-icon portrait'>\n\t\t\t\t<a href='https:\/\/liceum.kard.hlonda.pl\/index.php\/2021\/11\/11\/dzisiaj-uczcilismy-narodowe-swieto-niepodleglosci\/3-10\/'><img loading=\"lazy\" decoding=\"async\" width=\"225\" height=\"300\" src=\"https:\/\/liceum.kard.hlonda.pl\/wp-content\/uploads\/2021\/11\/3-225x300.jpg\" class=\"attachment-medium size-medium\" alt=\"\" srcset=\"https:\/\/liceum.kard.hlonda.pl\/wp-content\/uploads\/2021\/11\/3-225x300.jpg 225w, https:\/\/liceum.kard.hlonda.pl\/wp-content\/uploads\/2021\/11\/3-263x350.jpg 263w, https:\/\/liceum.kard.hlonda.pl\/wp-content\/uploads\/2021\/11\/3.jpg 360w\" sizes=\"auto, (max-width: 225px) 100vw, 225px\" \/><\/a>\n\t\t\t<\/div><\/figure><figure class='gallery-item'>\n\t\t\t<div class='gallery-icon portrait'>\n\t\t\t\t<a href='https:\/\/liceum.kard.hlonda.pl\/index.php\/2021\/11\/11\/dzisiaj-uczcilismy-narodowe-swieto-niepodleglosci\/attachment\/13\/'><img loading=\"lazy\" decoding=\"async\" width=\"225\" height=\"300\" src=\"https:\/\/liceum.kard.hlonda.pl\/wp-content\/uploads\/2021\/11\/13-225x300.jpg\" class=\"attachment-medium size-medium\" alt=\"\" srcset=\"https:\/\/liceum.kard.hlonda.pl\/wp-content\/uploads\/2021\/11\/13-225x300.jpg 225w, https:\/\/liceum.kard.hlonda.pl\/wp-content\/uploads\/2021\/11\/13-263x350.jpg 263w, https:\/\/liceum.kard.hlonda.pl\/wp-content\/uploads\/2021\/11\/13.jpg 360w\" sizes=\"auto, (max-width: 225px) 100vw, 225px\" \/><\/a>\n\t\t\t<\/div><\/figure><figure class='gallery-item'>\n\t\t\t<div class='gallery-icon portrait'>\n\t\t\t\t<a href='https:\/\/liceum.kard.hlonda.pl\/index.php\/2021\/11\/11\/dzisiaj-uczcilismy-narodowe-swieto-niepodleglosci\/10-2\/'><img loading=\"lazy\" decoding=\"async\" width=\"225\" height=\"300\" src=\"https:\/\/liceum.kard.hlonda.pl\/wp-content\/uploads\/2021\/11\/10-225x300.jpg\" class=\"attachment-medium size-medium\" alt=\"\" srcset=\"https:\/\/liceum.kard.hlonda.pl\/wp-content\/uploads\/2021\/11\/10-225x300.jpg 225w, https:\/\/liceum.kard.hlonda.pl\/wp-content\/uploads\/2021\/11\/10-263x350.jpg 263w, https:\/\/liceum.kard.hlonda.pl\/wp-content\/uploads\/2021\/11\/10.jpg 360w\" sizes=\"auto, (max-width: 225px) 100vw, 225px\" \/><\/a>\n\t\t\t<\/div><\/figure><figure class='gallery-item'>\n\t\t\t<div class='gallery-icon portrait'>\n\t\t\t\t<a href='https:\/\/liceum.kard.hlonda.pl\/index.php\/2021\/11\/11\/dzisiaj-uczcilismy-narodowe-swieto-niepodleglosci\/7-2\/'><img loading=\"lazy\" decoding=\"async\" width=\"225\" height=\"300\" src=\"https:\/\/liceum.kard.hlonda.pl\/wp-content\/uploads\/2021\/11\/7-225x300.jpg\" class=\"attachment-medium size-medium\" alt=\"\" srcset=\"https:\/\/liceum.kard.hlonda.pl\/wp-content\/uploads\/2021\/11\/7-225x300.jpg 225w, https:\/\/liceum.kard.hlonda.pl\/wp-content\/uploads\/2021\/11\/7-263x350.jpg 263w, https:\/\/liceum.kard.hlonda.pl\/wp-content\/uploads\/2021\/11\/7.jpg 360w\" sizes=\"auto, (max-width: 225px) 100vw, 225px\" \/><\/a>\n\t\t\t<\/div><\/figure><figure class='gallery-item'>\n\t\t\t<div class='gallery-icon portrait'>\n\t\t\t\t<a href='https:\/\/liceum.kard.hlonda.pl\/index.php\/2021\/11\/11\/dzisiaj-uczcilismy-narodowe-swieto-niepodleglosci\/4-8\/'><img loading=\"lazy\" decoding=\"async\" width=\"225\" height=\"300\" src=\"https:\/\/liceum.kard.hlonda.pl\/wp-content\/uploads\/2021\/11\/4-225x300.jpg\" class=\"attachment-medium size-medium\" alt=\"\" srcset=\"https:\/\/liceum.kard.hlonda.pl\/wp-content\/uploads\/2021\/11\/4-225x300.jpg 225w, https:\/\/liceum.kard.hlonda.pl\/wp-content\/uploads\/2021\/11\/4-263x350.jpg 263w, https:\/\/liceum.kard.hlonda.pl\/wp-content\/uploads\/2021\/11\/4.jpg 360w\" sizes=\"auto, (max-width: 225px) 100vw, 225px\" \/><\/a>\n\t\t\t<\/div><\/figure><figure class='gallery-item'>\n\t\t\t<div class='gallery-icon portrait'>\n\t\t\t\t<a href='https:\/\/liceum.kard.hlonda.pl\/index.php\/2021\/11\/11\/dzisiaj-uczcilismy-narodowe-swieto-niepodleglosci\/attachment\/11\/'><img loading=\"lazy\" decoding=\"async\" width=\"225\" height=\"300\" src=\"https:\/\/liceum.kard.hlonda.pl\/wp-content\/uploads\/2021\/11\/11-225x300.jpg\" class=\"attachment-medium size-medium\" alt=\"\" srcset=\"https:\/\/liceum.kard.hlonda.pl\/wp-content\/uploads\/2021\/11\/11-225x300.jpg 225w, https:\/\/liceum.kard.hlonda.pl\/wp-content\/uploads\/2021\/11\/11-263x350.jpg 263w, https:\/\/liceum.kard.hlonda.pl\/wp-content\/uploads\/2021\/11\/11.jpg 360w\" sizes=\"auto, (max-width: 225px) 100vw, 225px\" \/><\/a>\n\t\t\t<\/div><\/figure>\n\t\t<\/div>\n\n","protected":false},"excerpt":{"rendered":"<p>Fotorelacja:<\/p>\n","protected":false},"author":1,"featured_media":1413,"comment_status":"closed","ping_status":"closed","sticky":false,"template":"","format":"standard","meta":{"footnotes":""},"categories":[1],"tags":[],"class_list":["post-1411","post","type-post","status-publish","format-standard","has-post-thumbnail","hentry","category-bez-kategorii"],"_links":{"self":[{"href":"https:\/\/liceum.kard.hlonda.pl\/index.php\/wp-json\/wp\/v2\/posts\/1411","targetHints":{"allow":["GET"]}}],"collection":[{"href":"https:\/\/liceum.kard.hlonda.pl\/index.php\/wp-json\/wp\/v2\/posts"}],"about":[{"href":"https:\/\/liceum.kard.hlonda.pl\/index.php\/wp-json\/wp\/v2\/types\/post"}],"author":[{"embeddable":true,"href":"https:\/\/liceum.kard.hlonda.pl\/index.php\/wp-json\/wp\/v2\/users\/1"}],"replies":[{"embeddable":true,"href":"https:\/\/liceum.kard.hlonda.pl\/index.php\/wp-json\/wp\/v2\/comments?post=1411"}],"version-history":[{"count":1,"href":"https:\/\/liceum.kard.hlonda.pl\/index.php\/wp-json\/wp\/v2\/posts\/1411\/revisions"}],"predecessor-version":[{"id":1426,"href":"https:\/\/liceum.kard.hlonda.pl\/index.php\/wp-json\/wp\/v2\/posts\/1411\/revisions\/1426"}],"wp:featuredmedia":[{"embeddable":true,"href":"https:\/\/liceum.kard.hlonda.pl\/index.php\/wp-json\/wp\/v2\/media\/1413"}],"wp:attachment":[{"href":"https:\/\/liceum.kard.hlonda.pl\/index.php\/wp-json\/wp\/v2\/media?parent=1411"}],"wp:term":[{"taxonomy":"category","embeddable":true,"href":"https:\/\/liceum.kard.hlonda.pl\/index.php\/wp-json\/wp\/v2\/categories?post=1411"},{"taxonomy":"post_tag","embeddable":true,"href":"https:\/\/liceum.kard.hlonda.pl\/index.php\/wp-json\/wp\/v2\/tags?post=1411"}],"curies":[{"name":"wp","href":"https:\/\/api.w.org\/{rel}","templated":true}]}}