{"id":1427,"date":"2021-11-14T00:13:56","date_gmt":"2021-11-13T23:13:56","guid":{"rendered":"http:\/\/liceum.kard.hlonda.pl\/?p=1427"},"modified":"2021-11-14T00:13:56","modified_gmt":"2021-11-13T23:13:56","slug":"103-rocznica-odzyskania-niepodleglosci-przez-polske","status":"publish","type":"post","link":"https:\/\/liceum.kard.hlonda.pl\/index.php\/2021\/11\/14\/103-rocznica-odzyskania-niepodleglosci-przez-polske\/","title":{"rendered":"103 rocznica odzyskania niepodleg\u0142o\u015bci przez Polsk\u0119"},"content":{"rendered":"<p style=\"text-align: justify;\">Czym jest dla nas Ojczyzna, niepodleg\u0142o\u015b\u0107, wolno\u015b\u0107? To pytanie zadawali sobie wielcy Polacy, nasi przodkowie, jest ono bardzo wa\u017cne tak\u017ce i dzisiaj.<\/p>\n<p style=\"text-align: justify;\">10 listopada 2021 o godzinie 11 zgromadzili\u015bmy si\u0119 w holu szko\u0142y, aby \u015bwi\u0119towa\u0107 103 rocznic\u0119 odzyskania przez Polsk\u0119 suwerenno\u015bci po wielu latach niewoli.<\/p>\n<p style=\"text-align: justify;\">Apel rozpocz\u0119li\u015bmy o 11.11 od\u015bpiewaniem czterech zwrotek Hymnu Narodowego, okaza\u0142o si\u0119, \u017ce uczniowie naszej szko\u0142y znaj\u0105 tekst bardzo dobrze. Po kr\u00f3tkiej modlitwie za poleg\u0142ych \u017co\u0142nierzy przyszed\u0142 czas na cz\u0119\u015b\u0107 artystyczn\u0105. Kr\u00f3tki rys historyczny, opracowany przez Filipa D\u0142uba\u0142\u0119, przypomnia\u0142 nam wszystkim, jakie wydarzenia poprzedzi\u0142y odzyskanie niepodleg\u0142o\u015bci. Tekst przedstawi\u0142a Karolina Winiarska z klasy 1 LO. Maria Hofman i Filip D\u0142uba\u0142a przypomnieli nam bardzo wa\u017cn\u0105 my\u015bl z \u201cWesela \u201cSt. Wyspia\u0144skiego. Nawet, je\u015bli kraju nie ma na mapie Europy, ka\u017cdy Polak ma j\u0105 w sercu! Pi\u0119kna pie\u015b\u0144 Marka Grechuty \u201eOjczyzna\u201d, wykonana przez Martyn\u0119 Witkowsk\u0105, przekaza\u0142a prawd\u0119, i\u017c na mi\u0142o\u015b\u0107 do Ojczyzny sk\u0142ada si\u0119 tak\u017ce umi\u0142owanie polskiej mowy, sztuki, poznanie Jej historii. Na cz\u0119\u015b\u0107 artystyczn\u0105 z\u0142o\u017cy\u0142 si\u0119 tak\u017ce wiersz W. Szymborskiej \u201eGaw\u0119da o mi\u0142o\u015bci ziemi ojczystej\u201d i pie\u015b\u0144 \u201eTaki kraj \u201c, kt\u00f3re pi\u0119knie wykona\u0142a Joanna Romanowska. By\u0142o wi\u0119c troch\u0119 zabawnie, troch\u0119 nostalgicznie i refleksyjnie. Na zako\u0144czenie wszyscy wyst\u0119puj\u0105cy zostali nagrodzeni gromkimi brawami a Pani Dyrektor przekaza\u0142a naszej spo\u0142eczno\u015bci bardzo radosn\u0105 wiadomo\u015b\u0107 &#8211; dwoje licealist\u00f3w, Filip D\u0142uba\u0142a i Zuzanna Czo\u0142gosz, za swoje bardzo dobre wyniki w nauce i zaanga\u017cowanie w \u017cycie szko\u0142y zostali nagrodzeni stypendium Prezesa Rady Ministr\u00f3w. Serdecznie gratulujemy! My\u015bl\u0119, \u017ce to spotkanie dostarczy\u0142o uczniom wielu wzrusze\u0144 i by\u0142o okazj\u0105 do refleksji. Pami\u0119tajmy, \u017ce patriot\u0105 mo\u017cna by\u0107 nie tylko w czasie wojny, ale r\u00f3wnie\u017c w czasie pokoju! Do zobaczenia za rok!<\/p>\n<p style=\"text-align: right;\">Ewa Piotrowska, polonistka.<\/p>\n","protected":false},"excerpt":{"rendered":"<p>Czym jest dla nas Ojczyzna, niepodleg\u0142o\u015b\u0107, wolno\u015b\u0107? To pytanie zadawali sobie wielcy Polacy, nasi przodkowie, jest ono bardzo wa\u017cne tak\u017ce i dzisiaj. 10 listopada 2021 o godzinie 11 zgromadzili\u015bmy si\u0119 w holu szko\u0142y, aby \u015bwi\u0119towa\u0107 103 rocznic\u0119 odzyskania przez Polsk\u0119 suwerenno\u015bci po wielu latach niewoli. Apel rozpocz\u0119li\u015bmy o 11.11 od\u015bpiewaniem &hellip;<\/p>\n","protected":false},"author":1,"featured_media":0,"comment_status":"closed","ping_status":"closed","sticky":false,"template":"","format":"standard","meta":{"footnotes":""},"categories":[1],"tags":[],"class_list":["post-1427","post","type-post","status-publish","format-standard","hentry","category-bez-kategorii"],"_links":{"self":[{"href":"https:\/\/liceum.kard.hlonda.pl\/index.php\/wp-json\/wp\/v2\/posts\/1427","targetHints":{"allow":["GET"]}}],"collection":[{"href":"https:\/\/liceum.kard.hlonda.pl\/index.php\/wp-json\/wp\/v2\/posts"}],"about":[{"href":"https:\/\/liceum.kard.hlonda.pl\/index.php\/wp-json\/wp\/v2\/types\/post"}],"author":[{"embeddable":true,"href":"https:\/\/liceum.kard.hlonda.pl\/index.php\/wp-json\/wp\/v2\/users\/1"}],"replies":[{"embeddable":true,"href":"https:\/\/liceum.kard.hlonda.pl\/index.php\/wp-json\/wp\/v2\/comments?post=1427"}],"version-history":[{"count":1,"href":"https:\/\/liceum.kard.hlonda.pl\/index.php\/wp-json\/wp\/v2\/posts\/1427\/revisions"}],"predecessor-version":[{"id":1428,"href":"https:\/\/liceum.kard.hlonda.pl\/index.php\/wp-json\/wp\/v2\/posts\/1427\/revisions\/1428"}],"wp:attachment":[{"href":"https:\/\/liceum.kard.hlonda.pl\/index.php\/wp-json\/wp\/v2\/media?parent=1427"}],"wp:term":[{"taxonomy":"category","embeddable":true,"href":"https:\/\/liceum.kard.hlonda.pl\/index.php\/wp-json\/wp\/v2\/categories?post=1427"},{"taxonomy":"post_tag","embeddable":true,"href":"https:\/\/liceum.kard.hlonda.pl\/index.php\/wp-json\/wp\/v2\/tags?post=1427"}],"curies":[{"name":"wp","href":"https:\/\/api.w.org\/{rel}","templated":true}]}}