{"id":1549,"date":"2022-03-04T00:03:35","date_gmt":"2022-03-03T23:03:35","guid":{"rendered":"http:\/\/liceum.kard.hlonda.pl\/?p=1549"},"modified":"2022-03-04T00:03:35","modified_gmt":"2022-03-03T23:03:35","slug":"pierwszy-czwartek-miesiaca","status":"publish","type":"post","link":"https:\/\/liceum.kard.hlonda.pl\/index.php\/2022\/03\/04\/pierwszy-czwartek-miesiaca\/","title":{"rendered":"Pierwszy Czwartek Miesi\u0105ca"},"content":{"rendered":"<p style=\"text-align: justify;\">Po d\u0142u\u017cszej przerwie spowodowanej nauk\u0105 zdaln\u0105 oraz feriami \u015bwi\u0105tecznymi spotkali\u015bmy si\u0119 ponownie w kaplicy Si\u00f3str Mi\u0142osierdzia \u015bw Wincentego a Paulo. Mszy pierwszoczwartkowej przewodniczy\u0142 ksi\u0105dz Rados\u0142aw, towarzyszy\u0142 mu ksi\u0105dz Marek oraz ministranci. Homili\u0119 wyg\u0142osi\u0142 ksi\u0105dz Marek.<\/p>\n<p style=\"text-align: justify;\">Zar\u00f3wno w jego wypowiedzi, jak i w modlitwie wiernych nie mog\u0142o zabrakn\u0105\u0107 odniesie\u0144 do dramatycznej sytuacji naszych wschodnich s\u0105siad\u00f3w &#8211; Ukrai\u0144c\u00f3w, kt\u00f3rzy tocz\u0105 zaciek\u0142e zmagania z przewa\u017caj\u0105cymi si\u0142ami rosyjskiego agresora.<\/p>\n<p style=\"text-align: justify;\">Posileni uczt\u0105 eucharystyczn\u0105 udali\u015bmy si\u0119 do szko\u0142y, aby z nowymi si\u0142ami kontynuowa\u0107 nasz\u0105 prac\u0119 i nauk\u0119.<\/p>\n<p style=\"text-align: right;\">Szcz\u0119\u015b\u0107 Bo\u017ce wszystkim!<\/p>\n<div id='gallery-1' class='gallery galleryid-1549 gallery-columns-4 gallery-size-medium'><figure class='gallery-item'>\n\t\t\t<div class='gallery-icon landscape'>\n\t\t\t\t<a href='https:\/\/liceum.kard.hlonda.pl\/index.php\/2022\/03\/04\/pierwszy-czwartek-miesiaca\/a-1\/'><img loading=\"lazy\" decoding=\"async\" width=\"300\" height=\"200\" src=\"https:\/\/liceum.kard.hlonda.pl\/wp-content\/uploads\/2022\/03\/a-1-300x200.jpg\" class=\"attachment-medium size-medium\" alt=\"\" srcset=\"https:\/\/liceum.kard.hlonda.pl\/wp-content\/uploads\/2022\/03\/a-1-300x200.jpg 300w, https:\/\/liceum.kard.hlonda.pl\/wp-content\/uploads\/2022\/03\/a-1-526x350.jpg 526w, https:\/\/liceum.kard.hlonda.pl\/wp-content\/uploads\/2022\/03\/a-1.jpg 640w\" sizes=\"auto, (max-width: 300px) 100vw, 300px\" \/><\/a>\n\t\t\t<\/div><\/figure><figure class='gallery-item'>\n\t\t\t<div class='gallery-icon landscape'>\n\t\t\t\t<a href='https:\/\/liceum.kard.hlonda.pl\/index.php\/2022\/03\/04\/pierwszy-czwartek-miesiaca\/a-2-2\/'><img loading=\"lazy\" decoding=\"async\" width=\"300\" height=\"200\" src=\"https:\/\/liceum.kard.hlonda.pl\/wp-content\/uploads\/2022\/03\/a-2-300x200.jpg\" class=\"attachment-medium size-medium\" alt=\"\" srcset=\"https:\/\/liceum.kard.hlonda.pl\/wp-content\/uploads\/2022\/03\/a-2-300x200.jpg 300w, https:\/\/liceum.kard.hlonda.pl\/wp-content\/uploads\/2022\/03\/a-2-526x350.jpg 526w, https:\/\/liceum.kard.hlonda.pl\/wp-content\/uploads\/2022\/03\/a-2.jpg 640w\" sizes=\"auto, (max-width: 300px) 100vw, 300px\" \/><\/a>\n\t\t\t<\/div><\/figure><figure class='gallery-item'>\n\t\t\t<div class='gallery-icon landscape'>\n\t\t\t\t<a href='https:\/\/liceum.kard.hlonda.pl\/index.php\/2022\/03\/04\/pierwszy-czwartek-miesiaca\/a-3-2\/'><img loading=\"lazy\" decoding=\"async\" width=\"300\" height=\"225\" src=\"https:\/\/liceum.kard.hlonda.pl\/wp-content\/uploads\/2022\/03\/a-3-300x225.jpg\" class=\"attachment-medium size-medium\" alt=\"\" srcset=\"https:\/\/liceum.kard.hlonda.pl\/wp-content\/uploads\/2022\/03\/a-3-300x225.jpg 300w, https:\/\/liceum.kard.hlonda.pl\/wp-content\/uploads\/2022\/03\/a-3-467x350.jpg 467w, https:\/\/liceum.kard.hlonda.pl\/wp-content\/uploads\/2022\/03\/a-3.jpg 640w\" sizes=\"auto, (max-width: 300px) 100vw, 300px\" \/><\/a>\n\t\t\t<\/div><\/figure><figure class='gallery-item'>\n\t\t\t<div class='gallery-icon landscape'>\n\t\t\t\t<a href='https:\/\/liceum.kard.hlonda.pl\/index.php\/2022\/03\/04\/pierwszy-czwartek-miesiaca\/a-4\/'><img loading=\"lazy\" decoding=\"async\" width=\"300\" height=\"225\" src=\"https:\/\/liceum.kard.hlonda.pl\/wp-content\/uploads\/2022\/03\/a-4-300x225.jpg\" class=\"attachment-medium size-medium\" alt=\"\" srcset=\"https:\/\/liceum.kard.hlonda.pl\/wp-content\/uploads\/2022\/03\/a-4-300x225.jpg 300w, https:\/\/liceum.kard.hlonda.pl\/wp-content\/uploads\/2022\/03\/a-4-467x350.jpg 467w, https:\/\/liceum.kard.hlonda.pl\/wp-content\/uploads\/2022\/03\/a-4.jpg 640w\" sizes=\"auto, (max-width: 300px) 100vw, 300px\" \/><\/a>\n\t\t\t<\/div><\/figure><figure class='gallery-item'>\n\t\t\t<div class='gallery-icon landscape'>\n\t\t\t\t<a href='https:\/\/liceum.kard.hlonda.pl\/index.php\/2022\/03\/04\/pierwszy-czwartek-miesiaca\/a-5\/'><img loading=\"lazy\" decoding=\"async\" width=\"300\" height=\"225\" src=\"https:\/\/liceum.kard.hlonda.pl\/wp-content\/uploads\/2022\/03\/a-5-300x225.jpg\" class=\"attachment-medium size-medium\" alt=\"\" srcset=\"https:\/\/liceum.kard.hlonda.pl\/wp-content\/uploads\/2022\/03\/a-5-300x225.jpg 300w, https:\/\/liceum.kard.hlonda.pl\/wp-content\/uploads\/2022\/03\/a-5-467x350.jpg 467w, https:\/\/liceum.kard.hlonda.pl\/wp-content\/uploads\/2022\/03\/a-5.jpg 640w\" sizes=\"auto, (max-width: 300px) 100vw, 300px\" \/><\/a>\n\t\t\t<\/div><\/figure><figure class='gallery-item'>\n\t\t\t<div class='gallery-icon landscape'>\n\t\t\t\t<a href='https:\/\/liceum.kard.hlonda.pl\/index.php\/2022\/03\/04\/pierwszy-czwartek-miesiaca\/a-6\/'><img loading=\"lazy\" decoding=\"async\" width=\"300\" height=\"225\" src=\"https:\/\/liceum.kard.hlonda.pl\/wp-content\/uploads\/2022\/03\/a-6-300x225.jpg\" class=\"attachment-medium size-medium\" alt=\"\" srcset=\"https:\/\/liceum.kard.hlonda.pl\/wp-content\/uploads\/2022\/03\/a-6-300x225.jpg 300w, https:\/\/liceum.kard.hlonda.pl\/wp-content\/uploads\/2022\/03\/a-6-467x350.jpg 467w, https:\/\/liceum.kard.hlonda.pl\/wp-content\/uploads\/2022\/03\/a-6.jpg 640w\" sizes=\"auto, (max-width: 300px) 100vw, 300px\" \/><\/a>\n\t\t\t<\/div><\/figure><figure class='gallery-item'>\n\t\t\t<div class='gallery-icon landscape'>\n\t\t\t\t<a href='https:\/\/liceum.kard.hlonda.pl\/index.php\/2022\/03\/04\/pierwszy-czwartek-miesiaca\/a-7\/'><img loading=\"lazy\" decoding=\"async\" width=\"300\" height=\"225\" src=\"https:\/\/liceum.kard.hlonda.pl\/wp-content\/uploads\/2022\/03\/a-7-300x225.jpg\" class=\"attachment-medium size-medium\" alt=\"\" srcset=\"https:\/\/liceum.kard.hlonda.pl\/wp-content\/uploads\/2022\/03\/a-7-300x225.jpg 300w, https:\/\/liceum.kard.hlonda.pl\/wp-content\/uploads\/2022\/03\/a-7-467x350.jpg 467w, https:\/\/liceum.kard.hlonda.pl\/wp-content\/uploads\/2022\/03\/a-7.jpg 640w\" sizes=\"auto, (max-width: 300px) 100vw, 300px\" \/><\/a>\n\t\t\t<\/div><\/figure><figure class='gallery-item'>\n\t\t\t<div class='gallery-icon landscape'>\n\t\t\t\t<a href='https:\/\/liceum.kard.hlonda.pl\/index.php\/2022\/03\/04\/pierwszy-czwartek-miesiaca\/a-8\/'><img loading=\"lazy\" decoding=\"async\" width=\"300\" height=\"225\" src=\"https:\/\/liceum.kard.hlonda.pl\/wp-content\/uploads\/2022\/03\/a-8-300x225.jpg\" class=\"attachment-medium size-medium\" alt=\"\" srcset=\"https:\/\/liceum.kard.hlonda.pl\/wp-content\/uploads\/2022\/03\/a-8-300x225.jpg 300w, https:\/\/liceum.kard.hlonda.pl\/wp-content\/uploads\/2022\/03\/a-8-467x350.jpg 467w, https:\/\/liceum.kard.hlonda.pl\/wp-content\/uploads\/2022\/03\/a-8.jpg 640w\" sizes=\"auto, (max-width: 300px) 100vw, 300px\" \/><\/a>\n\t\t\t<\/div><\/figure>\n\t\t<\/div>\n\n","protected":false},"excerpt":{"rendered":"<p>Po d\u0142u\u017cszej przerwie spowodowanej nauk\u0105 zdaln\u0105 oraz feriami \u015bwi\u0105tecznymi spotkali\u015bmy si\u0119 ponownie w kaplicy Si\u00f3str Mi\u0142osierdzia \u015bw Wincentego a Paulo. Mszy pierwszoczwartkowej przewodniczy\u0142 ksi\u0105dz Rados\u0142aw, towarzyszy\u0142 mu ksi\u0105dz Marek oraz ministranci. Homili\u0119 wyg\u0142osi\u0142 ksi\u0105dz Marek. Zar\u00f3wno w jego wypowiedzi, jak i w modlitwie wiernych nie mog\u0142o zabrakn\u0105\u0107 odniesie\u0144 do dramatycznej &hellip;<\/p>\n","protected":false},"author":1,"featured_media":1557,"comment_status":"closed","ping_status":"closed","sticky":false,"template":"","format":"standard","meta":{"footnotes":""},"categories":[1],"tags":[],"class_list":["post-1549","post","type-post","status-publish","format-standard","has-post-thumbnail","hentry","category-bez-kategorii"],"_links":{"self":[{"href":"https:\/\/liceum.kard.hlonda.pl\/index.php\/wp-json\/wp\/v2\/posts\/1549","targetHints":{"allow":["GET"]}}],"collection":[{"href":"https:\/\/liceum.kard.hlonda.pl\/index.php\/wp-json\/wp\/v2\/posts"}],"about":[{"href":"https:\/\/liceum.kard.hlonda.pl\/index.php\/wp-json\/wp\/v2\/types\/post"}],"author":[{"embeddable":true,"href":"https:\/\/liceum.kard.hlonda.pl\/index.php\/wp-json\/wp\/v2\/users\/1"}],"replies":[{"embeddable":true,"href":"https:\/\/liceum.kard.hlonda.pl\/index.php\/wp-json\/wp\/v2\/comments?post=1549"}],"version-history":[{"count":1,"href":"https:\/\/liceum.kard.hlonda.pl\/index.php\/wp-json\/wp\/v2\/posts\/1549\/revisions"}],"predecessor-version":[{"id":1558,"href":"https:\/\/liceum.kard.hlonda.pl\/index.php\/wp-json\/wp\/v2\/posts\/1549\/revisions\/1558"}],"wp:featuredmedia":[{"embeddable":true,"href":"https:\/\/liceum.kard.hlonda.pl\/index.php\/wp-json\/wp\/v2\/media\/1557"}],"wp:attachment":[{"href":"https:\/\/liceum.kard.hlonda.pl\/index.php\/wp-json\/wp\/v2\/media?parent=1549"}],"wp:term":[{"taxonomy":"category","embeddable":true,"href":"https:\/\/liceum.kard.hlonda.pl\/index.php\/wp-json\/wp\/v2\/categories?post=1549"},{"taxonomy":"post_tag","embeddable":true,"href":"https:\/\/liceum.kard.hlonda.pl\/index.php\/wp-json\/wp\/v2\/tags?post=1549"}],"curies":[{"name":"wp","href":"https:\/\/api.w.org\/{rel}","templated":true}]}}