{"id":1559,"date":"2022-03-07T22:06:38","date_gmt":"2022-03-07T21:06:38","guid":{"rendered":"http:\/\/liceum.kard.hlonda.pl\/?p=1559"},"modified":"2022-05-06T01:40:10","modified_gmt":"2022-05-05T23:40:10","slug":"pielgrzymka-maturzystow-na-jana-gore","status":"publish","type":"post","link":"https:\/\/liceum.kard.hlonda.pl\/index.php\/2022\/03\/07\/pielgrzymka-maturzystow-na-jana-gore\/","title":{"rendered":"Pielgrzymka Maturzyst\u00f3w na Jana G\u00f3r\u0119"},"content":{"rendered":"<audio class=\"wp-audio-shortcode\" id=\"audio-1559-1\" preload=\"none\" style=\"width: 100%;\" controls=\"controls\"><source type=\"audio\/mpeg\" src=\"http:\/\/liceum.kard.hlonda.pl\/wp-content\/uploads\/2022\/03\/220307-mlodziez-z-Poznania.mp3?_=1\" \/><a href=\"http:\/\/liceum.kard.hlonda.pl\/wp-content\/uploads\/2022\/03\/220307-mlodziez-z-Poznania.mp3\">http:\/\/liceum.kard.hlonda.pl\/wp-content\/uploads\/2022\/03\/220307-mlodziez-z-Poznania.mp3<\/a><\/audio>\n<hr \/>\n<p style=\"text-align: center;\">Dzisiaj uczniowie klasy trzeciej liceum wraz z ks. Radkiem, pani\u0105 Wi\u015bla\u0144sk\u0105 i pani\u0105 Dyrektor uczestniczyli w uroczystej Mszy \u015awi\u0119tej w Kaplicy Matki Boskiej.<\/p>\n<p style=\"text-align: center;\">Wsp\u00f3lnie zawierzyli\u015bmy wszystkie nasze sprawy a na zako\u0144czenie odprawili\u015bmy Drog\u0119 Krzy\u017cow\u0105.<\/p>\n<div id='gallery-1' class='gallery galleryid-1559 gallery-columns-3 gallery-size-thumbnail'><figure class='gallery-item'>\n\t\t\t<div class='gallery-icon portrait'>\n\t\t\t\t<a href='https:\/\/liceum.kard.hlonda.pl\/index.php\/2022\/03\/07\/pielgrzymka-maturzystow-na-jana-gore\/a-1-2\/'><img loading=\"lazy\" decoding=\"async\" width=\"150\" height=\"150\" src=\"https:\/\/liceum.kard.hlonda.pl\/wp-content\/uploads\/2022\/03\/a-1-1-150x150.jpg\" class=\"attachment-thumbnail size-thumbnail\" alt=\"\" \/><\/a>\n\t\t\t<\/div><\/figure><figure class='gallery-item'>\n\t\t\t<div class='gallery-icon portrait'>\n\t\t\t\t<a href='https:\/\/liceum.kard.hlonda.pl\/index.php\/2022\/03\/07\/pielgrzymka-maturzystow-na-jana-gore\/a-2-3\/'><img loading=\"lazy\" decoding=\"async\" width=\"150\" height=\"150\" src=\"https:\/\/liceum.kard.hlonda.pl\/wp-content\/uploads\/2022\/03\/a-2-1-150x150.jpg\" class=\"attachment-thumbnail size-thumbnail\" alt=\"\" \/><\/a>\n\t\t\t<\/div><\/figure><figure class='gallery-item'>\n\t\t\t<div class='gallery-icon portrait'>\n\t\t\t\t<a href='https:\/\/liceum.kard.hlonda.pl\/index.php\/2022\/03\/07\/pielgrzymka-maturzystow-na-jana-gore\/a-3-3\/'><img loading=\"lazy\" decoding=\"async\" width=\"150\" height=\"150\" src=\"https:\/\/liceum.kard.hlonda.pl\/wp-content\/uploads\/2022\/03\/a-3-1-150x150.jpg\" class=\"attachment-thumbnail size-thumbnail\" alt=\"\" \/><\/a>\n\t\t\t<\/div><\/figure><figure class='gallery-item'>\n\t\t\t<div class='gallery-icon portrait'>\n\t\t\t\t<a href='https:\/\/liceum.kard.hlonda.pl\/index.php\/2022\/03\/07\/pielgrzymka-maturzystow-na-jana-gore\/a-4-2\/'><img loading=\"lazy\" decoding=\"async\" width=\"150\" height=\"150\" src=\"https:\/\/liceum.kard.hlonda.pl\/wp-content\/uploads\/2022\/03\/a-4-1-150x150.jpg\" class=\"attachment-thumbnail size-thumbnail\" alt=\"\" \/><\/a>\n\t\t\t<\/div><\/figure><figure class='gallery-item'>\n\t\t\t<div class='gallery-icon portrait'>\n\t\t\t\t<a href='https:\/\/liceum.kard.hlonda.pl\/index.php\/2022\/03\/07\/pielgrzymka-maturzystow-na-jana-gore\/a-5-2\/'><img loading=\"lazy\" decoding=\"async\" width=\"150\" height=\"150\" src=\"https:\/\/liceum.kard.hlonda.pl\/wp-content\/uploads\/2022\/03\/a-5-1-150x150.jpg\" class=\"attachment-thumbnail size-thumbnail\" alt=\"\" \/><\/a>\n\t\t\t<\/div><\/figure><figure class='gallery-item'>\n\t\t\t<div class='gallery-icon portrait'>\n\t\t\t\t<a href='https:\/\/liceum.kard.hlonda.pl\/index.php\/2022\/03\/07\/pielgrzymka-maturzystow-na-jana-gore\/a-6-2\/'><img loading=\"lazy\" decoding=\"async\" width=\"150\" height=\"150\" src=\"https:\/\/liceum.kard.hlonda.pl\/wp-content\/uploads\/2022\/03\/a-6-1-150x150.jpg\" class=\"attachment-thumbnail size-thumbnail\" alt=\"\" \/><\/a>\n\t\t\t<\/div><\/figure><figure class='gallery-item'>\n\t\t\t<div class='gallery-icon portrait'>\n\t\t\t\t<a href='https:\/\/liceum.kard.hlonda.pl\/index.php\/2022\/03\/07\/pielgrzymka-maturzystow-na-jana-gore\/a-7-2\/'><img loading=\"lazy\" decoding=\"async\" width=\"150\" height=\"150\" src=\"https:\/\/liceum.kard.hlonda.pl\/wp-content\/uploads\/2022\/03\/a-7-1-150x150.jpg\" class=\"attachment-thumbnail size-thumbnail\" alt=\"\" \/><\/a>\n\t\t\t<\/div><\/figure><figure class='gallery-item'>\n\t\t\t<div class='gallery-icon landscape'>\n\t\t\t\t<a href='https:\/\/liceum.kard.hlonda.pl\/index.php\/2022\/03\/07\/pielgrzymka-maturzystow-na-jana-gore\/a-8-2\/'><img loading=\"lazy\" decoding=\"async\" width=\"150\" height=\"150\" src=\"https:\/\/liceum.kard.hlonda.pl\/wp-content\/uploads\/2022\/03\/a-8-1-150x150.jpg\" class=\"attachment-thumbnail size-thumbnail\" alt=\"\" \/><\/a>\n\t\t\t<\/div><\/figure><figure class='gallery-item'>\n\t\t\t<div class='gallery-icon portrait'>\n\t\t\t\t<a href='https:\/\/liceum.kard.hlonda.pl\/index.php\/2022\/03\/07\/pielgrzymka-maturzystow-na-jana-gore\/a-9\/'><img loading=\"lazy\" decoding=\"async\" width=\"150\" height=\"150\" src=\"https:\/\/liceum.kard.hlonda.pl\/wp-content\/uploads\/2022\/03\/a-9-150x150.jpg\" class=\"attachment-thumbnail size-thumbnail\" alt=\"\" \/><\/a>\n\t\t\t<\/div><\/figure><figure class='gallery-item'>\n\t\t\t<div class='gallery-icon landscape'>\n\t\t\t\t<a href='https:\/\/liceum.kard.hlonda.pl\/index.php\/2022\/03\/07\/pielgrzymka-maturzystow-na-jana-gore\/a-1-3\/'><img loading=\"lazy\" decoding=\"async\" width=\"150\" height=\"150\" src=\"https:\/\/liceum.kard.hlonda.pl\/wp-content\/uploads\/2022\/03\/a-1-2-150x150.jpg\" class=\"attachment-thumbnail size-thumbnail\" alt=\"\" \/><\/a>\n\t\t\t<\/div><\/figure><figure class='gallery-item'>\n\t\t\t<div class='gallery-icon portrait'>\n\t\t\t\t<a href='https:\/\/liceum.kard.hlonda.pl\/index.php\/2022\/03\/07\/pielgrzymka-maturzystow-na-jana-gore\/a-2-4\/'><img loading=\"lazy\" decoding=\"async\" width=\"150\" height=\"150\" src=\"https:\/\/liceum.kard.hlonda.pl\/wp-content\/uploads\/2022\/03\/a-2-2-150x150.jpg\" class=\"attachment-thumbnail size-thumbnail\" alt=\"\" \/><\/a>\n\t\t\t<\/div><\/figure><figure class='gallery-item'>\n\t\t\t<div class='gallery-icon portrait'>\n\t\t\t\t<a href='https:\/\/liceum.kard.hlonda.pl\/index.php\/2022\/03\/07\/pielgrzymka-maturzystow-na-jana-gore\/a-3-4\/'><img loading=\"lazy\" decoding=\"async\" width=\"150\" height=\"150\" src=\"https:\/\/liceum.kard.hlonda.pl\/wp-content\/uploads\/2022\/03\/a-3-2-150x150.jpg\" class=\"attachment-thumbnail size-thumbnail\" alt=\"\" \/><\/a>\n\t\t\t<\/div><\/figure><figure class='gallery-item'>\n\t\t\t<div class='gallery-icon portrait'>\n\t\t\t\t<a href='https:\/\/liceum.kard.hlonda.pl\/index.php\/2022\/03\/07\/pielgrzymka-maturzystow-na-jana-gore\/a-4-3\/'><img loading=\"lazy\" decoding=\"async\" width=\"150\" height=\"150\" src=\"https:\/\/liceum.kard.hlonda.pl\/wp-content\/uploads\/2022\/03\/a-4-2-150x150.jpg\" class=\"attachment-thumbnail size-thumbnail\" alt=\"\" \/><\/a>\n\t\t\t<\/div><\/figure><figure class='gallery-item'>\n\t\t\t<div class='gallery-icon portrait'>\n\t\t\t\t<a href='https:\/\/liceum.kard.hlonda.pl\/index.php\/2022\/03\/07\/pielgrzymka-maturzystow-na-jana-gore\/a-5-3\/'><img loading=\"lazy\" decoding=\"async\" width=\"150\" height=\"150\" src=\"https:\/\/liceum.kard.hlonda.pl\/wp-content\/uploads\/2022\/03\/a-5-2-150x150.jpg\" class=\"attachment-thumbnail size-thumbnail\" alt=\"\" \/><\/a>\n\t\t\t<\/div><\/figure><figure class='gallery-item'>\n\t\t\t<div class='gallery-icon portrait'>\n\t\t\t\t<a href='https:\/\/liceum.kard.hlonda.pl\/index.php\/2022\/03\/07\/pielgrzymka-maturzystow-na-jana-gore\/a-6-3\/'><img loading=\"lazy\" decoding=\"async\" width=\"150\" height=\"150\" src=\"https:\/\/liceum.kard.hlonda.pl\/wp-content\/uploads\/2022\/03\/a-6-2-150x150.jpg\" class=\"attachment-thumbnail size-thumbnail\" alt=\"\" \/><\/a>\n\t\t\t<\/div><\/figure><figure class='gallery-item'>\n\t\t\t<div class='gallery-icon portrait'>\n\t\t\t\t<a href='https:\/\/liceum.kard.hlonda.pl\/index.php\/2022\/03\/07\/pielgrzymka-maturzystow-na-jana-gore\/a-7-3\/'><img loading=\"lazy\" decoding=\"async\" width=\"150\" height=\"150\" src=\"https:\/\/liceum.kard.hlonda.pl\/wp-content\/uploads\/2022\/03\/a-7-2-150x150.jpg\" class=\"attachment-thumbnail size-thumbnail\" alt=\"\" \/><\/a>\n\t\t\t<\/div><\/figure><figure class='gallery-item'>\n\t\t\t<div class='gallery-icon portrait'>\n\t\t\t\t<a href='https:\/\/liceum.kard.hlonda.pl\/index.php\/2022\/03\/07\/pielgrzymka-maturzystow-na-jana-gore\/a-8-3\/'><img loading=\"lazy\" decoding=\"async\" width=\"150\" height=\"150\" src=\"https:\/\/liceum.kard.hlonda.pl\/wp-content\/uploads\/2022\/03\/a-8-2-150x150.jpg\" class=\"attachment-thumbnail size-thumbnail\" alt=\"\" \/><\/a>\n\t\t\t<\/div><\/figure><figure class='gallery-item'>\n\t\t\t<div class='gallery-icon portrait'>\n\t\t\t\t<a href='https:\/\/liceum.kard.hlonda.pl\/index.php\/2022\/03\/07\/pielgrzymka-maturzystow-na-jana-gore\/a-9-2\/'><img loading=\"lazy\" decoding=\"async\" width=\"150\" height=\"150\" src=\"https:\/\/liceum.kard.hlonda.pl\/wp-content\/uploads\/2022\/03\/a-9-1-150x150.jpg\" class=\"attachment-thumbnail size-thumbnail\" alt=\"\" \/><\/a>\n\t\t\t<\/div><\/figure><figure class='gallery-item'>\n\t\t\t<div class='gallery-icon portrait'>\n\t\t\t\t<a href='https:\/\/liceum.kard.hlonda.pl\/index.php\/2022\/03\/07\/pielgrzymka-maturzystow-na-jana-gore\/a-10\/'><img loading=\"lazy\" decoding=\"async\" width=\"150\" height=\"150\" src=\"https:\/\/liceum.kard.hlonda.pl\/wp-content\/uploads\/2022\/03\/a-10-150x150.jpg\" class=\"attachment-thumbnail size-thumbnail\" alt=\"\" \/><\/a>\n\t\t\t<\/div><\/figure><figure class='gallery-item'>\n\t\t\t<div class='gallery-icon portrait'>\n\t\t\t\t<a href='https:\/\/liceum.kard.hlonda.pl\/index.php\/2022\/03\/07\/pielgrzymka-maturzystow-na-jana-gore\/a-11\/'><img loading=\"lazy\" decoding=\"async\" width=\"150\" height=\"150\" src=\"https:\/\/liceum.kard.hlonda.pl\/wp-content\/uploads\/2022\/03\/a-11-150x150.jpg\" class=\"attachment-thumbnail size-thumbnail\" alt=\"\" \/><\/a>\n\t\t\t<\/div><\/figure>\n\t\t<\/div>\n\n","protected":false},"excerpt":{"rendered":"<p>Dzisiaj uczniowie klasy trzeciej liceum wraz z ks. Radkiem, pani\u0105 Wi\u015bla\u0144sk\u0105 i pani\u0105 Dyrektor uczestniczyli w uroczystej Mszy \u015awi\u0119tej w Kaplicy Matki Boskiej. Wsp\u00f3lnie zawierzyli\u015bmy wszystkie nasze sprawy a na zako\u0144czenie odprawili\u015bmy Drog\u0119 Krzy\u017cow\u0105.<\/p>\n","protected":false},"author":1,"featured_media":1563,"comment_status":"closed","ping_status":"closed","sticky":false,"template":"","format":"standard","meta":{"footnotes":""},"categories":[1],"tags":[],"class_list":["post-1559","post","type-post","status-publish","format-standard","has-post-thumbnail","hentry","category-bez-kategorii"],"_links":{"self":[{"href":"https:\/\/liceum.kard.hlonda.pl\/index.php\/wp-json\/wp\/v2\/posts\/1559","targetHints":{"allow":["GET"]}}],"collection":[{"href":"https:\/\/liceum.kard.hlonda.pl\/index.php\/wp-json\/wp\/v2\/posts"}],"about":[{"href":"https:\/\/liceum.kard.hlonda.pl\/index.php\/wp-json\/wp\/v2\/types\/post"}],"author":[{"embeddable":true,"href":"https:\/\/liceum.kard.hlonda.pl\/index.php\/wp-json\/wp\/v2\/users\/1"}],"replies":[{"embeddable":true,"href":"https:\/\/liceum.kard.hlonda.pl\/index.php\/wp-json\/wp\/v2\/comments?post=1559"}],"version-history":[{"count":4,"href":"https:\/\/liceum.kard.hlonda.pl\/index.php\/wp-json\/wp\/v2\/posts\/1559\/revisions"}],"predecessor-version":[{"id":1819,"href":"https:\/\/liceum.kard.hlonda.pl\/index.php\/wp-json\/wp\/v2\/posts\/1559\/revisions\/1819"}],"wp:featuredmedia":[{"embeddable":true,"href":"https:\/\/liceum.kard.hlonda.pl\/index.php\/wp-json\/wp\/v2\/media\/1563"}],"wp:attachment":[{"href":"https:\/\/liceum.kard.hlonda.pl\/index.php\/wp-json\/wp\/v2\/media?parent=1559"}],"wp:term":[{"taxonomy":"category","embeddable":true,"href":"https:\/\/liceum.kard.hlonda.pl\/index.php\/wp-json\/wp\/v2\/categories?post=1559"},{"taxonomy":"post_tag","embeddable":true,"href":"https:\/\/liceum.kard.hlonda.pl\/index.php\/wp-json\/wp\/v2\/tags?post=1559"}],"curies":[{"name":"wp","href":"https:\/\/api.w.org\/{rel}","templated":true}]}}