{"id":1584,"date":"2022-04-01T22:50:49","date_gmt":"2022-04-01T20:50:49","guid":{"rendered":"http:\/\/liceum.kard.hlonda.pl\/?p=1584"},"modified":"2022-04-01T22:50:49","modified_gmt":"2022-04-01T20:50:49","slug":"natalia-tulasiewicz-patronka-nauczycieli","status":"publish","type":"post","link":"https:\/\/liceum.kard.hlonda.pl\/index.php\/2022\/04\/01\/natalia-tulasiewicz-patronka-nauczycieli\/","title":{"rendered":"Natalia Tu\u0142asiewicz patronk\u0105 nauczycieli"},"content":{"rendered":"<p style=\"text-align: justify;\">Wczorajszy dzie\u0144 przyni\u00f3s\u0142 nam radosn\u0105 wiadomo\u015b\u0107: patronka naszej Szko\u0142y Podstawowej, b\u0142ogos\u0142awiona Natalia Tu\u0142asiewicz zosta\u0142a moc\u0105 dekretu Kongregacji Kultu Bo\u017cego i Dyscypliny Sakrament\u00f3w ustanowiona patronk\u0105 wszystkich nauczycieli!<br \/>\nT\u0119 nape\u0142niaj\u0105c\u0105 nas dum\u0105 i rado\u015bci\u0105 informacj\u0119 przekaza\u0142 nam podczas dzisiejszej modlitwy na du\u017cej przerwie ksi\u0105dz Rados\u0142aw \u015alendak.<br \/>\nW oficjalnym o\u015bwiadczeniu ksi\u0119dza arcybiskupa Stanis\u0142awa G\u0105deckiego mo\u017cemy odczyta\u0107, \u017ce wyj\u0105tkowa osobowo\u015b\u0107 Natalii, jej umiej\u0119tno\u015b\u0107 \u0142\u0105czenia tradycji i nowoczesno\u015bci oraz rozumienie przez ni\u0105 \u017cycia jako s\u0142u\u017cby Bogu, Ojczy\u017anie i ludziom (zw\u0142aszcza \u015bwieckim) czyni\u0105 z niej wz\u00f3r i najlepsz\u0105 opiekunk\u0119 dla wsp\u00f3\u0142czesnych.<br \/>\nB\u0142ogos\u0142awiona Natalia Tu\u0142asiewicz nigdy nie ukrywa\u0142a swej katolickiej i polskiej to\u017csamo\u015bci, nawet w wi\u0119zieniu, przez co nara\u017ca\u0142a si\u0119 na szykany i prze\u015bladowania.<br \/>\nB\u0105d\u017amy dumni, \u017ce nasza opiekunka duchowa sta\u0142a si\u0119 patronk\u0105 kilkuset tysi\u0119cy polskich pedagog\u00f3w!<br \/>\nNiech Jej wstawiennictwo wyjedna nam wszystkim dalsze \u0142aski p\u0142yn\u0105ce od Boga.<\/p>\n<p style=\"text-align: right;\">\nJan Ungeheuer, nauczyciel.<\/p>\n<div id='gallery-1' class='gallery galleryid-1584 gallery-columns-3 gallery-size-medium'><figure class='gallery-item'>\n\t\t\t<div class='gallery-icon landscape'>\n\t\t\t\t<a href='https:\/\/liceum.kard.hlonda.pl\/index.php\/2022\/04\/01\/natalia-tulasiewicz-patronka-nauczycieli\/natalia-tulasiewicz-patronka-nauczycieli-1\/'><img loading=\"lazy\" decoding=\"async\" width=\"300\" height=\"225\" src=\"https:\/\/liceum.kard.hlonda.pl\/wp-content\/uploads\/2022\/04\/Natalia-Tulasiewicz-patronka-nauczycieli-1-300x225.jpg\" class=\"attachment-medium size-medium\" alt=\"\" srcset=\"https:\/\/liceum.kard.hlonda.pl\/wp-content\/uploads\/2022\/04\/Natalia-Tulasiewicz-patronka-nauczycieli-1-300x225.jpg 300w, https:\/\/liceum.kard.hlonda.pl\/wp-content\/uploads\/2022\/04\/Natalia-Tulasiewicz-patronka-nauczycieli-1-467x350.jpg 467w, https:\/\/liceum.kard.hlonda.pl\/wp-content\/uploads\/2022\/04\/Natalia-Tulasiewicz-patronka-nauczycieli-1.jpg 640w\" sizes=\"auto, (max-width: 300px) 100vw, 300px\" \/><\/a>\n\t\t\t<\/div><\/figure><figure class='gallery-item'>\n\t\t\t<div class='gallery-icon landscape'>\n\t\t\t\t<a href='https:\/\/liceum.kard.hlonda.pl\/index.php\/2022\/04\/01\/natalia-tulasiewicz-patronka-nauczycieli\/natalia-tulasiewicz-patronka-nauczycieli-2\/'><img loading=\"lazy\" decoding=\"async\" width=\"300\" height=\"225\" src=\"https:\/\/liceum.kard.hlonda.pl\/wp-content\/uploads\/2022\/04\/Natalia-Tulasiewicz-patronka-nauczycieli-2-300x225.jpg\" class=\"attachment-medium size-medium\" alt=\"\" srcset=\"https:\/\/liceum.kard.hlonda.pl\/wp-content\/uploads\/2022\/04\/Natalia-Tulasiewicz-patronka-nauczycieli-2-300x225.jpg 300w, https:\/\/liceum.kard.hlonda.pl\/wp-content\/uploads\/2022\/04\/Natalia-Tulasiewicz-patronka-nauczycieli-2-467x350.jpg 467w, https:\/\/liceum.kard.hlonda.pl\/wp-content\/uploads\/2022\/04\/Natalia-Tulasiewicz-patronka-nauczycieli-2.jpg 640w\" sizes=\"auto, (max-width: 300px) 100vw, 300px\" \/><\/a>\n\t\t\t<\/div><\/figure><figure class='gallery-item'>\n\t\t\t<div class='gallery-icon landscape'>\n\t\t\t\t<a href='https:\/\/liceum.kard.hlonda.pl\/index.php\/2022\/04\/01\/natalia-tulasiewicz-patronka-nauczycieli\/natalia-tulasiewicz-patronka-nauczycieli-3\/'><img loading=\"lazy\" decoding=\"async\" width=\"300\" height=\"225\" src=\"https:\/\/liceum.kard.hlonda.pl\/wp-content\/uploads\/2022\/04\/Natalia-Tulasiewicz-patronka-nauczycieli-3-300x225.jpg\" class=\"attachment-medium size-medium\" alt=\"\" srcset=\"https:\/\/liceum.kard.hlonda.pl\/wp-content\/uploads\/2022\/04\/Natalia-Tulasiewicz-patronka-nauczycieli-3-300x225.jpg 300w, https:\/\/liceum.kard.hlonda.pl\/wp-content\/uploads\/2022\/04\/Natalia-Tulasiewicz-patronka-nauczycieli-3-467x350.jpg 467w, https:\/\/liceum.kard.hlonda.pl\/wp-content\/uploads\/2022\/04\/Natalia-Tulasiewicz-patronka-nauczycieli-3.jpg 640w\" sizes=\"auto, (max-width: 300px) 100vw, 300px\" \/><\/a>\n\t\t\t<\/div><\/figure><figure class='gallery-item'>\n\t\t\t<div class='gallery-icon landscape'>\n\t\t\t\t<a href='https:\/\/liceum.kard.hlonda.pl\/index.php\/2022\/04\/01\/natalia-tulasiewicz-patronka-nauczycieli\/natalia-tulasiewicz-patronka-nauczycieli-4\/'><img loading=\"lazy\" decoding=\"async\" width=\"300\" height=\"225\" src=\"https:\/\/liceum.kard.hlonda.pl\/wp-content\/uploads\/2022\/04\/Natalia-Tulasiewicz-patronka-nauczycieli-4-300x225.jpg\" class=\"attachment-medium size-medium\" alt=\"\" srcset=\"https:\/\/liceum.kard.hlonda.pl\/wp-content\/uploads\/2022\/04\/Natalia-Tulasiewicz-patronka-nauczycieli-4-300x225.jpg 300w, https:\/\/liceum.kard.hlonda.pl\/wp-content\/uploads\/2022\/04\/Natalia-Tulasiewicz-patronka-nauczycieli-4-467x350.jpg 467w, https:\/\/liceum.kard.hlonda.pl\/wp-content\/uploads\/2022\/04\/Natalia-Tulasiewicz-patronka-nauczycieli-4.jpg 640w\" sizes=\"auto, (max-width: 300px) 100vw, 300px\" \/><\/a>\n\t\t\t<\/div><\/figure><figure class='gallery-item'>\n\t\t\t<div class='gallery-icon portrait'>\n\t\t\t\t<a href='https:\/\/liceum.kard.hlonda.pl\/index.php\/2022\/04\/01\/natalia-tulasiewicz-patronka-nauczycieli\/natalia-tulasiewicz-patronka-nauczycieli-5\/'><img loading=\"lazy\" decoding=\"async\" width=\"225\" height=\"300\" src=\"https:\/\/liceum.kard.hlonda.pl\/wp-content\/uploads\/2022\/04\/Natalia-Tulasiewicz-patronka-nauczycieli-5-225x300.jpg\" class=\"attachment-medium size-medium\" alt=\"\" srcset=\"https:\/\/liceum.kard.hlonda.pl\/wp-content\/uploads\/2022\/04\/Natalia-Tulasiewicz-patronka-nauczycieli-5-225x300.jpg 225w, https:\/\/liceum.kard.hlonda.pl\/wp-content\/uploads\/2022\/04\/Natalia-Tulasiewicz-patronka-nauczycieli-5-263x350.jpg 263w, https:\/\/liceum.kard.hlonda.pl\/wp-content\/uploads\/2022\/04\/Natalia-Tulasiewicz-patronka-nauczycieli-5.jpg 360w\" sizes=\"auto, (max-width: 225px) 100vw, 225px\" \/><\/a>\n\t\t\t<\/div><\/figure><figure class='gallery-item'>\n\t\t\t<div class='gallery-icon landscape'>\n\t\t\t\t<a href='https:\/\/liceum.kard.hlonda.pl\/index.php\/2022\/04\/01\/natalia-tulasiewicz-patronka-nauczycieli\/natalia-tulasiewicz-patronka-nauczycieli-6\/'><img loading=\"lazy\" decoding=\"async\" width=\"300\" height=\"225\" src=\"https:\/\/liceum.kard.hlonda.pl\/wp-content\/uploads\/2022\/04\/Natalia-Tulasiewicz-patronka-nauczycieli-6-300x225.jpg\" class=\"attachment-medium size-medium\" alt=\"\" srcset=\"https:\/\/liceum.kard.hlonda.pl\/wp-content\/uploads\/2022\/04\/Natalia-Tulasiewicz-patronka-nauczycieli-6-300x225.jpg 300w, https:\/\/liceum.kard.hlonda.pl\/wp-content\/uploads\/2022\/04\/Natalia-Tulasiewicz-patronka-nauczycieli-6-467x350.jpg 467w, https:\/\/liceum.kard.hlonda.pl\/wp-content\/uploads\/2022\/04\/Natalia-Tulasiewicz-patronka-nauczycieli-6.jpg 640w\" sizes=\"auto, (max-width: 300px) 100vw, 300px\" \/><\/a>\n\t\t\t<\/div><\/figure>\n\t\t<\/div>\n\n","protected":false},"excerpt":{"rendered":"<p>Wczorajszy dzie\u0144 przyni\u00f3s\u0142 nam radosn\u0105 wiadomo\u015b\u0107: patronka naszej Szko\u0142y Podstawowej, b\u0142ogos\u0142awiona Natalia Tu\u0142asiewicz zosta\u0142a moc\u0105 dekretu Kongregacji Kultu Bo\u017cego i Dyscypliny Sakrament\u00f3w ustanowiona patronk\u0105 wszystkich nauczycieli! T\u0119 nape\u0142niaj\u0105c\u0105 nas dum\u0105 i rado\u015bci\u0105 informacj\u0119 przekaza\u0142 nam podczas dzisiejszej modlitwy na du\u017cej przerwie ksi\u0105dz Rados\u0142aw \u015alendak. W oficjalnym o\u015bwiadczeniu ksi\u0119dza arcybiskupa Stanis\u0142awa &hellip;<\/p>\n","protected":false},"author":1,"featured_media":1590,"comment_status":"closed","ping_status":"closed","sticky":false,"template":"","format":"standard","meta":{"footnotes":""},"categories":[1],"tags":[],"class_list":["post-1584","post","type-post","status-publish","format-standard","has-post-thumbnail","hentry","category-bez-kategorii"],"_links":{"self":[{"href":"https:\/\/liceum.kard.hlonda.pl\/index.php\/wp-json\/wp\/v2\/posts\/1584","targetHints":{"allow":["GET"]}}],"collection":[{"href":"https:\/\/liceum.kard.hlonda.pl\/index.php\/wp-json\/wp\/v2\/posts"}],"about":[{"href":"https:\/\/liceum.kard.hlonda.pl\/index.php\/wp-json\/wp\/v2\/types\/post"}],"author":[{"embeddable":true,"href":"https:\/\/liceum.kard.hlonda.pl\/index.php\/wp-json\/wp\/v2\/users\/1"}],"replies":[{"embeddable":true,"href":"https:\/\/liceum.kard.hlonda.pl\/index.php\/wp-json\/wp\/v2\/comments?post=1584"}],"version-history":[{"count":1,"href":"https:\/\/liceum.kard.hlonda.pl\/index.php\/wp-json\/wp\/v2\/posts\/1584\/revisions"}],"predecessor-version":[{"id":1591,"href":"https:\/\/liceum.kard.hlonda.pl\/index.php\/wp-json\/wp\/v2\/posts\/1584\/revisions\/1591"}],"wp:featuredmedia":[{"embeddable":true,"href":"https:\/\/liceum.kard.hlonda.pl\/index.php\/wp-json\/wp\/v2\/media\/1590"}],"wp:attachment":[{"href":"https:\/\/liceum.kard.hlonda.pl\/index.php\/wp-json\/wp\/v2\/media?parent=1584"}],"wp:term":[{"taxonomy":"category","embeddable":true,"href":"https:\/\/liceum.kard.hlonda.pl\/index.php\/wp-json\/wp\/v2\/categories?post=1584"},{"taxonomy":"post_tag","embeddable":true,"href":"https:\/\/liceum.kard.hlonda.pl\/index.php\/wp-json\/wp\/v2\/tags?post=1584"}],"curies":[{"name":"wp","href":"https:\/\/api.w.org\/{rel}","templated":true}]}}