{"id":1597,"date":"2022-04-05T23:25:59","date_gmt":"2022-04-05T21:25:59","guid":{"rendered":"http:\/\/liceum.kard.hlonda.pl\/?p=1597"},"modified":"2022-04-05T23:25:59","modified_gmt":"2022-04-05T21:25:59","slug":"31-marca-msza-z-okazji-smierci-bl-natalii","status":"publish","type":"post","link":"https:\/\/liceum.kard.hlonda.pl\/index.php\/2022\/04\/05\/31-marca-msza-z-okazji-smierci-bl-natalii\/","title":{"rendered":"31 marca &#8211; msza z okazji \u015bmierci b\u0142. Natalii"},"content":{"rendered":"<p class=\"gwpecbaafa7_MsoNormal\" style=\"text-align: justify;\">W czwartek 31 marca o godzinie 18.00, dzie\u0144 po tym, jak b\u0142. Natalia Tu\u0142asiewicz zosta\u0142a og\u0142oszona patronk\u0105 polskich nauczycieli, delegacja z naszej szko\u0142y uczestniczy\u0142a we mszy \u015bwi\u0119tej w parafii \u015bw. Micha\u0142a Archanio\u0142a przy ul. Stolarskiej. Msza odby\u0142a si\u0119 w rocznic\u0119 \u015bmierci naszej patronki. Oprawa mszy \u015bwi\u0119tej zosta\u0142a przygotowana przez m\u0142odzie\u017c z Liceum przy ul. G\u0142ogowskiej. Eucharystii przewodniczy\u0142 Ks. Dyrektor Piotr Ku\u015b.<\/p>\n<p class=\"gwpecbaafa7_MsoNormal\" style=\"text-align: justify;\">Po eucharystii nasza delegacja uda\u0142a si\u0119 na ul. \u015aniadeckich, \u017ceby zapali\u0107 znicz pod tablic\u0105 upami\u0119tniaj\u0105c\u0105 b\u0142. Natali\u0119.<\/p>\n<p class=\"gwpecbaafa7_MsoNormal\" style=\"text-align: right;\">Lidia Go\u0142\u0119biewicz<\/p>\n<div id='gallery-1' class='gallery galleryid-1597 gallery-columns-5 gallery-size-thumbnail'><figure class='gallery-item'>\n\t\t\t<div class='gallery-icon portrait'>\n\t\t\t\t<a href='https:\/\/liceum.kard.hlonda.pl\/index.php\/2022\/04\/05\/31-marca-msza-z-okazji-smierci-bl-natalii\/1-1-2\/'><img loading=\"lazy\" decoding=\"async\" width=\"150\" height=\"150\" src=\"https:\/\/liceum.kard.hlonda.pl\/wp-content\/uploads\/2022\/04\/1-1-150x150.jpg\" class=\"attachment-thumbnail size-thumbnail\" alt=\"\" \/><\/a>\n\t\t\t<\/div><\/figure><figure class='gallery-item'>\n\t\t\t<div class='gallery-icon portrait'>\n\t\t\t\t<a href='https:\/\/liceum.kard.hlonda.pl\/index.php\/2022\/04\/05\/31-marca-msza-z-okazji-smierci-bl-natalii\/1-2-3\/'><img loading=\"lazy\" decoding=\"async\" width=\"150\" height=\"150\" src=\"https:\/\/liceum.kard.hlonda.pl\/wp-content\/uploads\/2022\/04\/1-2-150x150.jpg\" class=\"attachment-thumbnail size-thumbnail\" alt=\"\" \/><\/a>\n\t\t\t<\/div><\/figure><figure class='gallery-item'>\n\t\t\t<div class='gallery-icon landscape'>\n\t\t\t\t<a href='https:\/\/liceum.kard.hlonda.pl\/index.php\/2022\/04\/05\/31-marca-msza-z-okazji-smierci-bl-natalii\/1-3-3\/'><img loading=\"lazy\" decoding=\"async\" width=\"150\" height=\"150\" src=\"https:\/\/liceum.kard.hlonda.pl\/wp-content\/uploads\/2022\/04\/1-3-150x150.jpg\" class=\"attachment-thumbnail size-thumbnail\" alt=\"\" \/><\/a>\n\t\t\t<\/div><\/figure><figure class='gallery-item'>\n\t\t\t<div class='gallery-icon landscape'>\n\t\t\t\t<a href='https:\/\/liceum.kard.hlonda.pl\/index.php\/2022\/04\/05\/31-marca-msza-z-okazji-smierci-bl-natalii\/1-4-3\/'><img loading=\"lazy\" decoding=\"async\" width=\"150\" height=\"150\" src=\"https:\/\/liceum.kard.hlonda.pl\/wp-content\/uploads\/2022\/04\/1-4-150x150.jpg\" class=\"attachment-thumbnail size-thumbnail\" alt=\"\" \/><\/a>\n\t\t\t<\/div><\/figure><figure class='gallery-item'>\n\t\t\t<div class='gallery-icon landscape'>\n\t\t\t\t<a href='https:\/\/liceum.kard.hlonda.pl\/index.php\/2022\/04\/05\/31-marca-msza-z-okazji-smierci-bl-natalii\/1-5-3\/'><img loading=\"lazy\" decoding=\"async\" width=\"150\" height=\"150\" src=\"https:\/\/liceum.kard.hlonda.pl\/wp-content\/uploads\/2022\/04\/1-5-150x150.jpg\" class=\"attachment-thumbnail size-thumbnail\" alt=\"\" \/><\/a>\n\t\t\t<\/div><\/figure>\n\t\t<\/div>\n\n","protected":false},"excerpt":{"rendered":"<p>W czwartek 31 marca o godzinie 18.00, dzie\u0144 po tym, jak b\u0142. Natalia Tu\u0142asiewicz zosta\u0142a og\u0142oszona patronk\u0105 polskich nauczycieli, delegacja z naszej szko\u0142y uczestniczy\u0142a we mszy \u015bwi\u0119tej w parafii \u015bw. Micha\u0142a Archanio\u0142a przy ul. Stolarskiej. Msza odby\u0142a si\u0119 w rocznic\u0119 \u015bmierci naszej patronki. Oprawa mszy \u015bwi\u0119tej zosta\u0142a przygotowana przez m\u0142odzie\u017c &hellip;<\/p>\n","protected":false},"author":1,"featured_media":1599,"comment_status":"closed","ping_status":"closed","sticky":false,"template":"","format":"standard","meta":{"footnotes":""},"categories":[1],"tags":[],"class_list":["post-1597","post","type-post","status-publish","format-standard","has-post-thumbnail","hentry","category-bez-kategorii"],"_links":{"self":[{"href":"https:\/\/liceum.kard.hlonda.pl\/index.php\/wp-json\/wp\/v2\/posts\/1597","targetHints":{"allow":["GET"]}}],"collection":[{"href":"https:\/\/liceum.kard.hlonda.pl\/index.php\/wp-json\/wp\/v2\/posts"}],"about":[{"href":"https:\/\/liceum.kard.hlonda.pl\/index.php\/wp-json\/wp\/v2\/types\/post"}],"author":[{"embeddable":true,"href":"https:\/\/liceum.kard.hlonda.pl\/index.php\/wp-json\/wp\/v2\/users\/1"}],"replies":[{"embeddable":true,"href":"https:\/\/liceum.kard.hlonda.pl\/index.php\/wp-json\/wp\/v2\/comments?post=1597"}],"version-history":[{"count":1,"href":"https:\/\/liceum.kard.hlonda.pl\/index.php\/wp-json\/wp\/v2\/posts\/1597\/revisions"}],"predecessor-version":[{"id":1603,"href":"https:\/\/liceum.kard.hlonda.pl\/index.php\/wp-json\/wp\/v2\/posts\/1597\/revisions\/1603"}],"wp:featuredmedia":[{"embeddable":true,"href":"https:\/\/liceum.kard.hlonda.pl\/index.php\/wp-json\/wp\/v2\/media\/1599"}],"wp:attachment":[{"href":"https:\/\/liceum.kard.hlonda.pl\/index.php\/wp-json\/wp\/v2\/media?parent=1597"}],"wp:term":[{"taxonomy":"category","embeddable":true,"href":"https:\/\/liceum.kard.hlonda.pl\/index.php\/wp-json\/wp\/v2\/categories?post=1597"},{"taxonomy":"post_tag","embeddable":true,"href":"https:\/\/liceum.kard.hlonda.pl\/index.php\/wp-json\/wp\/v2\/tags?post=1597"}],"curies":[{"name":"wp","href":"https:\/\/api.w.org\/{rel}","templated":true}]}}