{"id":164,"date":"2019-12-13T23:40:08","date_gmt":"2019-12-13T22:40:08","guid":{"rendered":"http:\/\/liceum.kard.hlonda.pl\/?p=164"},"modified":"2019-12-29T23:44:23","modified_gmt":"2019-12-29T22:44:23","slug":"38-rocznica-wprowadzenia-w-polsce-stanu-wojennego","status":"publish","type":"post","link":"https:\/\/liceum.kard.hlonda.pl\/index.php\/2019\/12\/13\/38-rocznica-wprowadzenia-w-polsce-stanu-wojennego\/","title":{"rendered":"38 rocznica wprowadzenia w Polsce stanu wojennego"},"content":{"rendered":"<p style=\"text-align: justify;\">W dniu 13.12.2019 roku min\u0119\u0142a 38 rocznica wprowadzenia w Polsce stanu wojennego. W zwi\u0105zku z tym w naszej szkole upami\u0119tniono t\u0119 rocznic\u0119. Klasa I LOP przygotowa\u0142a apel i cz\u0119\u015b\u0107 artystyczn\u0105, w kt\u00f3rej to na przyk\u0142adzie zwyk\u0142ej polskiej rodziny, w kt\u00f3r\u0105 wcielili si\u0119 uczniowie wraz ze swoim wychowawc\u0105, przedstawiono realia \u00f3wczesnego \u017cycia w Polsce, strach i obawy dotycz\u0105ce przysz\u0142o\u015bci w Polsce, na progu tego historycznego dla naszego kraju wydarzenia.<\/p>\n<p style=\"text-align: right;\">Piotr Kwiatkowski<\/p>\n","protected":false},"excerpt":{"rendered":"<p>W dniu 13.12.2019 roku min\u0119\u0142a 38 rocznica wprowadzenia w Polsce stanu wojennego. W zwi\u0105zku z tym w naszej szkole upami\u0119tniono t\u0119 rocznic\u0119. Klasa I LOP przygotowa\u0142a apel i cz\u0119\u015b\u0107 artystyczn\u0105, w kt\u00f3rej to na przyk\u0142adzie zwyk\u0142ej polskiej rodziny, w kt\u00f3r\u0105 wcielili si\u0119 uczniowie wraz ze swoim wychowawc\u0105, przedstawiono realia \u00f3wczesnego &hellip;<\/p>\n","protected":false},"author":1,"featured_media":0,"comment_status":"closed","ping_status":"closed","sticky":false,"template":"","format":"standard","meta":{"footnotes":""},"categories":[1],"tags":[],"class_list":["post-164","post","type-post","status-publish","format-standard","hentry","category-bez-kategorii"],"_links":{"self":[{"href":"https:\/\/liceum.kard.hlonda.pl\/index.php\/wp-json\/wp\/v2\/posts\/164","targetHints":{"allow":["GET"]}}],"collection":[{"href":"https:\/\/liceum.kard.hlonda.pl\/index.php\/wp-json\/wp\/v2\/posts"}],"about":[{"href":"https:\/\/liceum.kard.hlonda.pl\/index.php\/wp-json\/wp\/v2\/types\/post"}],"author":[{"embeddable":true,"href":"https:\/\/liceum.kard.hlonda.pl\/index.php\/wp-json\/wp\/v2\/users\/1"}],"replies":[{"embeddable":true,"href":"https:\/\/liceum.kard.hlonda.pl\/index.php\/wp-json\/wp\/v2\/comments?post=164"}],"version-history":[{"count":2,"href":"https:\/\/liceum.kard.hlonda.pl\/index.php\/wp-json\/wp\/v2\/posts\/164\/revisions"}],"predecessor-version":[{"id":166,"href":"https:\/\/liceum.kard.hlonda.pl\/index.php\/wp-json\/wp\/v2\/posts\/164\/revisions\/166"}],"wp:attachment":[{"href":"https:\/\/liceum.kard.hlonda.pl\/index.php\/wp-json\/wp\/v2\/media?parent=164"}],"wp:term":[{"taxonomy":"category","embeddable":true,"href":"https:\/\/liceum.kard.hlonda.pl\/index.php\/wp-json\/wp\/v2\/categories?post=164"},{"taxonomy":"post_tag","embeddable":true,"href":"https:\/\/liceum.kard.hlonda.pl\/index.php\/wp-json\/wp\/v2\/tags?post=164"}],"curies":[{"name":"wp","href":"https:\/\/api.w.org\/{rel}","templated":true}]}}