{"id":1805,"date":"2022-05-05T00:19:30","date_gmt":"2022-05-04T22:19:30","guid":{"rendered":"http:\/\/liceum.kard.hlonda.pl\/?p=1805"},"modified":"2022-05-05T00:19:30","modified_gmt":"2022-05-04T22:19:30","slug":"pierwsza-matura-w-naszym-liceum","status":"publish","type":"post","link":"https:\/\/liceum.kard.hlonda.pl\/index.php\/2022\/05\/05\/pierwsza-matura-w-naszym-liceum\/","title":{"rendered":"Pierwsza matura w naszym liceum"},"content":{"rendered":"<p style=\"text-align: center;\">Pierwsza matura w naszym liceum.<\/p>\n<p style=\"text-align: center;\">Dzisiaj nasi maturzy\u015bci zmierzyli si\u0119 z j\u0119zykiem polskim na poziomie podstawowym.<\/p>\n<p style=\"text-align: center;\">Jutro matematyka i w pi\u0105tek j\u0119zyk obcy.<\/p>\n<p style=\"text-align: center;\">\u017byczymy wspania\u0142ych wynik\u00f3w.<\/p>\n<div id='gallery-1' class='gallery galleryid-1805 gallery-columns-4 gallery-size-thumbnail'><figure class='gallery-item'>\n\t\t\t<div class='gallery-icon landscape'>\n\t\t\t\t<a href='https:\/\/liceum.kard.hlonda.pl\/index.php\/2022\/05\/05\/pierwsza-matura-w-naszym-liceum\/1-11\/'><img loading=\"lazy\" decoding=\"async\" width=\"150\" height=\"150\" src=\"https:\/\/liceum.kard.hlonda.pl\/wp-content\/uploads\/2022\/05\/1-150x150.jpg\" class=\"attachment-thumbnail size-thumbnail\" alt=\"\" \/><\/a>\n\t\t\t<\/div><\/figure><figure class='gallery-item'>\n\t\t\t<div class='gallery-icon landscape'>\n\t\t\t\t<a href='https:\/\/liceum.kard.hlonda.pl\/index.php\/2022\/05\/05\/pierwsza-matura-w-naszym-liceum\/2-12\/'><img loading=\"lazy\" decoding=\"async\" width=\"150\" height=\"150\" src=\"https:\/\/liceum.kard.hlonda.pl\/wp-content\/uploads\/2022\/05\/2-150x150.jpg\" class=\"attachment-thumbnail size-thumbnail\" alt=\"\" \/><\/a>\n\t\t\t<\/div><\/figure><figure class='gallery-item'>\n\t\t\t<div class='gallery-icon landscape'>\n\t\t\t\t<a href='https:\/\/liceum.kard.hlonda.pl\/index.php\/2022\/05\/05\/pierwsza-matura-w-naszym-liceum\/3-11\/'><img loading=\"lazy\" decoding=\"async\" width=\"150\" height=\"150\" src=\"https:\/\/liceum.kard.hlonda.pl\/wp-content\/uploads\/2022\/05\/3-150x150.jpg\" class=\"attachment-thumbnail size-thumbnail\" alt=\"\" \/><\/a>\n\t\t\t<\/div><\/figure><figure class='gallery-item'>\n\t\t\t<div class='gallery-icon portrait'>\n\t\t\t\t<a href='https:\/\/liceum.kard.hlonda.pl\/index.php\/2022\/05\/05\/pierwsza-matura-w-naszym-liceum\/4-9\/'><img loading=\"lazy\" decoding=\"async\" width=\"150\" height=\"150\" src=\"https:\/\/liceum.kard.hlonda.pl\/wp-content\/uploads\/2022\/05\/4-150x150.jpg\" class=\"attachment-thumbnail size-thumbnail\" alt=\"\" \/><\/a>\n\t\t\t<\/div><\/figure><figure class='gallery-item'>\n\t\t\t<div class='gallery-icon portrait'>\n\t\t\t\t<a href='https:\/\/liceum.kard.hlonda.pl\/index.php\/2022\/05\/05\/pierwsza-matura-w-naszym-liceum\/5-6\/'><img loading=\"lazy\" decoding=\"async\" width=\"150\" height=\"150\" src=\"https:\/\/liceum.kard.hlonda.pl\/wp-content\/uploads\/2022\/05\/5-150x150.jpg\" class=\"attachment-thumbnail size-thumbnail\" alt=\"\" \/><\/a>\n\t\t\t<\/div><\/figure><figure class='gallery-item'>\n\t\t\t<div class='gallery-icon portrait'>\n\t\t\t\t<a href='https:\/\/liceum.kard.hlonda.pl\/index.php\/2022\/05\/05\/pierwsza-matura-w-naszym-liceum\/6-4\/'><img loading=\"lazy\" decoding=\"async\" width=\"150\" height=\"150\" src=\"https:\/\/liceum.kard.hlonda.pl\/wp-content\/uploads\/2022\/05\/6-150x150.jpg\" class=\"attachment-thumbnail size-thumbnail\" alt=\"\" \/><\/a>\n\t\t\t<\/div><\/figure><figure class='gallery-item'>\n\t\t\t<div class='gallery-icon portrait'>\n\t\t\t\t<a href='https:\/\/liceum.kard.hlonda.pl\/index.php\/2022\/05\/05\/pierwsza-matura-w-naszym-liceum\/7-3\/'><img loading=\"lazy\" decoding=\"async\" width=\"150\" height=\"150\" src=\"https:\/\/liceum.kard.hlonda.pl\/wp-content\/uploads\/2022\/05\/7-150x150.jpg\" class=\"attachment-thumbnail size-thumbnail\" alt=\"\" \/><\/a>\n\t\t\t<\/div><\/figure><figure class='gallery-item'>\n\t\t\t<div class='gallery-icon portrait'>\n\t\t\t\t<a href='https:\/\/liceum.kard.hlonda.pl\/index.php\/2022\/05\/05\/pierwsza-matura-w-naszym-liceum\/8-3\/'><img loading=\"lazy\" decoding=\"async\" width=\"150\" height=\"150\" src=\"https:\/\/liceum.kard.hlonda.pl\/wp-content\/uploads\/2022\/05\/8-150x150.jpg\" class=\"attachment-thumbnail size-thumbnail\" alt=\"\" \/><\/a>\n\t\t\t<\/div><\/figure>\n\t\t<\/div>\n\n","protected":false},"excerpt":{"rendered":"<p>Pierwsza matura w naszym liceum. Dzisiaj nasi maturzy\u015bci zmierzyli si\u0119 z j\u0119zykiem polskim na poziomie podstawowym. Jutro matematyka i w pi\u0105tek j\u0119zyk obcy. \u017byczymy wspania\u0142ych wynik\u00f3w.<\/p>\n","protected":false},"author":1,"featured_media":1808,"comment_status":"closed","ping_status":"closed","sticky":false,"template":"","format":"standard","meta":{"footnotes":""},"categories":[1],"tags":[],"class_list":["post-1805","post","type-post","status-publish","format-standard","has-post-thumbnail","hentry","category-bez-kategorii"],"_links":{"self":[{"href":"https:\/\/liceum.kard.hlonda.pl\/index.php\/wp-json\/wp\/v2\/posts\/1805","targetHints":{"allow":["GET"]}}],"collection":[{"href":"https:\/\/liceum.kard.hlonda.pl\/index.php\/wp-json\/wp\/v2\/posts"}],"about":[{"href":"https:\/\/liceum.kard.hlonda.pl\/index.php\/wp-json\/wp\/v2\/types\/post"}],"author":[{"embeddable":true,"href":"https:\/\/liceum.kard.hlonda.pl\/index.php\/wp-json\/wp\/v2\/users\/1"}],"replies":[{"embeddable":true,"href":"https:\/\/liceum.kard.hlonda.pl\/index.php\/wp-json\/wp\/v2\/comments?post=1805"}],"version-history":[{"count":1,"href":"https:\/\/liceum.kard.hlonda.pl\/index.php\/wp-json\/wp\/v2\/posts\/1805\/revisions"}],"predecessor-version":[{"id":1814,"href":"https:\/\/liceum.kard.hlonda.pl\/index.php\/wp-json\/wp\/v2\/posts\/1805\/revisions\/1814"}],"wp:featuredmedia":[{"embeddable":true,"href":"https:\/\/liceum.kard.hlonda.pl\/index.php\/wp-json\/wp\/v2\/media\/1808"}],"wp:attachment":[{"href":"https:\/\/liceum.kard.hlonda.pl\/index.php\/wp-json\/wp\/v2\/media?parent=1805"}],"wp:term":[{"taxonomy":"category","embeddable":true,"href":"https:\/\/liceum.kard.hlonda.pl\/index.php\/wp-json\/wp\/v2\/categories?post=1805"},{"taxonomy":"post_tag","embeddable":true,"href":"https:\/\/liceum.kard.hlonda.pl\/index.php\/wp-json\/wp\/v2\/tags?post=1805"}],"curies":[{"name":"wp","href":"https:\/\/api.w.org\/{rel}","templated":true}]}}