{"id":1833,"date":"2022-06-09T23:20:27","date_gmt":"2022-06-09T21:20:27","guid":{"rendered":"http:\/\/liceum.kard.hlonda.pl\/?p=1833"},"modified":"2022-06-09T23:20:27","modified_gmt":"2022-06-09T21:20:27","slug":"wycieczka-do-wroclawia","status":"publish","type":"post","link":"https:\/\/liceum.kard.hlonda.pl\/index.php\/2022\/06\/09\/wycieczka-do-wroclawia\/","title":{"rendered":"Wycieczka do Wroc\u0142awia"},"content":{"rendered":"<p style=\"text-align: justify;\">WROC\u0141AW 01-03.06 2022<\/p>\n<p style=\"text-align: justify;\">W dniach od 01.06 do 3.06.2022 Publiczne Liceum Og\u00f3lnokszta\u0142c\u0105ce im. Kard. A. Hlonda wybra\u0142o si\u0119 na wycieczk\u0119 do Wroc\u0142awia. Dzi\u0119ki otrzymanemu dofinansowaniu w ramach programu \u201cPoznaj Polsk\u0119\u201d mieli\u015bmy mo\u017cliwo\u015b\u0107 zwiedzenia tego pi\u0119knego miasta.<\/p>\n<p style=\"text-align: justify;\">Pierwszego dnia skupili\u015bmy nasz\u0105 uwag\u0119 na zabytkach Ostrowa Tumskiego. Zwiedzili\u015bmy Katedr\u0119 Jana Chrzciciela. Skorzystali\u015bmy tam z okazji podziwiania panoramy miasta z wie\u017cy katedralnej. Nast\u0119pnie poszli\u015bmy do ko\u015bcio\u0142a \u015aw. Idziego. Wpadli\u015bmy na chwil\u0119 do O\u015brodka Informacji Turystycznej, aby obejrze\u0107 prezentacj\u0119 o historii Ostrowa. Przeszli\u015bmy si\u0119 Mostem Tumskim poluj\u0105c na wroc\u0142awskie krasnale. Przez Bram\u0119 Klasztorn\u0105 pow\u0119drowali\u015bmy do domu Si\u00f3str Notre Dame gdzie mieli\u015bmy sp\u0119dzi\u0107 dwie noce. Dom Si\u00f3str zbudowany zosta\u0142 w XVIII wieku na ruinach Zamku Piast\u00f3w \u015al\u0105skich.<\/p>\n<p style=\"text-align: justify;\">Dzi\u0119ki uprzejmo\u015bci Si\u00f3str mogli\u015bmy w piwnicach tego domu obejrze\u0107 ruiny zamku.<\/p>\n<p style=\"text-align: justify;\">Po lunchu mieli\u015bmy w planie muzeum, a dok\u0142adnie Panoram\u0119 Rac\u0142awick\u0105. Ogrom i realizm tego dzie\u0142a Kossaka i Styki zrobi\u0142 na nas niesamowite wra\u017cenie. Bardzo ciekawe komentarze przewodnika pozwoli\u0142y na wczucie si\u0119 w sytuacje i epok\u0119.<\/p>\n<p style=\"text-align: justify;\">Po takich wra\u017ceniach przyszed\u0142 czas na co\u015b dla cia\u0142a, czyli kolacj\u0119. Tutaj zn\u00f3w zetkn\u0119li\u015bmy si\u0119 z pi\u0119knem gotyckich wn\u0119trz, poniewa\u017c restauracja usytuowana by\u0142a w podziemiach dawnego klasztoru Dominikanek.<\/p>\n<p style=\"text-align: justify;\">Drugiego dnia trzeba by\u0142o wsta\u0107 bardzo wcze\u015bnie, bo ju\u017c o 9.00 mieli\u015bmy rezerwacje do bardzo nietypowej budowli jak\u0105 jest Hala Stulecia. Bardzo podoba\u0142a si\u0119 nam tutaj zw\u0142aszcza cz\u0119\u015b\u0107 multimedialna, kt\u00f3r\u0105 ogl\u0105dali\u015bmy za pomoc\u0105 specjalnie w tym celu u\u017cywanych gogli.<\/p>\n<p style=\"text-align: justify;\">Po zwiedzaniu Hali przeszli\u015bmy spacerkiem do Pawilonu 4 Kopu\u0142, kt\u00f3ry wyr\u00f3\u017cnia si\u0119 unikatow\u0105 konstrukcj\u0105.<\/p>\n<p style=\"text-align: justify;\">Po doznaniach estetycznych nadszed\u0142 czas na troch\u0119 rozrywki. W programie nie mo\u017cna by\u0142o bowiem pomin\u0105\u0107 Wroc\u0142awskiego ZOO z wspania\u0142ym Afrykarium<\/p>\n<p style=\"text-align: justify;\">Z Zoo statkiem o wdzi\u0119cznej nazwie ,,Kaczuszka\u201d pop\u0142yn\u0119li\u015bmy zwiedza\u0107 Wroc\u0142aw od strony Odry. Ostr\u00f3w Tumski od strony rzeki wygl\u0105da wspaniale zw\u0142aszcza w tak pi\u0119knym s\u0142o\u0144cu jakie towarzyszy\u0142o mam przez ca\u0142y pobyt w tym mie\u015bcie.<\/p>\n<p style=\"text-align: justify;\">Po rejsie czeka\u0142a nas walka z czasem, \u017ceby zd\u0105\u017cy\u0107 do Muzeum Uniwersytetu Wroc\u0142awskiego. Zwiedzanie Wroc\u0142awia bez obejrzenia Auli Leopolda i Oratorium Marianum jest niepe\u0142ne. Aula bardzo rzadko jest dost\u0119pna dla zwiedzaj\u0105cych, wi\u0119c byli\u015bmy bardzo zadowoleni, \u017ce nam si\u0119 uda\u0142o.<\/p>\n<p style=\"text-align: justify;\">Przed nami zosta\u0142 jeszcze ostatni punkt programu tego dnia. Z Uniwersytetu Wroc\u0142awskiego poszli\u015bmy poszuka\u0107 obelisku po\u015bwi\u0119conego bohaterom z organizacji Olimp. Jest to miejsce rzadko odwiedzane a warto si\u0119 tu zatrzyma\u0107 na chwil\u0119 zadumy nad losami Polak\u00f3w w czasie II wojny \u015awiatowej.<\/p>\n<p style=\"text-align: justify;\">Mieli\u015bmy du\u017co szcz\u0119\u015bcia, spotkali\u015bmy tutaj bowiem osob\u0119, kt\u00f3ra opiekuje si\u0119 obeliskiem na co dzie\u0144. Pan opowiedzia\u0142 nam historie organizacji Olimp i zaprosi\u0142 na 80 rocznic\u0119 aresztowania cz\u0142onk\u00f3w organizowan\u0105 przez Rodzin\u0119 Rod\u0142a we Wroc\u0142awiu. Po tak pracowitym dniu przyszed\u0142 czas na kolacj\u0119. Z restauracji wr\u00f3cili\u015bmy na Ostr\u00f3w Tumski do Domu Si\u00f3str. Reszt\u0119 wieczoru cz\u0119\u015b\u0107 z nas sp\u0119dzi\u0142a w przepi\u0119knym ogrodzie Si\u00f3str graj\u0105c w gry i s\u0142uchaj\u0105c s\u0142owik\u00f3w.<\/p>\n<p style=\"text-align: justify;\">Trzeciego dnia wyruszyli\u015bmy na zwiedzanie Starego Miasta. Szczeg\u00f3lne wra\u017cenie zrobi\u0142 na nas ko\u015bci\u00f3\u0142 \u015aw. Katarzyny i Ratusz. Po spacerze po Rynku przyszed\u0142 czas na Muzeum Pana Tadeusza i warsztaty graficzne. By\u0142o du\u017co \u015bmiechu i oczywi\u015bcie r\u0119ce brudne od farby, nasze dzie\u0142a zapakowane przez instruktora przyjecha\u0142y z nami do szko\u0142y.<\/p>\n<p style=\"text-align: justify;\">Po tak pracowitym dniu postanowili\u015bmy przed podr\u00f3\u017c\u0105 odpocz\u0105\u0107 w malowniczym Ogrodzie Botanicznym.<\/p>\n<p style=\"text-align: justify;\">Wroc\u0142aw przywita\u0142 nas pi\u0119kn\u0105 pogod\u0105, zachwyci\u0142 atmosfera i pi\u0119knem architektury.<\/p>\n<p>Wracali\u015bmy do domu zm\u0119czeni (w czasie wycieczki przeszli\u015bmy ponad 40 km) ale i bardzo zadowoleni, widzieli\u015bmy naprawd\u0119 du\u017co i nauczyli\u015bmy si\u0119 wiele.<\/p>\n<div id='gallery-1' class='gallery galleryid-1833 gallery-columns-4 gallery-size-thumbnail'><figure class='gallery-item'>\n\t\t\t<div class='gallery-icon landscape'>\n\t\t\t\t<a href='https:\/\/liceum.kard.hlonda.pl\/index.php\/2022\/06\/09\/wycieczka-do-wroclawia\/aula\/'><img loading=\"lazy\" decoding=\"async\" width=\"150\" height=\"150\" src=\"https:\/\/liceum.kard.hlonda.pl\/wp-content\/uploads\/2022\/06\/aula-150x150.jpg\" class=\"attachment-thumbnail size-thumbnail\" alt=\"\" \/><\/a>\n\t\t\t<\/div><\/figure><figure class='gallery-item'>\n\t\t\t<div class='gallery-icon landscape'>\n\t\t\t\t<a href='https:\/\/liceum.kard.hlonda.pl\/index.php\/2022\/06\/09\/wycieczka-do-wroclawia\/chwila_oddechu\/'><img loading=\"lazy\" decoding=\"async\" width=\"150\" height=\"150\" src=\"https:\/\/liceum.kard.hlonda.pl\/wp-content\/uploads\/2022\/06\/chwila_oddechu-150x150.jpg\" class=\"attachment-thumbnail size-thumbnail\" alt=\"\" \/><\/a>\n\t\t\t<\/div><\/figure><figure class='gallery-item'>\n\t\t\t<div class='gallery-icon landscape'>\n\t\t\t\t<a href='https:\/\/liceum.kard.hlonda.pl\/index.php\/2022\/06\/09\/wycieczka-do-wroclawia\/dom\/'><img loading=\"lazy\" decoding=\"async\" width=\"150\" height=\"150\" src=\"https:\/\/liceum.kard.hlonda.pl\/wp-content\/uploads\/2022\/06\/dom-150x150.jpg\" class=\"attachment-thumbnail size-thumbnail\" alt=\"\" \/><\/a>\n\t\t\t<\/div><\/figure><figure class='gallery-item'>\n\t\t\t<div class='gallery-icon landscape'>\n\t\t\t\t<a href='https:\/\/liceum.kard.hlonda.pl\/index.php\/2022\/06\/09\/wycieczka-do-wroclawia\/hala_stulecia\/'><img loading=\"lazy\" decoding=\"async\" width=\"150\" height=\"150\" src=\"https:\/\/liceum.kard.hlonda.pl\/wp-content\/uploads\/2022\/06\/hala_stulecia-150x150.jpg\" class=\"attachment-thumbnail size-thumbnail\" alt=\"\" \/><\/a>\n\t\t\t<\/div><\/figure><figure class='gallery-item'>\n\t\t\t<div class='gallery-icon portrait'>\n\t\t\t\t<a href='https:\/\/liceum.kard.hlonda.pl\/index.php\/2022\/06\/09\/wycieczka-do-wroclawia\/katedra\/'><img loading=\"lazy\" decoding=\"async\" width=\"150\" height=\"150\" src=\"https:\/\/liceum.kard.hlonda.pl\/wp-content\/uploads\/2022\/06\/katedra-150x150.jpg\" class=\"attachment-thumbnail size-thumbnail\" alt=\"\" \/><\/a>\n\t\t\t<\/div><\/figure><figure class='gallery-item'>\n\t\t\t<div class='gallery-icon landscape'>\n\t\t\t\t<a href='https:\/\/liceum.kard.hlonda.pl\/index.php\/2022\/06\/09\/wycieczka-do-wroclawia\/obelisk_wroc\/'><img loading=\"lazy\" decoding=\"async\" width=\"150\" height=\"150\" src=\"https:\/\/liceum.kard.hlonda.pl\/wp-content\/uploads\/2022\/06\/obelisk_wroc-150x150.jpg\" class=\"attachment-thumbnail size-thumbnail\" alt=\"\" \/><\/a>\n\t\t\t<\/div><\/figure><figure class='gallery-item'>\n\t\t\t<div class='gallery-icon portrait'>\n\t\t\t\t<a href='https:\/\/liceum.kard.hlonda.pl\/index.php\/2022\/06\/09\/wycieczka-do-wroclawia\/obiad_1\/'><img loading=\"lazy\" decoding=\"async\" width=\"150\" height=\"150\" src=\"https:\/\/liceum.kard.hlonda.pl\/wp-content\/uploads\/2022\/06\/obiad_1-150x150.jpg\" class=\"attachment-thumbnail size-thumbnail\" alt=\"\" \/><\/a>\n\t\t\t<\/div><\/figure><figure class='gallery-item'>\n\t\t\t<div class='gallery-icon landscape'>\n\t\t\t\t<a href='https:\/\/liceum.kard.hlonda.pl\/index.php\/2022\/06\/09\/wycieczka-do-wroclawia\/odpoczynek\/'><img loading=\"lazy\" decoding=\"async\" width=\"150\" height=\"150\" src=\"https:\/\/liceum.kard.hlonda.pl\/wp-content\/uploads\/2022\/06\/odpoczynek-150x150.jpg\" class=\"attachment-thumbnail size-thumbnail\" alt=\"\" \/><\/a>\n\t\t\t<\/div><\/figure><figure class='gallery-item'>\n\t\t\t<div class='gallery-icon portrait'>\n\t\t\t\t<a href='https:\/\/liceum.kard.hlonda.pl\/index.php\/2022\/06\/09\/wycieczka-do-wroclawia\/ostrw\/'><img loading=\"lazy\" decoding=\"async\" width=\"150\" height=\"150\" src=\"https:\/\/liceum.kard.hlonda.pl\/wp-content\/uploads\/2022\/06\/ostrw-150x150.jpg\" class=\"attachment-thumbnail size-thumbnail\" alt=\"\" \/><\/a>\n\t\t\t<\/div><\/figure><figure class='gallery-item'>\n\t\t\t<div class='gallery-icon landscape'>\n\t\t\t\t<a href='https:\/\/liceum.kard.hlonda.pl\/index.php\/2022\/06\/09\/wycieczka-do-wroclawia\/panorama_grupa\/'><img loading=\"lazy\" decoding=\"async\" width=\"150\" height=\"150\" src=\"https:\/\/liceum.kard.hlonda.pl\/wp-content\/uploads\/2022\/06\/panorama_grupa-150x150.jpg\" class=\"attachment-thumbnail size-thumbnail\" alt=\"\" \/><\/a>\n\t\t\t<\/div><\/figure><figure class='gallery-item'>\n\t\t\t<div class='gallery-icon landscape'>\n\t\t\t\t<a href='https:\/\/liceum.kard.hlonda.pl\/index.php\/2022\/06\/09\/wycieczka-do-wroclawia\/panorama1\/'><img loading=\"lazy\" decoding=\"async\" width=\"150\" height=\"150\" src=\"https:\/\/liceum.kard.hlonda.pl\/wp-content\/uploads\/2022\/06\/panorama1-150x150.jpg\" class=\"attachment-thumbnail size-thumbnail\" alt=\"\" \/><\/a>\n\t\t\t<\/div><\/figure><figure class='gallery-item'>\n\t\t\t<div class='gallery-icon landscape'>\n\t\t\t\t<a href='https:\/\/liceum.kard.hlonda.pl\/index.php\/2022\/06\/09\/wycieczka-do-wroclawia\/st_rynek_wr\/'><img loading=\"lazy\" decoding=\"async\" width=\"150\" height=\"150\" src=\"https:\/\/liceum.kard.hlonda.pl\/wp-content\/uploads\/2022\/06\/st_rynek_wr-150x150.jpg\" class=\"attachment-thumbnail size-thumbnail\" alt=\"\" \/><\/a>\n\t\t\t<\/div><\/figure><figure class='gallery-item'>\n\t\t\t<div class='gallery-icon landscape'>\n\t\t\t\t<a href='https:\/\/liceum.kard.hlonda.pl\/index.php\/2022\/06\/09\/wycieczka-do-wroclawia\/statek\/'><img loading=\"lazy\" decoding=\"async\" width=\"150\" height=\"150\" src=\"https:\/\/liceum.kard.hlonda.pl\/wp-content\/uploads\/2022\/06\/statek-150x150.jpg\" class=\"attachment-thumbnail size-thumbnail\" alt=\"\" \/><\/a>\n\t\t\t<\/div><\/figure><figure class='gallery-item'>\n\t\t\t<div class='gallery-icon portrait'>\n\t\t\t\t<a href='https:\/\/liceum.kard.hlonda.pl\/index.php\/2022\/06\/09\/wycieczka-do-wroclawia\/warsztaty\/'><img loading=\"lazy\" decoding=\"async\" width=\"150\" height=\"150\" src=\"https:\/\/liceum.kard.hlonda.pl\/wp-content\/uploads\/2022\/06\/warsztaty-150x150.jpg\" class=\"attachment-thumbnail size-thumbnail\" alt=\"\" \/><\/a>\n\t\t\t<\/div><\/figure><figure class='gallery-item'>\n\t\t\t<div class='gallery-icon portrait'>\n\t\t\t\t<a href='https:\/\/liceum.kard.hlonda.pl\/index.php\/2022\/06\/09\/wycieczka-do-wroclawia\/wiwza\/'><img loading=\"lazy\" decoding=\"async\" width=\"150\" height=\"150\" src=\"https:\/\/liceum.kard.hlonda.pl\/wp-content\/uploads\/2022\/06\/wiwza-150x150.jpg\" class=\"attachment-thumbnail size-thumbnail\" alt=\"\" \/><\/a>\n\t\t\t<\/div><\/figure>\n\t\t<\/div>\n\n","protected":false},"excerpt":{"rendered":"<p>WROC\u0141AW 01-03.06 2022 W dniach od 01.06 do 3.06.2022 Publiczne Liceum Og\u00f3lnokszta\u0142c\u0105ce im. Kard. A. Hlonda wybra\u0142o si\u0119 na wycieczk\u0119 do Wroc\u0142awia. Dzi\u0119ki otrzymanemu dofinansowaniu w ramach programu \u201cPoznaj Polsk\u0119\u201d mieli\u015bmy mo\u017cliwo\u015b\u0107 zwiedzenia tego pi\u0119knego miasta. Pierwszego dnia skupili\u015bmy nasz\u0105 uwag\u0119 na zabytkach Ostrowa Tumskiego. Zwiedzili\u015bmy Katedr\u0119 Jana Chrzciciela. Skorzystali\u015bmy &hellip;<\/p>\n","protected":false},"author":1,"featured_media":1835,"comment_status":"closed","ping_status":"closed","sticky":false,"template":"","format":"standard","meta":{"footnotes":""},"categories":[1],"tags":[],"class_list":["post-1833","post","type-post","status-publish","format-standard","has-post-thumbnail","hentry","category-bez-kategorii"],"_links":{"self":[{"href":"https:\/\/liceum.kard.hlonda.pl\/index.php\/wp-json\/wp\/v2\/posts\/1833","targetHints":{"allow":["GET"]}}],"collection":[{"href":"https:\/\/liceum.kard.hlonda.pl\/index.php\/wp-json\/wp\/v2\/posts"}],"about":[{"href":"https:\/\/liceum.kard.hlonda.pl\/index.php\/wp-json\/wp\/v2\/types\/post"}],"author":[{"embeddable":true,"href":"https:\/\/liceum.kard.hlonda.pl\/index.php\/wp-json\/wp\/v2\/users\/1"}],"replies":[{"embeddable":true,"href":"https:\/\/liceum.kard.hlonda.pl\/index.php\/wp-json\/wp\/v2\/comments?post=1833"}],"version-history":[{"count":1,"href":"https:\/\/liceum.kard.hlonda.pl\/index.php\/wp-json\/wp\/v2\/posts\/1833\/revisions"}],"predecessor-version":[{"id":1849,"href":"https:\/\/liceum.kard.hlonda.pl\/index.php\/wp-json\/wp\/v2\/posts\/1833\/revisions\/1849"}],"wp:featuredmedia":[{"embeddable":true,"href":"https:\/\/liceum.kard.hlonda.pl\/index.php\/wp-json\/wp\/v2\/media\/1835"}],"wp:attachment":[{"href":"https:\/\/liceum.kard.hlonda.pl\/index.php\/wp-json\/wp\/v2\/media?parent=1833"}],"wp:term":[{"taxonomy":"category","embeddable":true,"href":"https:\/\/liceum.kard.hlonda.pl\/index.php\/wp-json\/wp\/v2\/categories?post=1833"},{"taxonomy":"post_tag","embeddable":true,"href":"https:\/\/liceum.kard.hlonda.pl\/index.php\/wp-json\/wp\/v2\/tags?post=1833"}],"curies":[{"name":"wp","href":"https:\/\/api.w.org\/{rel}","templated":true}]}}