{"id":1869,"date":"2022-08-24T23:40:28","date_gmt":"2022-08-24T21:40:28","guid":{"rendered":"http:\/\/liceum.kard.hlonda.pl\/?p=1869"},"modified":"2022-08-24T23:40:28","modified_gmt":"2022-08-24T21:40:28","slug":"forum-dyrektorow-szkol-katolickich","status":"publish","type":"post","link":"https:\/\/liceum.kard.hlonda.pl\/index.php\/2022\/08\/24\/forum-dyrektorow-szkol-katolickich\/","title":{"rendered":"Forum Dyrektor\u00f3w Szk\u00f3\u0142 Katolickich"},"content":{"rendered":"<p>Trwa Forum Dyrektor\u00f3w Szk\u00f3\u0142 Katolickich na Jasnej G\u00f3rze. Nasze plac\u00f3wki reprezentuje Dyrektor szk\u00f3\u0142- Barbara Zi\u00f3\u0142kowska. Tradycyjnie o tej porze przedstawiciele szk\u00f3\u0142 katolickich powierzaj\u0105 wszystkie sprawy szk\u00f3\u0142 Patronce &#8211; Matce Bo\u017cej Cz\u0119stochowskiej. W programie opr\u00f3cz formacji szeroko omawiane s\u0105 zmiany w przepisach prawa.<\/p>\n<div id='gallery-1' class='gallery galleryid-1869 gallery-columns-4 gallery-size-thumbnail'><figure class='gallery-item'>\n\t\t\t<div class='gallery-icon portrait'>\n\t\t\t\t<a href='https:\/\/liceum.kard.hlonda.pl\/index.php\/2022\/08\/24\/forum-dyrektorow-szkol-katolickich\/1-12\/'><img loading=\"lazy\" decoding=\"async\" width=\"150\" height=\"150\" src=\"https:\/\/liceum.kard.hlonda.pl\/wp-content\/uploads\/2022\/08\/1-150x150.jpg\" class=\"attachment-thumbnail size-thumbnail\" alt=\"\" \/><\/a>\n\t\t\t<\/div><\/figure><figure class='gallery-item'>\n\t\t\t<div class='gallery-icon portrait'>\n\t\t\t\t<a href='https:\/\/liceum.kard.hlonda.pl\/index.php\/2022\/08\/24\/forum-dyrektorow-szkol-katolickich\/2-13\/'><img loading=\"lazy\" decoding=\"async\" width=\"150\" height=\"150\" src=\"https:\/\/liceum.kard.hlonda.pl\/wp-content\/uploads\/2022\/08\/2-150x150.jpg\" class=\"attachment-thumbnail size-thumbnail\" alt=\"\" \/><\/a>\n\t\t\t<\/div><\/figure><figure class='gallery-item'>\n\t\t\t<div class='gallery-icon portrait'>\n\t\t\t\t<a href='https:\/\/liceum.kard.hlonda.pl\/index.php\/2022\/08\/24\/forum-dyrektorow-szkol-katolickich\/3-12\/'><img loading=\"lazy\" decoding=\"async\" width=\"150\" height=\"150\" src=\"https:\/\/liceum.kard.hlonda.pl\/wp-content\/uploads\/2022\/08\/3-150x150.jpg\" class=\"attachment-thumbnail size-thumbnail\" alt=\"\" \/><\/a>\n\t\t\t<\/div><\/figure><figure class='gallery-item'>\n\t\t\t<div class='gallery-icon portrait'>\n\t\t\t\t<a href='https:\/\/liceum.kard.hlonda.pl\/index.php\/2022\/08\/24\/forum-dyrektorow-szkol-katolickich\/4-10\/'><img loading=\"lazy\" decoding=\"async\" width=\"150\" height=\"150\" src=\"https:\/\/liceum.kard.hlonda.pl\/wp-content\/uploads\/2022\/08\/4-150x150.jpg\" class=\"attachment-thumbnail size-thumbnail\" alt=\"\" \/><\/a>\n\t\t\t<\/div><\/figure>\n\t\t<\/div>\n\n","protected":false},"excerpt":{"rendered":"<p>Trwa Forum Dyrektor\u00f3w Szk\u00f3\u0142 Katolickich na Jasnej G\u00f3rze. Nasze plac\u00f3wki reprezentuje Dyrektor szk\u00f3\u0142- Barbara Zi\u00f3\u0142kowska. Tradycyjnie o tej porze przedstawiciele szk\u00f3\u0142 katolickich powierzaj\u0105 wszystkie sprawy szk\u00f3\u0142 Patronce &#8211; Matce Bo\u017cej Cz\u0119stochowskiej. W programie opr\u00f3cz formacji szeroko omawiane s\u0105 zmiany w przepisach prawa.<\/p>\n","protected":false},"author":1,"featured_media":1873,"comment_status":"closed","ping_status":"closed","sticky":false,"template":"","format":"standard","meta":{"footnotes":""},"categories":[1],"tags":[],"class_list":["post-1869","post","type-post","status-publish","format-standard","has-post-thumbnail","hentry","category-bez-kategorii"],"_links":{"self":[{"href":"https:\/\/liceum.kard.hlonda.pl\/index.php\/wp-json\/wp\/v2\/posts\/1869","targetHints":{"allow":["GET"]}}],"collection":[{"href":"https:\/\/liceum.kard.hlonda.pl\/index.php\/wp-json\/wp\/v2\/posts"}],"about":[{"href":"https:\/\/liceum.kard.hlonda.pl\/index.php\/wp-json\/wp\/v2\/types\/post"}],"author":[{"embeddable":true,"href":"https:\/\/liceum.kard.hlonda.pl\/index.php\/wp-json\/wp\/v2\/users\/1"}],"replies":[{"embeddable":true,"href":"https:\/\/liceum.kard.hlonda.pl\/index.php\/wp-json\/wp\/v2\/comments?post=1869"}],"version-history":[{"count":1,"href":"https:\/\/liceum.kard.hlonda.pl\/index.php\/wp-json\/wp\/v2\/posts\/1869\/revisions"}],"predecessor-version":[{"id":1874,"href":"https:\/\/liceum.kard.hlonda.pl\/index.php\/wp-json\/wp\/v2\/posts\/1869\/revisions\/1874"}],"wp:featuredmedia":[{"embeddable":true,"href":"https:\/\/liceum.kard.hlonda.pl\/index.php\/wp-json\/wp\/v2\/media\/1873"}],"wp:attachment":[{"href":"https:\/\/liceum.kard.hlonda.pl\/index.php\/wp-json\/wp\/v2\/media?parent=1869"}],"wp:term":[{"taxonomy":"category","embeddable":true,"href":"https:\/\/liceum.kard.hlonda.pl\/index.php\/wp-json\/wp\/v2\/categories?post=1869"},{"taxonomy":"post_tag","embeddable":true,"href":"https:\/\/liceum.kard.hlonda.pl\/index.php\/wp-json\/wp\/v2\/tags?post=1869"}],"curies":[{"name":"wp","href":"https:\/\/api.w.org\/{rel}","templated":true}]}}