{"id":1910,"date":"2022-09-12T21:08:53","date_gmt":"2022-09-12T19:08:53","guid":{"rendered":"http:\/\/liceum.kard.hlonda.pl\/?p=1910"},"modified":"2023-01-31T22:37:48","modified_gmt":"2023-01-31T21:37:48","slug":"spotkanie-integracyjno-formacyjne-dla-nauczycieli","status":"publish","type":"post","link":"https:\/\/liceum.kard.hlonda.pl\/index.php\/2022\/09\/12\/spotkanie-integracyjno-formacyjne-dla-nauczycieli\/","title":{"rendered":"Spotkanie integracyjno-formacyjne dla nauczycieli"},"content":{"rendered":"<p>Spotkanie integracyjno formacyjne dla nauczycieli przed rozpocz\u0119ciem nowego roku szkolnego. Konferencje przygotowali ks. Rados\u0142aw \u015alendak, Stanis\u0142awa Borowczyk i dr Iwona Roszkiewicz. Wsp\u00f3lnie zastanawiali\u015bmy si\u0119 w jaki spos\u00f3b realizowa\u0107 w naszych szko\u0142ach priorytety MEiN. Drugiego dnia dzi\u0119ki nawi\u0105zanej wsp\u00f3\u0142pracy z Colegium Reginae Hedvigis mogli\u015bmy uczestniczy\u0107 w presti\u017cowym szkoleniu, kt\u00f3re poprowadzi\u0142a dla nas dr Irena Kami\u0144ska-Radomska.<\/p>\n<div style=\"width: 640px;\" class=\"wp-video\"><video class=\"wp-video-shortcode\" id=\"video-1910-1\" width=\"640\" height=\"352\" preload=\"metadata\" controls=\"controls\"><source type=\"video\/mp4\" src=\"http:\/\/liceum.kard.hlonda.pl\/wp-content\/uploads\/2022\/09\/VID-20220830-WA0028.mp4?_=1\" \/><a href=\"http:\/\/liceum.kard.hlonda.pl\/wp-content\/uploads\/2022\/09\/VID-20220830-WA0028.mp4\">http:\/\/liceum.kard.hlonda.pl\/wp-content\/uploads\/2022\/09\/VID-20220830-WA0028.mp4<\/a><\/video><\/div>\n","protected":false},"excerpt":{"rendered":"<p>Spotkanie integracyjno formacyjne dla nauczycieli przed rozpocz\u0119ciem nowego roku szkolnego. Konferencje przygotowali ks. Rados\u0142aw \u015alendak, Stanis\u0142awa Borowczyk i dr Iwona Roszkiewicz. Wsp\u00f3lnie zastanawiali\u015bmy si\u0119 w jaki spos\u00f3b realizowa\u0107 w naszych szko\u0142ach priorytety MEiN. Drugiego dnia dzi\u0119ki nawi\u0105zanej wsp\u00f3\u0142pracy z Colegium Reginae Hedvigis mogli\u015bmy uczestniczy\u0107 w presti\u017cowym szkoleniu, kt\u00f3re poprowadzi\u0142a dla &hellip;<\/p>\n","protected":false},"author":1,"featured_media":0,"comment_status":"closed","ping_status":"closed","sticky":false,"template":"","format":"video","meta":{"footnotes":""},"categories":[1,6],"tags":[],"class_list":["post-1910","post","type-post","status-publish","format-video","hentry","category-bez-kategorii","category-formacja","post_format-post-format-video"],"_links":{"self":[{"href":"https:\/\/liceum.kard.hlonda.pl\/index.php\/wp-json\/wp\/v2\/posts\/1910","targetHints":{"allow":["GET"]}}],"collection":[{"href":"https:\/\/liceum.kard.hlonda.pl\/index.php\/wp-json\/wp\/v2\/posts"}],"about":[{"href":"https:\/\/liceum.kard.hlonda.pl\/index.php\/wp-json\/wp\/v2\/types\/post"}],"author":[{"embeddable":true,"href":"https:\/\/liceum.kard.hlonda.pl\/index.php\/wp-json\/wp\/v2\/users\/1"}],"replies":[{"embeddable":true,"href":"https:\/\/liceum.kard.hlonda.pl\/index.php\/wp-json\/wp\/v2\/comments?post=1910"}],"version-history":[{"count":1,"href":"https:\/\/liceum.kard.hlonda.pl\/index.php\/wp-json\/wp\/v2\/posts\/1910\/revisions"}],"predecessor-version":[{"id":1912,"href":"https:\/\/liceum.kard.hlonda.pl\/index.php\/wp-json\/wp\/v2\/posts\/1910\/revisions\/1912"}],"wp:attachment":[{"href":"https:\/\/liceum.kard.hlonda.pl\/index.php\/wp-json\/wp\/v2\/media?parent=1910"}],"wp:term":[{"taxonomy":"category","embeddable":true,"href":"https:\/\/liceum.kard.hlonda.pl\/index.php\/wp-json\/wp\/v2\/categories?post=1910"},{"taxonomy":"post_tag","embeddable":true,"href":"https:\/\/liceum.kard.hlonda.pl\/index.php\/wp-json\/wp\/v2\/tags?post=1910"}],"curies":[{"name":"wp","href":"https:\/\/api.w.org\/{rel}","templated":true}]}}