{"id":2051,"date":"2022-11-04T21:36:42","date_gmt":"2022-11-04T20:36:42","guid":{"rendered":"http:\/\/liceum.kard.hlonda.pl\/?p=2051"},"modified":"2022-11-12T00:00:24","modified_gmt":"2022-11-11T23:00:24","slug":"odnowienie-slubowania-klasy-drugiej-liceum","status":"publish","type":"post","link":"https:\/\/liceum.kard.hlonda.pl\/index.php\/2022\/11\/04\/odnowienie-slubowania-klasy-drugiej-liceum\/","title":{"rendered":"Odnowienie \u015blubowania klasy drugiej liceum"},"content":{"rendered":"<p style=\"text-align: justify;\">Dzie\u0144 4 listopada 2022 by\u0142 dla mojej klasy dniem szczeg\u00f3lnym. Postanowili\u015bmy, \u017ce klasa w\u0142a\u015bnie teraz przypomni sobie o pi\u0119knej uroczysto\u015bci \u015blubowania i odnowi swoje przyrzeczenie. Tak si\u0119 z\u0142o\u017cy\u0142o, \u017ce w tym dniu by\u0142 pierwszy pi\u0105tek miesi\u0105ca, wi\u0119c wsp\u00f3lny dzie\u0144 rozpocz\u0119li\u015bmy od modlitwy. Msz\u0119 \u015awi\u0119t\u0105 celebrowali ksi\u0105dz Rados\u0142aw i ksi\u0105dz Marek, ale moja klasa r\u00f3wnie\u017c czynnie si\u0119 w\u0142\u0105czy\u0142a, odczytuj\u0105c intencje i czytanie mszalne. Na lekcji drugiej, w obecno\u015bci Pani Dyrektor i przy portretach naszych Patron\u00f3w, nast\u0105pi\u0142o odnowienie\u00a0 przyrzeczenia. Nadszed\u0142 te\u017c odpowiedni czas na bajk\u0119 o naszym liceum. M\u00f3wi ona, \u017ce w \u017cyciu liczy si\u0119 dobre serce i to, czy potrafisz udzieli\u0107 pomocy tym , kt\u00f3rzy jej potrzebuj\u0105. Odczytali j\u0105 Marta Korna\u015b i Mateusz Dywa\u0144ski. Uczniowie otrzymali z r\u0105k Pani Dyrektor pami\u0105tkowy tekst przyrzeczenia i przez dalsz\u0105 cz\u0119\u015b\u0107 lekcji \u015bwi\u0119towali, racz\u0105c si\u0119 s\u0142odko\u015bciami. My\u015bl\u0119, \u017ce by\u0142 to wspania\u0142y, pe\u0142en wzrusze\u0144 dzie\u0144 , kt\u00f3ry na d\u0142ugo pozostanie w sercach moich uczni\u00f3w.<\/p>\n<p style=\"text-align: justify;\">Polonistka i wychowawczyni klasy 2 liceum<\/p>\n<p>&nbsp;<\/p>\n<p style=\"text-align: right;\"><em>Ewa Piotrowska.<\/em><\/p>\n<div id='gallery-1' class='gallery galleryid-2051 gallery-columns-3 gallery-size-thumbnail'><figure class='gallery-item'>\n\t\t\t<div class='gallery-icon portrait'>\n\t\t\t\t<a href='https:\/\/liceum.kard.hlonda.pl\/index.php\/2022\/11\/04\/odnowienie-slubowania-klasy-drugiej-liceum\/img_20221104_091642_resized_20221104_092458232\/'><img loading=\"lazy\" decoding=\"async\" width=\"150\" height=\"150\" src=\"https:\/\/liceum.kard.hlonda.pl\/wp-content\/uploads\/2022\/11\/img_20221104_091642_resized_20221104_092458232-150x150.jpg\" class=\"attachment-thumbnail size-thumbnail\" alt=\"\" \/><\/a>\n\t\t\t<\/div><\/figure><figure class='gallery-item'>\n\t\t\t<div class='gallery-icon portrait'>\n\t\t\t\t<a href='https:\/\/liceum.kard.hlonda.pl\/index.php\/2022\/11\/04\/odnowienie-slubowania-klasy-drugiej-liceum\/img_20221104_091652_resized_20221104_092459178\/'><img loading=\"lazy\" decoding=\"async\" width=\"150\" height=\"150\" src=\"https:\/\/liceum.kard.hlonda.pl\/wp-content\/uploads\/2022\/11\/img_20221104_091652_resized_20221104_092459178-150x150.jpg\" class=\"attachment-thumbnail size-thumbnail\" alt=\"\" \/><\/a>\n\t\t\t<\/div><\/figure><figure class='gallery-item'>\n\t\t\t<div class='gallery-icon portrait'>\n\t\t\t\t<a href='https:\/\/liceum.kard.hlonda.pl\/index.php\/2022\/11\/04\/odnowienie-slubowania-klasy-drugiej-liceum\/img_20221104_091658_resized_20221104_092457828\/'><img loading=\"lazy\" decoding=\"async\" width=\"150\" height=\"150\" src=\"https:\/\/liceum.kard.hlonda.pl\/wp-content\/uploads\/2022\/11\/img_20221104_091658_resized_20221104_092457828-150x150.jpg\" class=\"attachment-thumbnail size-thumbnail\" alt=\"\" \/><\/a>\n\t\t\t<\/div><\/figure><figure class='gallery-item'>\n\t\t\t<div class='gallery-icon portrait'>\n\t\t\t\t<a href='https:\/\/liceum.kard.hlonda.pl\/index.php\/2022\/11\/04\/odnowienie-slubowania-klasy-drugiej-liceum\/img_20221104_091702_resized_20221104_092458050\/'><img loading=\"lazy\" decoding=\"async\" width=\"150\" height=\"150\" src=\"https:\/\/liceum.kard.hlonda.pl\/wp-content\/uploads\/2022\/11\/img_20221104_091702_resized_20221104_092458050-150x150.jpg\" class=\"attachment-thumbnail size-thumbnail\" alt=\"\" \/><\/a>\n\t\t\t<\/div><\/figure><figure class='gallery-item'>\n\t\t\t<div class='gallery-icon landscape'>\n\t\t\t\t<a href='https:\/\/liceum.kard.hlonda.pl\/index.php\/2022\/11\/04\/odnowienie-slubowania-klasy-drugiej-liceum\/img_20221104_091527_resized_20221104_092458514\/'><img loading=\"lazy\" decoding=\"async\" width=\"150\" height=\"150\" src=\"https:\/\/liceum.kard.hlonda.pl\/wp-content\/uploads\/2022\/11\/img_20221104_091527_resized_20221104_092458514-150x150.jpg\" class=\"attachment-thumbnail size-thumbnail\" alt=\"\" \/><\/a>\n\t\t\t<\/div><\/figure>\n\t\t<\/div>\n\n<p>&nbsp;<\/p>\n","protected":false},"excerpt":{"rendered":"<p>Dzie\u0144 4 listopada 2022 by\u0142 dla mojej klasy dniem szczeg\u00f3lnym. Postanowili\u015bmy, \u017ce klasa w\u0142a\u015bnie teraz przypomni sobie o pi\u0119knej uroczysto\u015bci \u015blubowania i odnowi swoje przyrzeczenie. Tak si\u0119 z\u0142o\u017cy\u0142o, \u017ce w tym dniu by\u0142 pierwszy pi\u0105tek miesi\u0105ca, wi\u0119c wsp\u00f3lny dzie\u0144 rozpocz\u0119li\u015bmy od modlitwy. Msz\u0119 \u015awi\u0119t\u0105 celebrowali ksi\u0105dz Rados\u0142aw i ksi\u0105dz Marek, &hellip;<\/p>\n","protected":false},"author":1,"featured_media":2052,"comment_status":"closed","ping_status":"closed","sticky":false,"template":"","format":"standard","meta":{"footnotes":""},"categories":[1],"tags":[],"class_list":["post-2051","post","type-post","status-publish","format-standard","has-post-thumbnail","hentry","category-bez-kategorii"],"_links":{"self":[{"href":"https:\/\/liceum.kard.hlonda.pl\/index.php\/wp-json\/wp\/v2\/posts\/2051","targetHints":{"allow":["GET"]}}],"collection":[{"href":"https:\/\/liceum.kard.hlonda.pl\/index.php\/wp-json\/wp\/v2\/posts"}],"about":[{"href":"https:\/\/liceum.kard.hlonda.pl\/index.php\/wp-json\/wp\/v2\/types\/post"}],"author":[{"embeddable":true,"href":"https:\/\/liceum.kard.hlonda.pl\/index.php\/wp-json\/wp\/v2\/users\/1"}],"replies":[{"embeddable":true,"href":"https:\/\/liceum.kard.hlonda.pl\/index.php\/wp-json\/wp\/v2\/comments?post=2051"}],"version-history":[{"count":4,"href":"https:\/\/liceum.kard.hlonda.pl\/index.php\/wp-json\/wp\/v2\/posts\/2051\/revisions"}],"predecessor-version":[{"id":2113,"href":"https:\/\/liceum.kard.hlonda.pl\/index.php\/wp-json\/wp\/v2\/posts\/2051\/revisions\/2113"}],"wp:featuredmedia":[{"embeddable":true,"href":"https:\/\/liceum.kard.hlonda.pl\/index.php\/wp-json\/wp\/v2\/media\/2052"}],"wp:attachment":[{"href":"https:\/\/liceum.kard.hlonda.pl\/index.php\/wp-json\/wp\/v2\/media?parent=2051"}],"wp:term":[{"taxonomy":"category","embeddable":true,"href":"https:\/\/liceum.kard.hlonda.pl\/index.php\/wp-json\/wp\/v2\/categories?post=2051"},{"taxonomy":"post_tag","embeddable":true,"href":"https:\/\/liceum.kard.hlonda.pl\/index.php\/wp-json\/wp\/v2\/tags?post=2051"}],"curies":[{"name":"wp","href":"https:\/\/api.w.org\/{rel}","templated":true}]}}