{"id":2171,"date":"2023-01-03T20:06:46","date_gmt":"2023-01-03T19:06:46","guid":{"rendered":"http:\/\/liceum.kard.hlonda.pl\/?p=2171"},"modified":"2023-02-07T23:55:56","modified_gmt":"2023-02-07T22:55:56","slug":"koledowanie-uczniow-szkol-katolickich-u-ks-arcybiskupa-stanislawa-gadeckiego-03-01-23","status":"publish","type":"post","link":"https:\/\/liceum.kard.hlonda.pl\/index.php\/2023\/01\/03\/koledowanie-uczniow-szkol-katolickich-u-ks-arcybiskupa-stanislawa-gadeckiego-03-01-23\/","title":{"rendered":"Kol\u0119dowanie uczni\u00f3w szk\u00f3\u0142 katolickich u ks. arcybiskupa Stanis\u0142awa G\u0105deckiego 03.01.23"},"content":{"rendered":"<p>Kol\u0119dowanie u Arcybiskupa Stanis\u0142awa G\u0105deckiego 3 stycznia 2023. Fotorelacja:<\/p>\n<div id='gallery-1' class='gallery galleryid-2171 gallery-columns-4 gallery-size-thumbnail'><figure class='gallery-item'>\n\t\t\t<div class='gallery-icon portrait'>\n\t\t\t\t<a href='https:\/\/liceum.kard.hlonda.pl\/index.php\/2023\/01\/03\/koledowanie-uczniow-szkol-katolickich-u-ks-arcybiskupa-stanislawa-gadeckiego-03-01-23\/img_20230103_103459_resized_20230103_115751051\/'><img loading=\"lazy\" decoding=\"async\" width=\"150\" height=\"150\" src=\"https:\/\/liceum.kard.hlonda.pl\/wp-content\/uploads\/2023\/01\/IMG_20230103_103459_resized_20230103_115751051-150x150.jpg\" class=\"attachment-thumbnail size-thumbnail\" alt=\"\" \/><\/a>\n\t\t\t<\/div><\/figure><figure class='gallery-item'>\n\t\t\t<div class='gallery-icon portrait'>\n\t\t\t\t<a href='https:\/\/liceum.kard.hlonda.pl\/index.php\/2023\/01\/03\/koledowanie-uczniow-szkol-katolickich-u-ks-arcybiskupa-stanislawa-gadeckiego-03-01-23\/img_20230103_103506_resized_20230103_115751421\/'><img loading=\"lazy\" decoding=\"async\" width=\"150\" height=\"150\" src=\"https:\/\/liceum.kard.hlonda.pl\/wp-content\/uploads\/2023\/01\/IMG_20230103_103506_resized_20230103_115751421-150x150.jpg\" class=\"attachment-thumbnail size-thumbnail\" alt=\"\" \/><\/a>\n\t\t\t<\/div><\/figure><figure class='gallery-item'>\n\t\t\t<div class='gallery-icon portrait'>\n\t\t\t\t<a href='https:\/\/liceum.kard.hlonda.pl\/index.php\/2023\/01\/03\/koledowanie-uczniow-szkol-katolickich-u-ks-arcybiskupa-stanislawa-gadeckiego-03-01-23\/img_20230103_103511_resized_20230103_115750726\/'><img loading=\"lazy\" decoding=\"async\" width=\"150\" height=\"150\" src=\"https:\/\/liceum.kard.hlonda.pl\/wp-content\/uploads\/2023\/01\/IMG_20230103_103511_resized_20230103_115750726-150x150.jpg\" class=\"attachment-thumbnail size-thumbnail\" alt=\"\" \/><\/a>\n\t\t\t<\/div><\/figure><figure class='gallery-item'>\n\t\t\t<div class='gallery-icon portrait'>\n\t\t\t\t<a href='https:\/\/liceum.kard.hlonda.pl\/index.php\/2023\/01\/03\/koledowanie-uczniow-szkol-katolickich-u-ks-arcybiskupa-stanislawa-gadeckiego-03-01-23\/img_20230103_113113_resized_20230103_115749092\/'><img loading=\"lazy\" decoding=\"async\" width=\"150\" height=\"150\" src=\"https:\/\/liceum.kard.hlonda.pl\/wp-content\/uploads\/2023\/01\/IMG_20230103_113113_resized_20230103_115749092-150x150.jpg\" class=\"attachment-thumbnail size-thumbnail\" alt=\"\" \/><\/a>\n\t\t\t<\/div><\/figure><figure class='gallery-item'>\n\t\t\t<div class='gallery-icon portrait'>\n\t\t\t\t<a href='https:\/\/liceum.kard.hlonda.pl\/index.php\/2023\/01\/03\/koledowanie-uczniow-szkol-katolickich-u-ks-arcybiskupa-stanislawa-gadeckiego-03-01-23\/img_20230103_113120_resized_20230103_115749294\/'><img loading=\"lazy\" decoding=\"async\" width=\"150\" height=\"150\" src=\"https:\/\/liceum.kard.hlonda.pl\/wp-content\/uploads\/2023\/01\/IMG_20230103_113120_resized_20230103_115749294-150x150.jpg\" class=\"attachment-thumbnail size-thumbnail\" alt=\"\" \/><\/a>\n\t\t\t<\/div><\/figure><figure class='gallery-item'>\n\t\t\t<div class='gallery-icon portrait'>\n\t\t\t\t<a href='https:\/\/liceum.kard.hlonda.pl\/index.php\/2023\/01\/03\/koledowanie-uczniow-szkol-katolickich-u-ks-arcybiskupa-stanislawa-gadeckiego-03-01-23\/img_20230103_113131_resized_20230103_115749506\/'><img loading=\"lazy\" decoding=\"async\" width=\"150\" height=\"150\" src=\"https:\/\/liceum.kard.hlonda.pl\/wp-content\/uploads\/2023\/01\/IMG_20230103_113131_resized_20230103_115749506-150x150.jpg\" class=\"attachment-thumbnail size-thumbnail\" alt=\"\" \/><\/a>\n\t\t\t<\/div><\/figure><figure class='gallery-item'>\n\t\t\t<div class='gallery-icon portrait'>\n\t\t\t\t<a href='https:\/\/liceum.kard.hlonda.pl\/index.php\/2023\/01\/03\/koledowanie-uczniow-szkol-katolickich-u-ks-arcybiskupa-stanislawa-gadeckiego-03-01-23\/img_20230103_113132_resized_20230103_115750045\/'><img loading=\"lazy\" decoding=\"async\" width=\"150\" height=\"150\" src=\"https:\/\/liceum.kard.hlonda.pl\/wp-content\/uploads\/2023\/01\/IMG_20230103_113132_resized_20230103_115750045-150x150.jpg\" class=\"attachment-thumbnail size-thumbnail\" alt=\"\" \/><\/a>\n\t\t\t<\/div><\/figure><figure class='gallery-item'>\n\t\t\t<div class='gallery-icon landscape'>\n\t\t\t\t<a href='https:\/\/liceum.kard.hlonda.pl\/index.php\/2023\/01\/03\/koledowanie-uczniow-szkol-katolickich-u-ks-arcybiskupa-stanislawa-gadeckiego-03-01-23\/img_20230103_113455_resized_20230103_115750349\/'><img loading=\"lazy\" decoding=\"async\" width=\"150\" height=\"150\" src=\"https:\/\/liceum.kard.hlonda.pl\/wp-content\/uploads\/2023\/01\/IMG_20230103_113455_resized_20230103_115750349-150x150.jpg\" class=\"attachment-thumbnail size-thumbnail\" alt=\"\" \/><\/a>\n\t\t\t<\/div><\/figure><figure class='gallery-item'>\n\t\t\t<div class='gallery-icon portrait'>\n\t\t\t\t<a href='https:\/\/liceum.kard.hlonda.pl\/index.php\/2023\/01\/03\/koledowanie-uczniow-szkol-katolickich-u-ks-arcybiskupa-stanislawa-gadeckiego-03-01-23\/img_20230103_113504_resized_20230103_115749731\/'><img loading=\"lazy\" decoding=\"async\" width=\"150\" height=\"150\" src=\"https:\/\/liceum.kard.hlonda.pl\/wp-content\/uploads\/2023\/01\/IMG_20230103_113504_resized_20230103_115749731-150x150.jpg\" class=\"attachment-thumbnail size-thumbnail\" alt=\"\" \/><\/a>\n\t\t\t<\/div><\/figure><figure class='gallery-item'>\n\t\t\t<div class='gallery-icon portrait'>\n\t\t\t\t<a href='https:\/\/liceum.kard.hlonda.pl\/index.php\/2023\/01\/03\/koledowanie-uczniow-szkol-katolickich-u-ks-arcybiskupa-stanislawa-gadeckiego-03-01-23\/img_20230103_113513_resized_20230103_115748839\/'><img loading=\"lazy\" decoding=\"async\" width=\"150\" height=\"150\" src=\"https:\/\/liceum.kard.hlonda.pl\/wp-content\/uploads\/2023\/01\/IMG_20230103_113513_resized_20230103_115748839-150x150.jpg\" class=\"attachment-thumbnail size-thumbnail\" alt=\"\" \/><\/a>\n\t\t\t<\/div><\/figure><figure class='gallery-item'>\n\t\t\t<div class='gallery-icon landscape'>\n\t\t\t\t<a href='https:\/\/liceum.kard.hlonda.pl\/index.php\/2023\/01\/03\/koledowanie-uczniow-szkol-katolickich-u-ks-arcybiskupa-stanislawa-gadeckiego-03-01-23\/img_20230103_114005_resized_20230103_115748500\/'><img loading=\"lazy\" decoding=\"async\" width=\"150\" height=\"150\" src=\"https:\/\/liceum.kard.hlonda.pl\/wp-content\/uploads\/2023\/01\/IMG_20230103_114005_resized_20230103_115748500-150x150.jpg\" class=\"attachment-thumbnail size-thumbnail\" alt=\"\" \/><\/a>\n\t\t\t<\/div><\/figure><figure class='gallery-item'>\n\t\t\t<div class='gallery-icon landscape'>\n\t\t\t\t<a href='https:\/\/liceum.kard.hlonda.pl\/index.php\/2023\/01\/03\/koledowanie-uczniow-szkol-katolickich-u-ks-arcybiskupa-stanislawa-gadeckiego-03-01-23\/koledowanie\/'><img loading=\"lazy\" decoding=\"async\" width=\"150\" height=\"150\" src=\"https:\/\/liceum.kard.hlonda.pl\/wp-content\/uploads\/2023\/01\/Koledowanie-150x150.jpg\" class=\"attachment-thumbnail size-thumbnail\" alt=\"\" \/><\/a>\n\t\t\t<\/div><\/figure>\n\t\t<\/div>\n\n<p style=\"text-align: center;\"><iframe loading=\"lazy\" title=\"YouTube video player\" src=\"https:\/\/www.youtube.com\/embed\/XXe9u0h2oMY\" width=\"560\" height=\"315\" frameborder=\"0\" allowfullscreen=\"allowfullscreen\"><\/iframe><\/p>\n","protected":false},"excerpt":{"rendered":"<p>Kol\u0119dowanie u Arcybiskupa Stanis\u0142awa G\u0105deckiego 3 stycznia 2023. Fotorelacja:<\/p>\n","protected":false},"author":1,"featured_media":2319,"comment_status":"closed","ping_status":"closed","sticky":false,"template":"","format":"standard","meta":{"footnotes":""},"categories":[1,6],"tags":[],"class_list":["post-2171","post","type-post","status-publish","format-standard","has-post-thumbnail","hentry","category-bez-kategorii","category-formacja"],"_links":{"self":[{"href":"https:\/\/liceum.kard.hlonda.pl\/index.php\/wp-json\/wp\/v2\/posts\/2171","targetHints":{"allow":["GET"]}}],"collection":[{"href":"https:\/\/liceum.kard.hlonda.pl\/index.php\/wp-json\/wp\/v2\/posts"}],"about":[{"href":"https:\/\/liceum.kard.hlonda.pl\/index.php\/wp-json\/wp\/v2\/types\/post"}],"author":[{"embeddable":true,"href":"https:\/\/liceum.kard.hlonda.pl\/index.php\/wp-json\/wp\/v2\/users\/1"}],"replies":[{"embeddable":true,"href":"https:\/\/liceum.kard.hlonda.pl\/index.php\/wp-json\/wp\/v2\/comments?post=2171"}],"version-history":[{"count":4,"href":"https:\/\/liceum.kard.hlonda.pl\/index.php\/wp-json\/wp\/v2\/posts\/2171\/revisions"}],"predecessor-version":[{"id":2320,"href":"https:\/\/liceum.kard.hlonda.pl\/index.php\/wp-json\/wp\/v2\/posts\/2171\/revisions\/2320"}],"wp:featuredmedia":[{"embeddable":true,"href":"https:\/\/liceum.kard.hlonda.pl\/index.php\/wp-json\/wp\/v2\/media\/2319"}],"wp:attachment":[{"href":"https:\/\/liceum.kard.hlonda.pl\/index.php\/wp-json\/wp\/v2\/media?parent=2171"}],"wp:term":[{"taxonomy":"category","embeddable":true,"href":"https:\/\/liceum.kard.hlonda.pl\/index.php\/wp-json\/wp\/v2\/categories?post=2171"},{"taxonomy":"post_tag","embeddable":true,"href":"https:\/\/liceum.kard.hlonda.pl\/index.php\/wp-json\/wp\/v2\/tags?post=2171"}],"curies":[{"name":"wp","href":"https:\/\/api.w.org\/{rel}","templated":true}]}}