{"id":237,"date":"2020-02-21T11:34:40","date_gmt":"2020-02-21T10:34:40","guid":{"rendered":"http:\/\/liceum.kard.hlonda.pl\/?p=237"},"modified":"2020-02-23T23:00:25","modified_gmt":"2020-02-23T22:00:25","slug":"rekolekcje-wielkopostne","status":"publish","type":"post","link":"https:\/\/liceum.kard.hlonda.pl\/index.php\/2020\/02\/21\/rekolekcje-wielkopostne\/","title":{"rendered":"Rekolekcje wielkopostne"},"content":{"rendered":"<h4 style=\"text-align: center;\">Informujemy, \u017ce rekolekcje wielkopostne dla uczni\u00f3w Publicznego Liceum Og\u00f3lnokszta\u0142c\u0105cego<br \/>\nim. Kard. Augusta Hlonda<br \/>\npoprowadzi ks. dr Pawe\u0142 Jasina SChr.<br \/>\nZapraszamy do kaplicy Zgromadzenia Si\u00f3str Mi\u0142osierdzia \u015bw. Wincentego a\u2019Paulo<br \/>\nw godz. 9.00 do 11.00.<\/h4>\n<h4 style=\"text-align: center;\">Temat tegorocznych rozwa\u017ca\u0144 \u201eJEZUS DROG\u0104, PRAWD\u0104, \u017bYCIEM\u201d<\/h4>\n<p><strong>\u015aroda 26.02.2020 r.<\/strong><\/p>\n<p>9:00 \u2013\u00a0 konferencja<\/p>\n<p>10:00 \u2013 Msza \u015awi\u0119ta<\/p>\n<p>11:00 \u2013 zako\u0144czenie<\/p>\n<p><strong>Czwartek 27.02.2020 r. <\/strong><\/p>\n<p>9:00 \u2013 konferencja<\/p>\n<p>Ok. 10:00 \u2013 Adoracja Naj\u015bwi\u0119tszego Sakramentu i okazja skorzystania\u00a0 z sakramentu pokuty i pojednania<\/p>\n<p>11:00 \u2013 zako\u0144czenie<\/p>\n<p><strong>Pi\u0105tek 28.02.2020 r. <\/strong><\/p>\n<p>9:00 \u2013 konferencja<\/p>\n<p>10:00 \u2013 Msza \u015awi\u0119ta<\/p>\n<p>11:00 \u2013 zako\u0144czenie<\/p>\n<p style=\"text-align: center;\">\n","protected":false},"excerpt":{"rendered":"<p>Informujemy, \u017ce rekolekcje wielkopostne dla uczni\u00f3w Publicznego Liceum Og\u00f3lnokszta\u0142c\u0105cego im. Kard. Augusta Hlonda poprowadzi ks. dr Pawe\u0142 Jasina SChr. Zapraszamy do kaplicy Zgromadzenia Si\u00f3str Mi\u0142osierdzia \u015bw. Wincentego a\u2019Paulo w godz. 9.00 do 11.00. Temat tegorocznych rozwa\u017ca\u0144 \u201eJEZUS DROG\u0104, PRAWD\u0104, \u017bYCIEM\u201d \u015aroda 26.02.2020 r. 9:00 \u2013\u00a0 konferencja 10:00 \u2013 Msza \u015awi\u0119ta &hellip;<\/p>\n","protected":false},"author":1,"featured_media":0,"comment_status":"closed","ping_status":"closed","sticky":false,"template":"","format":"standard","meta":{"footnotes":""},"categories":[1],"tags":[],"class_list":["post-237","post","type-post","status-publish","format-standard","hentry","category-bez-kategorii"],"_links":{"self":[{"href":"https:\/\/liceum.kard.hlonda.pl\/index.php\/wp-json\/wp\/v2\/posts\/237","targetHints":{"allow":["GET"]}}],"collection":[{"href":"https:\/\/liceum.kard.hlonda.pl\/index.php\/wp-json\/wp\/v2\/posts"}],"about":[{"href":"https:\/\/liceum.kard.hlonda.pl\/index.php\/wp-json\/wp\/v2\/types\/post"}],"author":[{"embeddable":true,"href":"https:\/\/liceum.kard.hlonda.pl\/index.php\/wp-json\/wp\/v2\/users\/1"}],"replies":[{"embeddable":true,"href":"https:\/\/liceum.kard.hlonda.pl\/index.php\/wp-json\/wp\/v2\/comments?post=237"}],"version-history":[{"count":6,"href":"https:\/\/liceum.kard.hlonda.pl\/index.php\/wp-json\/wp\/v2\/posts\/237\/revisions"}],"predecessor-version":[{"id":255,"href":"https:\/\/liceum.kard.hlonda.pl\/index.php\/wp-json\/wp\/v2\/posts\/237\/revisions\/255"}],"wp:attachment":[{"href":"https:\/\/liceum.kard.hlonda.pl\/index.php\/wp-json\/wp\/v2\/media?parent=237"}],"wp:term":[{"taxonomy":"category","embeddable":true,"href":"https:\/\/liceum.kard.hlonda.pl\/index.php\/wp-json\/wp\/v2\/categories?post=237"},{"taxonomy":"post_tag","embeddable":true,"href":"https:\/\/liceum.kard.hlonda.pl\/index.php\/wp-json\/wp\/v2\/tags?post=237"}],"curies":[{"name":"wp","href":"https:\/\/api.w.org\/{rel}","templated":true}]}}