{"id":288,"date":"2020-02-19T16:28:10","date_gmt":"2020-02-19T15:28:10","guid":{"rendered":"http:\/\/liceum.kard.hlonda.pl\/?p=288"},"modified":"2020-02-27T00:37:23","modified_gmt":"2020-02-26T23:37:23","slug":"spotkanie-uczniow-lo-z-ks-dr-pawlem-jasina","status":"publish","type":"post","link":"https:\/\/liceum.kard.hlonda.pl\/index.php\/2020\/02\/19\/spotkanie-uczniow-lo-z-ks-dr-pawlem-jasina\/","title":{"rendered":"Spotkanie uczni\u00f3w LO z ks. dr Paw\u0142em Jasin\u0105"},"content":{"rendered":"<p>Tym razem Ksi\u0105dz Doktor przedstawi\u0142 m\u0142odzie\u017cy obraz ma\u0142\u017ce\u0144stwa i rodziny w nauczaniu kardyna\u0142a Augusta Hlonda.<\/p>\n<div id='gallery-1' class='gallery galleryid-288 gallery-columns-3 gallery-size-medium'><figure class='gallery-item'>\n\t\t\t<div class='gallery-icon portrait'>\n\t\t\t\t<a href='https:\/\/liceum.kard.hlonda.pl\/index.php\/2019\/12\/28\/wyklad-ks-dr-pawla-jasiny-tchr\/attachment\/3\/'><img loading=\"lazy\" decoding=\"async\" width=\"225\" height=\"300\" src=\"https:\/\/liceum.kard.hlonda.pl\/wp-content\/uploads\/2019\/12\/3-225x300.jpg\" class=\"attachment-medium size-medium\" alt=\"\" srcset=\"https:\/\/liceum.kard.hlonda.pl\/wp-content\/uploads\/2019\/12\/3-225x300.jpg 225w, https:\/\/liceum.kard.hlonda.pl\/wp-content\/uploads\/2019\/12\/3-263x350.jpg 263w, https:\/\/liceum.kard.hlonda.pl\/wp-content\/uploads\/2019\/12\/3.jpg 480w\" sizes=\"auto, (max-width: 225px) 100vw, 225px\" \/><\/a>\n\t\t\t<\/div><\/figure><figure class='gallery-item'>\n\t\t\t<div class='gallery-icon portrait'>\n\t\t\t\t<a href='https:\/\/liceum.kard.hlonda.pl\/index.php\/2019\/12\/28\/wyklad-ks-dr-pawla-jasiny-tchr\/image0000001-3\/'><img loading=\"lazy\" decoding=\"async\" width=\"225\" height=\"300\" src=\"https:\/\/liceum.kard.hlonda.pl\/wp-content\/uploads\/2019\/12\/image0000001-225x300.jpg\" class=\"attachment-medium size-medium\" alt=\"\" srcset=\"https:\/\/liceum.kard.hlonda.pl\/wp-content\/uploads\/2019\/12\/image0000001-225x300.jpg 225w, https:\/\/liceum.kard.hlonda.pl\/wp-content\/uploads\/2019\/12\/image0000001-263x350.jpg 263w, https:\/\/liceum.kard.hlonda.pl\/wp-content\/uploads\/2019\/12\/image0000001.jpg 480w\" sizes=\"auto, (max-width: 225px) 100vw, 225px\" \/><\/a>\n\t\t\t<\/div><\/figure><figure class='gallery-item'>\n\t\t\t<div class='gallery-icon portrait'>\n\t\t\t\t<a href='https:\/\/liceum.kard.hlonda.pl\/index.php\/2019\/12\/28\/wyklad-ks-dr-pawla-jasiny-tchr\/attachment\/2\/'><img loading=\"lazy\" decoding=\"async\" width=\"225\" height=\"300\" src=\"https:\/\/liceum.kard.hlonda.pl\/wp-content\/uploads\/2019\/12\/2-225x300.jpg\" class=\"attachment-medium size-medium\" alt=\"\" srcset=\"https:\/\/liceum.kard.hlonda.pl\/wp-content\/uploads\/2019\/12\/2-225x300.jpg 225w, https:\/\/liceum.kard.hlonda.pl\/wp-content\/uploads\/2019\/12\/2-263x350.jpg 263w, https:\/\/liceum.kard.hlonda.pl\/wp-content\/uploads\/2019\/12\/2.jpg 480w\" sizes=\"auto, (max-width: 225px) 100vw, 225px\" \/><\/a>\n\t\t\t<\/div><\/figure>\n\t\t<\/div>\n\n","protected":false},"excerpt":{"rendered":"<p>Tym razem Ksi\u0105dz Doktor przedstawi\u0142 m\u0142odzie\u017cy obraz ma\u0142\u017ce\u0144stwa i rodziny w nauczaniu kardyna\u0142a Augusta Hlonda.<\/p>\n","protected":false},"author":1,"featured_media":260,"comment_status":"closed","ping_status":"closed","sticky":false,"template":"","format":"standard","meta":{"footnotes":""},"categories":[1],"tags":[],"class_list":["post-288","post","type-post","status-publish","format-standard","has-post-thumbnail","hentry","category-bez-kategorii"],"_links":{"self":[{"href":"https:\/\/liceum.kard.hlonda.pl\/index.php\/wp-json\/wp\/v2\/posts\/288","targetHints":{"allow":["GET"]}}],"collection":[{"href":"https:\/\/liceum.kard.hlonda.pl\/index.php\/wp-json\/wp\/v2\/posts"}],"about":[{"href":"https:\/\/liceum.kard.hlonda.pl\/index.php\/wp-json\/wp\/v2\/types\/post"}],"author":[{"embeddable":true,"href":"https:\/\/liceum.kard.hlonda.pl\/index.php\/wp-json\/wp\/v2\/users\/1"}],"replies":[{"embeddable":true,"href":"https:\/\/liceum.kard.hlonda.pl\/index.php\/wp-json\/wp\/v2\/comments?post=288"}],"version-history":[{"count":3,"href":"https:\/\/liceum.kard.hlonda.pl\/index.php\/wp-json\/wp\/v2\/posts\/288\/revisions"}],"predecessor-version":[{"id":320,"href":"https:\/\/liceum.kard.hlonda.pl\/index.php\/wp-json\/wp\/v2\/posts\/288\/revisions\/320"}],"wp:featuredmedia":[{"embeddable":true,"href":"https:\/\/liceum.kard.hlonda.pl\/index.php\/wp-json\/wp\/v2\/media\/260"}],"wp:attachment":[{"href":"https:\/\/liceum.kard.hlonda.pl\/index.php\/wp-json\/wp\/v2\/media?parent=288"}],"wp:term":[{"taxonomy":"category","embeddable":true,"href":"https:\/\/liceum.kard.hlonda.pl\/index.php\/wp-json\/wp\/v2\/categories?post=288"},{"taxonomy":"post_tag","embeddable":true,"href":"https:\/\/liceum.kard.hlonda.pl\/index.php\/wp-json\/wp\/v2\/tags?post=288"}],"curies":[{"name":"wp","href":"https:\/\/api.w.org\/{rel}","templated":true}]}}