{"id":296,"date":"2020-02-26T10:29:46","date_gmt":"2020-02-26T09:29:46","guid":{"rendered":"http:\/\/liceum.kard.hlonda.pl\/?p=296"},"modified":"2020-02-26T10:29:46","modified_gmt":"2020-02-26T09:29:46","slug":"rekolekcje-wielkopolskie","status":"publish","type":"post","link":"https:\/\/liceum.kard.hlonda.pl\/index.php\/2020\/02\/26\/rekolekcje-wielkopolskie\/","title":{"rendered":"REKOLEKCJE WIELKOPOLSKIE"},"content":{"rendered":"<p>Dzisiaj pierwszy dzie\u0144 rekolekcji wielkopostnych dla liceum.<\/p>\n<p>Temat tegorocznych rozwa\u017ca\u0144: <em>Jezus, Drog\u0105, Prawd\u0105, \u017byciem.<\/em><\/p>\n<p>Prowadzi ks. dr Pawe\u0142 Jasina SChr.<\/p>\n<p>Zapraszamy do kaplicy si\u00f3str \u015bw. Wincentego a Paulo.<\/p>\n<div id='gallery-1' class='gallery galleryid-296 gallery-columns-3 gallery-size-medium'><figure class='gallery-item'>\n\t\t\t<div class='gallery-icon portrait'>\n\t\t\t\t<a href='https:\/\/liceum.kard.hlonda.pl\/index.php\/2020\/02\/26\/rekolekcje-wielkopolskie\/attachment\/1\/'><img loading=\"lazy\" decoding=\"async\" width=\"225\" height=\"300\" src=\"https:\/\/liceum.kard.hlonda.pl\/wp-content\/uploads\/2020\/02\/1-225x300.jpg\" class=\"attachment-medium size-medium\" alt=\"\" srcset=\"https:\/\/liceum.kard.hlonda.pl\/wp-content\/uploads\/2020\/02\/1-225x300.jpg 225w, https:\/\/liceum.kard.hlonda.pl\/wp-content\/uploads\/2020\/02\/1-263x350.jpg 263w, https:\/\/liceum.kard.hlonda.pl\/wp-content\/uploads\/2020\/02\/1.jpg 480w\" sizes=\"auto, (max-width: 225px) 100vw, 225px\" \/><\/a>\n\t\t\t<\/div><\/figure><figure class='gallery-item'>\n\t\t\t<div class='gallery-icon portrait'>\n\t\t\t\t<a href='https:\/\/liceum.kard.hlonda.pl\/index.php\/2020\/02\/26\/rekolekcje-wielkopolskie\/2-2\/'><img loading=\"lazy\" decoding=\"async\" width=\"225\" height=\"300\" src=\"https:\/\/liceum.kard.hlonda.pl\/wp-content\/uploads\/2020\/02\/2-225x300.jpg\" class=\"attachment-medium size-medium\" alt=\"\" srcset=\"https:\/\/liceum.kard.hlonda.pl\/wp-content\/uploads\/2020\/02\/2-225x300.jpg 225w, https:\/\/liceum.kard.hlonda.pl\/wp-content\/uploads\/2020\/02\/2-263x350.jpg 263w, https:\/\/liceum.kard.hlonda.pl\/wp-content\/uploads\/2020\/02\/2.jpg 480w\" sizes=\"auto, (max-width: 225px) 100vw, 225px\" \/><\/a>\n\t\t\t<\/div><\/figure><figure class='gallery-item'>\n\t\t\t<div class='gallery-icon portrait'>\n\t\t\t\t<a href='https:\/\/liceum.kard.hlonda.pl\/index.php\/2020\/02\/26\/rekolekcje-wielkopolskie\/3-2\/'><img loading=\"lazy\" decoding=\"async\" width=\"225\" height=\"300\" src=\"https:\/\/liceum.kard.hlonda.pl\/wp-content\/uploads\/2020\/02\/3-225x300.jpg\" class=\"attachment-medium size-medium\" alt=\"\" srcset=\"https:\/\/liceum.kard.hlonda.pl\/wp-content\/uploads\/2020\/02\/3-225x300.jpg 225w, https:\/\/liceum.kard.hlonda.pl\/wp-content\/uploads\/2020\/02\/3-263x350.jpg 263w, https:\/\/liceum.kard.hlonda.pl\/wp-content\/uploads\/2020\/02\/3.jpg 480w\" sizes=\"auto, (max-width: 225px) 100vw, 225px\" \/><\/a>\n\t\t\t<\/div><\/figure><figure class='gallery-item'>\n\t\t\t<div class='gallery-icon portrait'>\n\t\t\t\t<a href='https:\/\/liceum.kard.hlonda.pl\/index.php\/2020\/02\/26\/rekolekcje-wielkopolskie\/attachment\/4\/'><img loading=\"lazy\" decoding=\"async\" width=\"225\" height=\"300\" src=\"https:\/\/liceum.kard.hlonda.pl\/wp-content\/uploads\/2020\/02\/4-225x300.jpg\" class=\"attachment-medium size-medium\" alt=\"\" srcset=\"https:\/\/liceum.kard.hlonda.pl\/wp-content\/uploads\/2020\/02\/4-225x300.jpg 225w, https:\/\/liceum.kard.hlonda.pl\/wp-content\/uploads\/2020\/02\/4-263x350.jpg 263w, https:\/\/liceum.kard.hlonda.pl\/wp-content\/uploads\/2020\/02\/4.jpg 480w\" sizes=\"auto, (max-width: 225px) 100vw, 225px\" \/><\/a>\n\t\t\t<\/div><\/figure><figure class='gallery-item'>\n\t\t\t<div class='gallery-icon portrait'>\n\t\t\t\t<a href='https:\/\/liceum.kard.hlonda.pl\/index.php\/2020\/02\/26\/rekolekcje-wielkopolskie\/attachment\/5\/'><img loading=\"lazy\" decoding=\"async\" width=\"225\" height=\"300\" src=\"https:\/\/liceum.kard.hlonda.pl\/wp-content\/uploads\/2020\/02\/5-225x300.jpg\" class=\"attachment-medium size-medium\" alt=\"\" srcset=\"https:\/\/liceum.kard.hlonda.pl\/wp-content\/uploads\/2020\/02\/5-225x300.jpg 225w, https:\/\/liceum.kard.hlonda.pl\/wp-content\/uploads\/2020\/02\/5-263x350.jpg 263w, https:\/\/liceum.kard.hlonda.pl\/wp-content\/uploads\/2020\/02\/5.jpg 480w\" sizes=\"auto, (max-width: 225px) 100vw, 225px\" \/><\/a>\n\t\t\t<\/div><\/figure><figure class='gallery-item'>\n\t\t\t<div class='gallery-icon portrait'>\n\t\t\t\t<a href='https:\/\/liceum.kard.hlonda.pl\/index.php\/2020\/02\/26\/rekolekcje-wielkopolskie\/attachment\/6\/'><img loading=\"lazy\" decoding=\"async\" width=\"225\" height=\"300\" src=\"https:\/\/liceum.kard.hlonda.pl\/wp-content\/uploads\/2020\/02\/6-225x300.jpg\" class=\"attachment-medium size-medium\" alt=\"\" srcset=\"https:\/\/liceum.kard.hlonda.pl\/wp-content\/uploads\/2020\/02\/6-225x300.jpg 225w, https:\/\/liceum.kard.hlonda.pl\/wp-content\/uploads\/2020\/02\/6-263x350.jpg 263w, https:\/\/liceum.kard.hlonda.pl\/wp-content\/uploads\/2020\/02\/6.jpg 480w\" sizes=\"auto, (max-width: 225px) 100vw, 225px\" \/><\/a>\n\t\t\t<\/div><\/figure><figure class='gallery-item'>\n\t\t\t<div class='gallery-icon portrait'>\n\t\t\t\t<a href='https:\/\/liceum.kard.hlonda.pl\/index.php\/2020\/02\/26\/rekolekcje-wielkopolskie\/attachment\/7\/'><img loading=\"lazy\" decoding=\"async\" width=\"225\" height=\"300\" src=\"https:\/\/liceum.kard.hlonda.pl\/wp-content\/uploads\/2020\/02\/7-225x300.jpg\" class=\"attachment-medium size-medium\" alt=\"\" srcset=\"https:\/\/liceum.kard.hlonda.pl\/wp-content\/uploads\/2020\/02\/7-225x300.jpg 225w, https:\/\/liceum.kard.hlonda.pl\/wp-content\/uploads\/2020\/02\/7-263x350.jpg 263w, https:\/\/liceum.kard.hlonda.pl\/wp-content\/uploads\/2020\/02\/7.jpg 480w\" sizes=\"auto, (max-width: 225px) 100vw, 225px\" \/><\/a>\n\t\t\t<\/div><\/figure><figure class='gallery-item'>\n\t\t\t<div class='gallery-icon portrait'>\n\t\t\t\t<a href='https:\/\/liceum.kard.hlonda.pl\/index.php\/2020\/02\/26\/rekolekcje-wielkopolskie\/attachment\/8\/'><img loading=\"lazy\" decoding=\"async\" width=\"225\" height=\"300\" src=\"https:\/\/liceum.kard.hlonda.pl\/wp-content\/uploads\/2020\/02\/8-225x300.jpg\" class=\"attachment-medium size-medium\" alt=\"\" srcset=\"https:\/\/liceum.kard.hlonda.pl\/wp-content\/uploads\/2020\/02\/8-225x300.jpg 225w, https:\/\/liceum.kard.hlonda.pl\/wp-content\/uploads\/2020\/02\/8-263x350.jpg 263w, https:\/\/liceum.kard.hlonda.pl\/wp-content\/uploads\/2020\/02\/8.jpg 480w\" sizes=\"auto, (max-width: 225px) 100vw, 225px\" \/><\/a>\n\t\t\t<\/div><\/figure><figure class='gallery-item'>\n\t\t\t<div class='gallery-icon portrait'>\n\t\t\t\t<a href='https:\/\/liceum.kard.hlonda.pl\/index.php\/2020\/02\/26\/rekolekcje-wielkopolskie\/attachment\/9\/'><img loading=\"lazy\" decoding=\"async\" width=\"225\" height=\"300\" src=\"https:\/\/liceum.kard.hlonda.pl\/wp-content\/uploads\/2020\/02\/9-225x300.jpg\" class=\"attachment-medium size-medium\" alt=\"\" srcset=\"https:\/\/liceum.kard.hlonda.pl\/wp-content\/uploads\/2020\/02\/9-225x300.jpg 225w, https:\/\/liceum.kard.hlonda.pl\/wp-content\/uploads\/2020\/02\/9-263x350.jpg 263w, https:\/\/liceum.kard.hlonda.pl\/wp-content\/uploads\/2020\/02\/9.jpg 480w\" sizes=\"auto, (max-width: 225px) 100vw, 225px\" \/><\/a>\n\t\t\t<\/div><\/figure><figure class='gallery-item'>\n\t\t\t<div class='gallery-icon portrait'>\n\t\t\t\t<a href='https:\/\/liceum.kard.hlonda.pl\/index.php\/2020\/02\/26\/rekolekcje-wielkopolskie\/attachment\/10\/'><img loading=\"lazy\" decoding=\"async\" width=\"225\" height=\"300\" src=\"https:\/\/liceum.kard.hlonda.pl\/wp-content\/uploads\/2020\/02\/10-225x300.jpg\" class=\"attachment-medium size-medium\" alt=\"\" srcset=\"https:\/\/liceum.kard.hlonda.pl\/wp-content\/uploads\/2020\/02\/10-225x300.jpg 225w, https:\/\/liceum.kard.hlonda.pl\/wp-content\/uploads\/2020\/02\/10-263x350.jpg 263w, https:\/\/liceum.kard.hlonda.pl\/wp-content\/uploads\/2020\/02\/10.jpg 480w\" sizes=\"auto, (max-width: 225px) 100vw, 225px\" \/><\/a>\n\t\t\t<\/div><\/figure>\n\t\t<\/div>\n\n","protected":false},"excerpt":{"rendered":"<p>Dzisiaj pierwszy dzie\u0144 rekolekcji wielkopostnych dla liceum. Temat tegorocznych rozwa\u017ca\u0144: Jezus, Drog\u0105, Prawd\u0105, \u017byciem. Prowadzi ks. dr Pawe\u0142 Jasina SChr. Zapraszamy do kaplicy si\u00f3str \u015bw. Wincentego a Paulo.<\/p>\n","protected":false},"author":1,"featured_media":306,"comment_status":"closed","ping_status":"closed","sticky":false,"template":"","format":"standard","meta":{"footnotes":""},"categories":[1],"tags":[],"class_list":["post-296","post","type-post","status-publish","format-standard","has-post-thumbnail","hentry","category-bez-kategorii"],"_links":{"self":[{"href":"https:\/\/liceum.kard.hlonda.pl\/index.php\/wp-json\/wp\/v2\/posts\/296","targetHints":{"allow":["GET"]}}],"collection":[{"href":"https:\/\/liceum.kard.hlonda.pl\/index.php\/wp-json\/wp\/v2\/posts"}],"about":[{"href":"https:\/\/liceum.kard.hlonda.pl\/index.php\/wp-json\/wp\/v2\/types\/post"}],"author":[{"embeddable":true,"href":"https:\/\/liceum.kard.hlonda.pl\/index.php\/wp-json\/wp\/v2\/users\/1"}],"replies":[{"embeddable":true,"href":"https:\/\/liceum.kard.hlonda.pl\/index.php\/wp-json\/wp\/v2\/comments?post=296"}],"version-history":[{"count":1,"href":"https:\/\/liceum.kard.hlonda.pl\/index.php\/wp-json\/wp\/v2\/posts\/296\/revisions"}],"predecessor-version":[{"id":307,"href":"https:\/\/liceum.kard.hlonda.pl\/index.php\/wp-json\/wp\/v2\/posts\/296\/revisions\/307"}],"wp:featuredmedia":[{"embeddable":true,"href":"https:\/\/liceum.kard.hlonda.pl\/index.php\/wp-json\/wp\/v2\/media\/306"}],"wp:attachment":[{"href":"https:\/\/liceum.kard.hlonda.pl\/index.php\/wp-json\/wp\/v2\/media?parent=296"}],"wp:term":[{"taxonomy":"category","embeddable":true,"href":"https:\/\/liceum.kard.hlonda.pl\/index.php\/wp-json\/wp\/v2\/categories?post=296"},{"taxonomy":"post_tag","embeddable":true,"href":"https:\/\/liceum.kard.hlonda.pl\/index.php\/wp-json\/wp\/v2\/tags?post=296"}],"curies":[{"name":"wp","href":"https:\/\/api.w.org\/{rel}","templated":true}]}}