{"id":358,"date":"2020-03-10T07:45:28","date_gmt":"2020-03-10T06:45:28","guid":{"rendered":"http:\/\/liceum.kard.hlonda.pl\/?p=358"},"modified":"2020-06-08T07:45:54","modified_gmt":"2020-06-08T05:45:54","slug":"358","status":"publish","type":"post","link":"https:\/\/liceum.kard.hlonda.pl\/index.php\/2020\/03\/10\/358\/","title":{"rendered":""},"content":{"rendered":"<p style=\"text-align: justify;\">Zgodnie z \u00a7 18 pkt. 2 rozporz\u0105dzenia z dnia 31 grudnia 2002 r. Ministerstwa Edukacji Narodowej i Sportu w sprawie bezpiecze\u0144stwa i higieny w publicznych i niepublicznych szko\u0142ach i plac\u00f3wkach (Dz.U z 2003 r. Nr 6, poz. 69, z p\u00f3\u017an. zm.) prowadz\u0105cy szko\u0142\u0119 lub plac\u00f3wk\u0119 mo\u017ce zawiesi\u0107 zaj\u0119cia na czas oznaczony, w przypadku gdy na danym terenie mo\u017ce wyst\u0105pi\u0107 zagro\u017cenie bezpiecze\u0144stwa uczni\u00f3w.<\/p>\n<p style=\"text-align: justify;\"><strong>Informuj\u0119, \u017ce w zwi\u0105zku ze stanem epidemii zawieszam zaj\u0119cia lekcyjne w Publicznym Liceum Og\u00f3lnokszta\u0142c\u0105cym im. Kardyna\u0142a Augusta Hlonda, Publicznej Szkole Podstawowej Nr 1 KSW im. b\u0142. Natalii Tu\u0142asiewicz, Niepublicznym Przedszkolu KSW im. b\u0142. Natalii Tu\u0142asiewicz w Poznaniu do odwo\u0142ania przez Ministra Edukacji.<br \/>\n<\/strong><\/p>\n<p style=\"text-align: justify;\">Zgodnie z wcze\u015bniejsz\u0105 zapowiedzi\u0105, nauczyciele b\u0119d\u0105 kierowali drog\u0105 elektroniczn\u0105 materia\u0142y do pracy dla uczni\u00f3w. Zach\u0119cam, by ograniczy\u0107 wszelkie wyj\u015bcia na teren miasta i wyjazdy.<\/p>\n<p style=\"text-align: justify;\">W zaistnia\u0142ej sytuacji zmianie ulegnie kalendarz .pracy szk\u00f3\u0142. Na ten czas odwo\u0142uj\u0119 wszystkie zaplanowane na marzec spotkania, wyj\u015bcia, zebrania, szkolenia i dzie\u0144 promocji szko\u0142y. Uprzejmie prosz\u0119 o dostosowanie si\u0119 do zalece\u0144 Ministra Edukacji Narodowej, Ministerstwa Zdrowia i G\u0142\u00f3wnego Inspektora Sanitarnego. Prosimy o bezzw\u0142oczne poinformowanie szko\u0142y w przypadku zaka\u017cenia COVID \u2013 19. Wszelkie pytania prosz\u0119 kierowa\u0107 na adres mailowy <a href=\"mailto:sekretariat@szkoly.poznan.ksw.pl\">sekretariat@szkoly.poznan.ksw.pl<\/a> lub pod nr tel. 505 659 199. Informacje dotycz\u0105ce powrotu uczni\u00f3w do szko\u0142y b\u0119d\u0105 zamieszczane na stronach szk\u00f3\u0142.<\/p>\n<p style=\"text-align: right;\">Z wyrazami szacunku<\/p>\n<p style=\"text-align: right;\">Barbara Zi\u00f3\u0142kowska<\/p>\n<p style=\"text-align: right;\">Dyrektor<\/p>\n<p><a href=\"#_ednref1\" name=\"_edn1\"><\/a><\/p>\n<p>&nbsp;<\/p>\n<p><a href=\"#_ednref1\" name=\"_edn1\"><\/a><\/p>\n","protected":false},"excerpt":{"rendered":"<p>Zgodnie z \u00a7 18 pkt. 2 rozporz\u0105dzenia z dnia 31 grudnia 2002 r. Ministerstwa Edukacji Narodowej i Sportu w sprawie bezpiecze\u0144stwa i higieny w publicznych i niepublicznych szko\u0142ach i plac\u00f3wkach (Dz.U z 2003 r. Nr 6, poz. 69, z p\u00f3\u017an. zm.) prowadz\u0105cy szko\u0142\u0119 lub plac\u00f3wk\u0119 mo\u017ce zawiesi\u0107 zaj\u0119cia na czas &hellip;<\/p>\n","protected":false},"author":1,"featured_media":0,"comment_status":"closed","ping_status":"closed","sticky":false,"template":"","format":"standard","meta":{"footnotes":""},"categories":[1],"tags":[],"class_list":["post-358","post","type-post","status-publish","format-standard","hentry","category-bez-kategorii"],"_links":{"self":[{"href":"https:\/\/liceum.kard.hlonda.pl\/index.php\/wp-json\/wp\/v2\/posts\/358","targetHints":{"allow":["GET"]}}],"collection":[{"href":"https:\/\/liceum.kard.hlonda.pl\/index.php\/wp-json\/wp\/v2\/posts"}],"about":[{"href":"https:\/\/liceum.kard.hlonda.pl\/index.php\/wp-json\/wp\/v2\/types\/post"}],"author":[{"embeddable":true,"href":"https:\/\/liceum.kard.hlonda.pl\/index.php\/wp-json\/wp\/v2\/users\/1"}],"replies":[{"embeddable":true,"href":"https:\/\/liceum.kard.hlonda.pl\/index.php\/wp-json\/wp\/v2\/comments?post=358"}],"version-history":[{"count":1,"href":"https:\/\/liceum.kard.hlonda.pl\/index.php\/wp-json\/wp\/v2\/posts\/358\/revisions"}],"predecessor-version":[{"id":359,"href":"https:\/\/liceum.kard.hlonda.pl\/index.php\/wp-json\/wp\/v2\/posts\/358\/revisions\/359"}],"wp:attachment":[{"href":"https:\/\/liceum.kard.hlonda.pl\/index.php\/wp-json\/wp\/v2\/media?parent=358"}],"wp:term":[{"taxonomy":"category","embeddable":true,"href":"https:\/\/liceum.kard.hlonda.pl\/index.php\/wp-json\/wp\/v2\/categories?post=358"},{"taxonomy":"post_tag","embeddable":true,"href":"https:\/\/liceum.kard.hlonda.pl\/index.php\/wp-json\/wp\/v2\/tags?post=358"}],"curies":[{"name":"wp","href":"https:\/\/api.w.org\/{rel}","templated":true}]}}