{"id":377,"date":"2020-06-09T20:20:22","date_gmt":"2020-06-09T18:20:22","guid":{"rendered":"http:\/\/liceum.kard.hlonda.pl\/?p=377"},"modified":"2020-06-09T20:20:22","modified_gmt":"2020-06-09T18:20:22","slug":"zakonczenie-roku-szkolnego-2019-2020","status":"publish","type":"post","link":"https:\/\/liceum.kard.hlonda.pl\/index.php\/2020\/06\/09\/zakonczenie-roku-szkolnego-2019-2020\/","title":{"rendered":"Zako\u0144czenie Roku Szkolnego 2019\/2020"},"content":{"rendered":"<h4 style=\"text-align: justify;\"><strong>25.06.2020 r. <\/strong><\/h4>\n<p style=\"text-align: justify;\">Godz. 10.00 Msza \u015awi\u0119ta dzi\u0119kczynna za miniony rok szkolny z pro\u015bb\u0105 o dalsze b\u0142ogos\u0142awie\u0144stwo dla naszej wsp\u00f3lnoty. Msz\u0119 odprawi ksi\u0105dz Rados\u0142aw \u015alendak\u00a0 w ko\u015bciele pw. Chrystusa Odkupiciela w Poznaniu. Osoby, kt\u00f3re nie b\u0119d\u0105 mog\u0142y uczestniczy\u0107 we Mszy\u00a0\u00a0 w ko\u015bciele zapraszamy do ogl\u0105dania transmisji na \u017cywo i \u0142\u0105czenia si\u0119 z nami w modlitwie.<\/p>\n<h4 style=\"text-align: justify;\"><strong>26.06.2020 r. <\/strong><\/h4>\n<p style=\"text-align: justify;\">Rozdanie \u015bwiadectw i nagr\u00f3d w holu szko\u0142y przez wychowawc\u00f3w i dyrekcj\u0119 szko\u0142y. Je\u015bli warunki pogodowe pozwol\u0105, to rozdamy \u015bwiadectwa na boisku.<\/p>\n<p style=\"text-align: justify;\">8.00 \u2013 8.45 &#8211; liceum<\/p>\n<p style=\"text-align: justify;\">9.00 \u2013 9.45 &#8211; klasy 1, 2 i 4<\/p>\n<p style=\"text-align: justify;\">10.00 \u2013 10.45 &#8211; klasy 5 i 6<\/p>\n<p style=\"text-align: justify;\">11.00 \u2013 11.45 &#8211; klasa 7<\/p>\n<p style=\"text-align: justify;\">12.00 \u2013 13.00\u00a0 &#8211;\u00a0 klasa 8<\/p>\n<p style=\"text-align: justify;\">\n<p style=\"text-align: justify;\">\n","protected":false},"excerpt":{"rendered":"<p>25.06.2020 r. Godz. 10.00 Msza \u015awi\u0119ta dzi\u0119kczynna za miniony rok szkolny z pro\u015bb\u0105 o dalsze b\u0142ogos\u0142awie\u0144stwo dla naszej wsp\u00f3lnoty. Msz\u0119 odprawi ksi\u0105dz Rados\u0142aw \u015alendak\u00a0 w ko\u015bciele pw. Chrystusa Odkupiciela w Poznaniu. Osoby, kt\u00f3re nie b\u0119d\u0105 mog\u0142y uczestniczy\u0107 we Mszy\u00a0\u00a0 w ko\u015bciele zapraszamy do ogl\u0105dania transmisji na \u017cywo i \u0142\u0105czenia si\u0119 &hellip;<\/p>\n","protected":false},"author":1,"featured_media":0,"comment_status":"closed","ping_status":"closed","sticky":false,"template":"","format":"standard","meta":{"footnotes":""},"categories":[1],"tags":[],"class_list":["post-377","post","type-post","status-publish","format-standard","hentry","category-bez-kategorii"],"_links":{"self":[{"href":"https:\/\/liceum.kard.hlonda.pl\/index.php\/wp-json\/wp\/v2\/posts\/377","targetHints":{"allow":["GET"]}}],"collection":[{"href":"https:\/\/liceum.kard.hlonda.pl\/index.php\/wp-json\/wp\/v2\/posts"}],"about":[{"href":"https:\/\/liceum.kard.hlonda.pl\/index.php\/wp-json\/wp\/v2\/types\/post"}],"author":[{"embeddable":true,"href":"https:\/\/liceum.kard.hlonda.pl\/index.php\/wp-json\/wp\/v2\/users\/1"}],"replies":[{"embeddable":true,"href":"https:\/\/liceum.kard.hlonda.pl\/index.php\/wp-json\/wp\/v2\/comments?post=377"}],"version-history":[{"count":1,"href":"https:\/\/liceum.kard.hlonda.pl\/index.php\/wp-json\/wp\/v2\/posts\/377\/revisions"}],"predecessor-version":[{"id":378,"href":"https:\/\/liceum.kard.hlonda.pl\/index.php\/wp-json\/wp\/v2\/posts\/377\/revisions\/378"}],"wp:attachment":[{"href":"https:\/\/liceum.kard.hlonda.pl\/index.php\/wp-json\/wp\/v2\/media?parent=377"}],"wp:term":[{"taxonomy":"category","embeddable":true,"href":"https:\/\/liceum.kard.hlonda.pl\/index.php\/wp-json\/wp\/v2\/categories?post=377"},{"taxonomy":"post_tag","embeddable":true,"href":"https:\/\/liceum.kard.hlonda.pl\/index.php\/wp-json\/wp\/v2\/tags?post=377"}],"curies":[{"name":"wp","href":"https:\/\/api.w.org\/{rel}","templated":true}]}}