{"id":406,"date":"2020-06-28T09:53:36","date_gmt":"2020-06-28T07:53:36","guid":{"rendered":"http:\/\/liceum.kard.hlonda.pl\/?p=406"},"modified":"2020-06-28T09:53:36","modified_gmt":"2020-06-28T07:53:36","slug":"zakonczenie-roku-szkolnego","status":"publish","type":"post","link":"https:\/\/liceum.kard.hlonda.pl\/index.php\/2020\/06\/28\/zakonczenie-roku-szkolnego\/","title":{"rendered":"ZAKO\u0143CZENIE ROKU SZKOLNEGO"},"content":{"rendered":"<p>Nadszed\u0142 ten dzie\u0144, dzie\u0144 roku niezwyk\u0142ego, jakiego przebiegu nikt z nas nie by\u0142 w stanie sobie wyobrazi\u0107. Jeszcze w styczniu raczej nikt nie przewidywa\u0142 takiego scenariusza wydarze\u0144. A jednak sta\u0142 si\u0119 on faktem. Jednak wszystko dobre, co si\u0119 dobrze ko\u0144czy.<\/p>\n<p>26 czerwca mogli\u015bmy znowu spotka\u0107 si\u0119 w murach naszej szko\u0142y. Co prawda w maseczkach, czasami w r\u0119kawiczkach, ale jednak \u201enormalnie\u201d, \u201ena \u017cywo\u201d, nie online.<\/p>\n<p>Z zachowaniem \u015brodk\u00f3w ostro\u017cno\u015bci i wymog\u00f3w czasu pandemii nast\u0105pi\u0142o rozdanie \u015bwiadectw, wr\u0119czenie nagr\u00f3d i po\u017cegnanie klas \u00f3smych.<\/p>\n<p>Rozpocz\u0119li\u015bmy o godzinie 8 grup\u0105 licealist\u00f3w. Obie klasy \u2013 ksi\u0119dza Rados\u0142awa \u015alendaka i Piotra Kwiatkowskiego \u2013 z niecierpliwo\u015bci\u0105 oczekiwa\u0142y na swoje promocje.<\/p>\n<p>Podczas uroczystego wr\u0119czenia \u015bwiadectw uczniom pierwszych klas liceum obecny by\u0142 r\u00f3wnie\u017c ks. dr Pawe\u0142 Jasina, kt\u00f3ry podzi\u0119kowa\u0142 uczniom za wsp\u00f3lny rok, podczas kt\u00f3rego przybli\u017ca\u0142 posta\u0107 wybitnego Polaka zatroskanego o ojczyzn\u0119 i wychowanie m\u0142odego pokolenia.<\/p>\n<p>Ca\u0142o\u015b\u0107 przebieg\u0142a sprawnie, przy wydatnej pomocy Pani dyrektor Barbary Zi\u00f3\u0142kowskiej. Kolejne grupy \u2013 zgodnie z ustalonym wcze\u015bniej harmonogramem \u2013 pojawia\u0142y si\u0119 w holu.<\/p>\n<p>Po starszej m\u0142odzie\u017cy przysz\u0142a kolej na klasy 1, 2 i 4. Dzieci otrzyma\u0142y te\u017c wiele ciekawych nagr\u00f3d. Wychowawcy \u2013 Magdalena Ciabach, Anna B\u0142achowska, Jan Ungeheuer i Pani Dyrektor czuwali nad sprawnym przebiegiem uroczysto\u015bci.<\/p>\n<p>W tym wyj\u0105tkowym roku szkolnym \u015bwiadectwa bardzo wielu uczni\u00f3w zdobi\u0142 bia\u0142o-czerwony pasek ! W klasach m\u0142odszych i \u015brednich zdecydowana wi\u0119kszo\u015b\u0107 dzieci otrzyma\u0142a promocj\u0119 z wyr\u00f3\u017cnieniem!<\/p>\n<p>Po czwartoklasistach ich starsze kole\u017canki i koledzy z klas 5, 6, 7 i 8 otrzymali upragnione promocje. Wychowawcy \u2013 Anna Wi\u015bla\u0144ska-Dohnal, s. Lidia Go\u0142\u0119biewicz , El\u017cbieta Drozdalski i Patrycja Zboralska-Staszak &#8211; wraz Pani\u0105 Dyrektor kontynuowali sprawny przebieg uroczysto\u015bci.<\/p>\n<p>Przy klasie \u00f3smej wzruszenia da\u0142y czasami o sobie zna\u0107. \u015awiadomo\u015b\u0107 ko\u0144ca pewnego etapu w edukacji, ale tak\u017ce w \u017cyciu ka\u017cdego ucznia, wyj\u0105tkowo\u015b\u0107 tego roku szkolnego na pewno sk\u0142ania\u0142a do refleksji. Du\u017ca ilo\u015b\u0107 nagr\u00f3d najlepiej ukazuje potencja\u0142 tej klasy. Z nimi naprawd\u0119 znakomicie si\u0119 pracowa\u0142o!<\/p>\n<p>W ko\u0144cowej cz\u0119\u015bci uroczysto\u015bci Pani Dyrektor podzi\u0119kowa\u0142a nauczycielom za wk\u0142ad pracy oraz poinformowa\u0142a, \u017ce dwie nasze kole\u017canki \u2013 El\u017cbieta Drozdalski i Danuta Sobieraj-Rogowska &#8211; odchodz\u0105 na emerytur\u0119.<\/p>\n<p>Wszyscy cieszymy si\u0119, \u017ce uda\u0142o si\u0119 \u201edobrn\u0105\u0107\u201d do ko\u0144ca tego niezwyk\u0142ego roku szkolnego.<\/p>\n<p>Liczymy, \u017ce jesieni\u0105 spotkamy si\u0119 w \u201erealu\u201d, jeste\u015bmy o tym przekonani ! Pragn\u0105 tego nauczyciele, uczniowie i ich rodzice. Do zobaczenia we wrze\u015bniu w murach szkolnych!<\/p>\n<p>&nbsp;<\/p>\n<p style=\"text-align: right;\">Nauczyciel j\u0119zyka polskiego Jan Ungeheuer<\/p>\n<div id='gallery-1' class='gallery galleryid-406 gallery-columns-3 gallery-size-medium'><figure class='gallery-item'>\n\t\t\t<div class='gallery-icon landscape'>\n\t\t\t\t<a href='https:\/\/liceum.kard.hlonda.pl\/index.php\/2020\/06\/28\/zakonczenie-roku-szkolnego\/zakonczenie-roku-szkolnego-1\/'><img loading=\"lazy\" decoding=\"async\" width=\"300\" height=\"225\" src=\"https:\/\/liceum.kard.hlonda.pl\/wp-content\/uploads\/2020\/06\/Zako\u0144czenie-roku-szkolnego-1-300x225.jpg\" class=\"attachment-medium size-medium\" alt=\"\" srcset=\"https:\/\/liceum.kard.hlonda.pl\/wp-content\/uploads\/2020\/06\/Zako\u0144czenie-roku-szkolnego-1-300x225.jpg 300w, https:\/\/liceum.kard.hlonda.pl\/wp-content\/uploads\/2020\/06\/Zako\u0144czenie-roku-szkolnego-1-467x350.jpg 467w, https:\/\/liceum.kard.hlonda.pl\/wp-content\/uploads\/2020\/06\/Zako\u0144czenie-roku-szkolnego-1.jpg 675w\" sizes=\"auto, (max-width: 300px) 100vw, 300px\" \/><\/a>\n\t\t\t<\/div><\/figure><figure class='gallery-item'>\n\t\t\t<div class='gallery-icon landscape'>\n\t\t\t\t<a href='https:\/\/liceum.kard.hlonda.pl\/index.php\/2020\/06\/28\/zakonczenie-roku-szkolnego\/zakonczenie-roku-szkolnego-2\/'><img loading=\"lazy\" decoding=\"async\" width=\"300\" height=\"225\" src=\"https:\/\/liceum.kard.hlonda.pl\/wp-content\/uploads\/2020\/06\/Zako\u0144czenie-roku-szkolnego-2-300x225.jpg\" class=\"attachment-medium size-medium\" alt=\"\" srcset=\"https:\/\/liceum.kard.hlonda.pl\/wp-content\/uploads\/2020\/06\/Zako\u0144czenie-roku-szkolnego-2-300x225.jpg 300w, https:\/\/liceum.kard.hlonda.pl\/wp-content\/uploads\/2020\/06\/Zako\u0144czenie-roku-szkolnego-2-467x350.jpg 467w, https:\/\/liceum.kard.hlonda.pl\/wp-content\/uploads\/2020\/06\/Zako\u0144czenie-roku-szkolnego-2.jpg 675w\" sizes=\"auto, (max-width: 300px) 100vw, 300px\" \/><\/a>\n\t\t\t<\/div><\/figure><figure class='gallery-item'>\n\t\t\t<div class='gallery-icon landscape'>\n\t\t\t\t<a href='https:\/\/liceum.kard.hlonda.pl\/index.php\/2020\/06\/28\/zakonczenie-roku-szkolnego\/zakonczenie-roku-szkolnego-3\/'><img loading=\"lazy\" decoding=\"async\" width=\"300\" height=\"225\" src=\"https:\/\/liceum.kard.hlonda.pl\/wp-content\/uploads\/2020\/06\/Zako\u0144czenie-roku-szkolnego-3-300x225.jpg\" class=\"attachment-medium size-medium\" alt=\"\" srcset=\"https:\/\/liceum.kard.hlonda.pl\/wp-content\/uploads\/2020\/06\/Zako\u0144czenie-roku-szkolnego-3-300x225.jpg 300w, https:\/\/liceum.kard.hlonda.pl\/wp-content\/uploads\/2020\/06\/Zako\u0144czenie-roku-szkolnego-3-467x350.jpg 467w, https:\/\/liceum.kard.hlonda.pl\/wp-content\/uploads\/2020\/06\/Zako\u0144czenie-roku-szkolnego-3.jpg 675w\" sizes=\"auto, (max-width: 300px) 100vw, 300px\" \/><\/a>\n\t\t\t<\/div><\/figure><figure class='gallery-item'>\n\t\t\t<div class='gallery-icon landscape'>\n\t\t\t\t<a href='https:\/\/liceum.kard.hlonda.pl\/index.php\/2020\/06\/28\/zakonczenie-roku-szkolnego\/zakonczenie-roku-szkolnego-4\/'><img loading=\"lazy\" decoding=\"async\" width=\"300\" height=\"225\" src=\"https:\/\/liceum.kard.hlonda.pl\/wp-content\/uploads\/2020\/06\/Zako\u0144czenie-roku-szkolnego-4-300x225.jpg\" class=\"attachment-medium size-medium\" alt=\"\" srcset=\"https:\/\/liceum.kard.hlonda.pl\/wp-content\/uploads\/2020\/06\/Zako\u0144czenie-roku-szkolnego-4-300x225.jpg 300w, https:\/\/liceum.kard.hlonda.pl\/wp-content\/uploads\/2020\/06\/Zako\u0144czenie-roku-szkolnego-4-467x350.jpg 467w, https:\/\/liceum.kard.hlonda.pl\/wp-content\/uploads\/2020\/06\/Zako\u0144czenie-roku-szkolnego-4.jpg 675w\" sizes=\"auto, (max-width: 300px) 100vw, 300px\" \/><\/a>\n\t\t\t<\/div><\/figure><figure class='gallery-item'>\n\t\t\t<div class='gallery-icon landscape'>\n\t\t\t\t<a href='https:\/\/liceum.kard.hlonda.pl\/index.php\/2020\/06\/28\/zakonczenie-roku-szkolnego\/zakonczenie-roku-szkolnego-5\/'><img loading=\"lazy\" decoding=\"async\" width=\"300\" height=\"225\" src=\"https:\/\/liceum.kard.hlonda.pl\/wp-content\/uploads\/2020\/06\/Zako\u0144czenie-roku-szkolnego-5-300x225.jpg\" class=\"attachment-medium size-medium\" alt=\"\" srcset=\"https:\/\/liceum.kard.hlonda.pl\/wp-content\/uploads\/2020\/06\/Zako\u0144czenie-roku-szkolnego-5-300x225.jpg 300w, https:\/\/liceum.kard.hlonda.pl\/wp-content\/uploads\/2020\/06\/Zako\u0144czenie-roku-szkolnego-5-467x350.jpg 467w, https:\/\/liceum.kard.hlonda.pl\/wp-content\/uploads\/2020\/06\/Zako\u0144czenie-roku-szkolnego-5.jpg 675w\" sizes=\"auto, (max-width: 300px) 100vw, 300px\" \/><\/a>\n\t\t\t<\/div><\/figure><figure class='gallery-item'>\n\t\t\t<div class='gallery-icon landscape'>\n\t\t\t\t<a href='https:\/\/liceum.kard.hlonda.pl\/index.php\/2020\/06\/28\/zakonczenie-roku-szkolnego\/zakonczenie-roku-szkolnego-6\/'><img loading=\"lazy\" decoding=\"async\" width=\"300\" height=\"225\" src=\"https:\/\/liceum.kard.hlonda.pl\/wp-content\/uploads\/2020\/06\/Zako\u0144czenie-roku-szkolnego-6-300x225.jpg\" class=\"attachment-medium size-medium\" alt=\"\" srcset=\"https:\/\/liceum.kard.hlonda.pl\/wp-content\/uploads\/2020\/06\/Zako\u0144czenie-roku-szkolnego-6-300x225.jpg 300w, https:\/\/liceum.kard.hlonda.pl\/wp-content\/uploads\/2020\/06\/Zako\u0144czenie-roku-szkolnego-6-467x350.jpg 467w, https:\/\/liceum.kard.hlonda.pl\/wp-content\/uploads\/2020\/06\/Zako\u0144czenie-roku-szkolnego-6.jpg 675w\" sizes=\"auto, (max-width: 300px) 100vw, 300px\" \/><\/a>\n\t\t\t<\/div><\/figure><figure class='gallery-item'>\n\t\t\t<div class='gallery-icon landscape'>\n\t\t\t\t<a href='https:\/\/liceum.kard.hlonda.pl\/index.php\/2020\/06\/28\/zakonczenie-roku-szkolnego\/zakonczenie-roku-szkolnego-7\/'><img loading=\"lazy\" decoding=\"async\" width=\"300\" height=\"225\" src=\"https:\/\/liceum.kard.hlonda.pl\/wp-content\/uploads\/2020\/06\/Zako\u0144czenie-roku-szkolnego-7-300x225.jpg\" class=\"attachment-medium size-medium\" alt=\"\" srcset=\"https:\/\/liceum.kard.hlonda.pl\/wp-content\/uploads\/2020\/06\/Zako\u0144czenie-roku-szkolnego-7-300x225.jpg 300w, https:\/\/liceum.kard.hlonda.pl\/wp-content\/uploads\/2020\/06\/Zako\u0144czenie-roku-szkolnego-7-467x350.jpg 467w, https:\/\/liceum.kard.hlonda.pl\/wp-content\/uploads\/2020\/06\/Zako\u0144czenie-roku-szkolnego-7.jpg 675w\" sizes=\"auto, (max-width: 300px) 100vw, 300px\" \/><\/a>\n\t\t\t<\/div><\/figure><figure class='gallery-item'>\n\t\t\t<div class='gallery-icon landscape'>\n\t\t\t\t<a href='https:\/\/liceum.kard.hlonda.pl\/index.php\/2020\/06\/28\/zakonczenie-roku-szkolnego\/zakonczenie-roku-szkolnego-8\/'><img loading=\"lazy\" decoding=\"async\" width=\"300\" height=\"225\" src=\"https:\/\/liceum.kard.hlonda.pl\/wp-content\/uploads\/2020\/06\/Zako\u0144czenie-roku-szkolnego-8-300x225.jpg\" class=\"attachment-medium size-medium\" alt=\"\" srcset=\"https:\/\/liceum.kard.hlonda.pl\/wp-content\/uploads\/2020\/06\/Zako\u0144czenie-roku-szkolnego-8-300x225.jpg 300w, https:\/\/liceum.kard.hlonda.pl\/wp-content\/uploads\/2020\/06\/Zako\u0144czenie-roku-szkolnego-8-467x350.jpg 467w, https:\/\/liceum.kard.hlonda.pl\/wp-content\/uploads\/2020\/06\/Zako\u0144czenie-roku-szkolnego-8.jpg 675w\" sizes=\"auto, (max-width: 300px) 100vw, 300px\" \/><\/a>\n\t\t\t<\/div><\/figure><figure class='gallery-item'>\n\t\t\t<div class='gallery-icon landscape'>\n\t\t\t\t<a href='https:\/\/liceum.kard.hlonda.pl\/index.php\/2020\/06\/28\/zakonczenie-roku-szkolnego\/zakonczenie-roku-szkolnego-9\/'><img loading=\"lazy\" decoding=\"async\" width=\"300\" height=\"225\" src=\"https:\/\/liceum.kard.hlonda.pl\/wp-content\/uploads\/2020\/06\/Zako\u0144czenie-roku-szkolnego-9-300x225.jpg\" class=\"attachment-medium size-medium\" alt=\"\" srcset=\"https:\/\/liceum.kard.hlonda.pl\/wp-content\/uploads\/2020\/06\/Zako\u0144czenie-roku-szkolnego-9-300x225.jpg 300w, https:\/\/liceum.kard.hlonda.pl\/wp-content\/uploads\/2020\/06\/Zako\u0144czenie-roku-szkolnego-9-467x350.jpg 467w, https:\/\/liceum.kard.hlonda.pl\/wp-content\/uploads\/2020\/06\/Zako\u0144czenie-roku-szkolnego-9.jpg 675w\" sizes=\"auto, (max-width: 300px) 100vw, 300px\" \/><\/a>\n\t\t\t<\/div><\/figure><figure class='gallery-item'>\n\t\t\t<div class='gallery-icon landscape'>\n\t\t\t\t<a href='https:\/\/liceum.kard.hlonda.pl\/index.php\/2020\/06\/28\/zakonczenie-roku-szkolnego\/zakonczenie-roku-szkolnego-10\/'><img loading=\"lazy\" decoding=\"async\" width=\"300\" height=\"225\" src=\"https:\/\/liceum.kard.hlonda.pl\/wp-content\/uploads\/2020\/06\/Zako\u0144czenie-roku-szkolnego-10-300x225.jpg\" class=\"attachment-medium size-medium\" alt=\"\" srcset=\"https:\/\/liceum.kard.hlonda.pl\/wp-content\/uploads\/2020\/06\/Zako\u0144czenie-roku-szkolnego-10-300x225.jpg 300w, https:\/\/liceum.kard.hlonda.pl\/wp-content\/uploads\/2020\/06\/Zako\u0144czenie-roku-szkolnego-10-467x350.jpg 467w, https:\/\/liceum.kard.hlonda.pl\/wp-content\/uploads\/2020\/06\/Zako\u0144czenie-roku-szkolnego-10.jpg 675w\" sizes=\"auto, (max-width: 300px) 100vw, 300px\" \/><\/a>\n\t\t\t<\/div><\/figure><figure class='gallery-item'>\n\t\t\t<div class='gallery-icon landscape'>\n\t\t\t\t<a href='https:\/\/liceum.kard.hlonda.pl\/index.php\/2020\/06\/28\/zakonczenie-roku-szkolnego\/zakonczenie-roku-szkolnego-11\/'><img loading=\"lazy\" decoding=\"async\" width=\"300\" height=\"225\" src=\"https:\/\/liceum.kard.hlonda.pl\/wp-content\/uploads\/2020\/06\/Zako\u0144czenie-roku-szkolnego-11-300x225.jpg\" class=\"attachment-medium size-medium\" alt=\"\" srcset=\"https:\/\/liceum.kard.hlonda.pl\/wp-content\/uploads\/2020\/06\/Zako\u0144czenie-roku-szkolnego-11-300x225.jpg 300w, https:\/\/liceum.kard.hlonda.pl\/wp-content\/uploads\/2020\/06\/Zako\u0144czenie-roku-szkolnego-11-467x350.jpg 467w, https:\/\/liceum.kard.hlonda.pl\/wp-content\/uploads\/2020\/06\/Zako\u0144czenie-roku-szkolnego-11.jpg 675w\" sizes=\"auto, (max-width: 300px) 100vw, 300px\" \/><\/a>\n\t\t\t<\/div><\/figure><figure class='gallery-item'>\n\t\t\t<div class='gallery-icon landscape'>\n\t\t\t\t<a href='https:\/\/liceum.kard.hlonda.pl\/index.php\/2020\/06\/28\/zakonczenie-roku-szkolnego\/zakonczenie-roku-szkolnego-12\/'><img loading=\"lazy\" decoding=\"async\" width=\"300\" height=\"225\" src=\"https:\/\/liceum.kard.hlonda.pl\/wp-content\/uploads\/2020\/06\/Zako\u0144czenie-roku-szkolnego-12-300x225.jpg\" class=\"attachment-medium size-medium\" alt=\"\" srcset=\"https:\/\/liceum.kard.hlonda.pl\/wp-content\/uploads\/2020\/06\/Zako\u0144czenie-roku-szkolnego-12-300x225.jpg 300w, https:\/\/liceum.kard.hlonda.pl\/wp-content\/uploads\/2020\/06\/Zako\u0144czenie-roku-szkolnego-12-467x350.jpg 467w, https:\/\/liceum.kard.hlonda.pl\/wp-content\/uploads\/2020\/06\/Zako\u0144czenie-roku-szkolnego-12.jpg 675w\" sizes=\"auto, (max-width: 300px) 100vw, 300px\" \/><\/a>\n\t\t\t<\/div><\/figure><figure class='gallery-item'>\n\t\t\t<div class='gallery-icon landscape'>\n\t\t\t\t<a href='https:\/\/liceum.kard.hlonda.pl\/index.php\/2020\/06\/28\/zakonczenie-roku-szkolnego\/zakonczenie-roku-szkolnego-13\/'><img loading=\"lazy\" decoding=\"async\" width=\"300\" height=\"225\" src=\"https:\/\/liceum.kard.hlonda.pl\/wp-content\/uploads\/2020\/06\/Zako\u0144czenie-roku-szkolnego-13-300x225.jpg\" class=\"attachment-medium size-medium\" alt=\"\" srcset=\"https:\/\/liceum.kard.hlonda.pl\/wp-content\/uploads\/2020\/06\/Zako\u0144czenie-roku-szkolnego-13-300x225.jpg 300w, https:\/\/liceum.kard.hlonda.pl\/wp-content\/uploads\/2020\/06\/Zako\u0144czenie-roku-szkolnego-13-467x350.jpg 467w, https:\/\/liceum.kard.hlonda.pl\/wp-content\/uploads\/2020\/06\/Zako\u0144czenie-roku-szkolnego-13.jpg 675w\" sizes=\"auto, (max-width: 300px) 100vw, 300px\" \/><\/a>\n\t\t\t<\/div><\/figure><figure class='gallery-item'>\n\t\t\t<div class='gallery-icon landscape'>\n\t\t\t\t<a href='https:\/\/liceum.kard.hlonda.pl\/index.php\/2020\/06\/28\/zakonczenie-roku-szkolnego\/zakonczenie-roku-szkolnego-14\/'><img loading=\"lazy\" decoding=\"async\" width=\"300\" height=\"225\" src=\"https:\/\/liceum.kard.hlonda.pl\/wp-content\/uploads\/2020\/06\/Zako\u0144czenie-roku-szkolnego-14-300x225.jpg\" class=\"attachment-medium size-medium\" alt=\"\" srcset=\"https:\/\/liceum.kard.hlonda.pl\/wp-content\/uploads\/2020\/06\/Zako\u0144czenie-roku-szkolnego-14-300x225.jpg 300w, https:\/\/liceum.kard.hlonda.pl\/wp-content\/uploads\/2020\/06\/Zako\u0144czenie-roku-szkolnego-14-467x350.jpg 467w, https:\/\/liceum.kard.hlonda.pl\/wp-content\/uploads\/2020\/06\/Zako\u0144czenie-roku-szkolnego-14.jpg 675w\" sizes=\"auto, (max-width: 300px) 100vw, 300px\" \/><\/a>\n\t\t\t<\/div><\/figure><figure class='gallery-item'>\n\t\t\t<div class='gallery-icon landscape'>\n\t\t\t\t<a href='https:\/\/liceum.kard.hlonda.pl\/index.php\/2020\/06\/28\/zakonczenie-roku-szkolnego\/zakonczenie-roku-szkolnego-15\/'><img loading=\"lazy\" decoding=\"async\" width=\"300\" height=\"225\" src=\"https:\/\/liceum.kard.hlonda.pl\/wp-content\/uploads\/2020\/06\/Zako\u0144czenie-roku-szkolnego-15-300x225.jpg\" class=\"attachment-medium size-medium\" alt=\"\" srcset=\"https:\/\/liceum.kard.hlonda.pl\/wp-content\/uploads\/2020\/06\/Zako\u0144czenie-roku-szkolnego-15-300x225.jpg 300w, https:\/\/liceum.kard.hlonda.pl\/wp-content\/uploads\/2020\/06\/Zako\u0144czenie-roku-szkolnego-15-467x350.jpg 467w, https:\/\/liceum.kard.hlonda.pl\/wp-content\/uploads\/2020\/06\/Zako\u0144czenie-roku-szkolnego-15.jpg 675w\" sizes=\"auto, (max-width: 300px) 100vw, 300px\" \/><\/a>\n\t\t\t<\/div><\/figure><figure class='gallery-item'>\n\t\t\t<div class='gallery-icon landscape'>\n\t\t\t\t<a href='https:\/\/liceum.kard.hlonda.pl\/index.php\/2020\/06\/28\/zakonczenie-roku-szkolnego\/zakonczenie-roku-szkolnego-16\/'><img loading=\"lazy\" decoding=\"async\" width=\"300\" height=\"225\" src=\"https:\/\/liceum.kard.hlonda.pl\/wp-content\/uploads\/2020\/06\/Zako\u0144czenie-roku-szkolnego-16-300x225.jpg\" class=\"attachment-medium size-medium\" alt=\"\" srcset=\"https:\/\/liceum.kard.hlonda.pl\/wp-content\/uploads\/2020\/06\/Zako\u0144czenie-roku-szkolnego-16-300x225.jpg 300w, https:\/\/liceum.kard.hlonda.pl\/wp-content\/uploads\/2020\/06\/Zako\u0144czenie-roku-szkolnego-16-467x350.jpg 467w, https:\/\/liceum.kard.hlonda.pl\/wp-content\/uploads\/2020\/06\/Zako\u0144czenie-roku-szkolnego-16.jpg 675w\" sizes=\"auto, (max-width: 300px) 100vw, 300px\" \/><\/a>\n\t\t\t<\/div><\/figure><figure class='gallery-item'>\n\t\t\t<div class='gallery-icon landscape'>\n\t\t\t\t<a href='https:\/\/liceum.kard.hlonda.pl\/index.php\/2020\/06\/28\/zakonczenie-roku-szkolnego\/zakonczenie-roku-szkolnego-17\/'><img loading=\"lazy\" decoding=\"async\" width=\"300\" height=\"225\" src=\"https:\/\/liceum.kard.hlonda.pl\/wp-content\/uploads\/2020\/06\/Zako\u0144czenie-roku-szkolnego-17-300x225.jpg\" class=\"attachment-medium size-medium\" alt=\"\" srcset=\"https:\/\/liceum.kard.hlonda.pl\/wp-content\/uploads\/2020\/06\/Zako\u0144czenie-roku-szkolnego-17-300x225.jpg 300w, https:\/\/liceum.kard.hlonda.pl\/wp-content\/uploads\/2020\/06\/Zako\u0144czenie-roku-szkolnego-17-467x350.jpg 467w, https:\/\/liceum.kard.hlonda.pl\/wp-content\/uploads\/2020\/06\/Zako\u0144czenie-roku-szkolnego-17.jpg 675w\" sizes=\"auto, (max-width: 300px) 100vw, 300px\" \/><\/a>\n\t\t\t<\/div><\/figure><figure class='gallery-item'>\n\t\t\t<div class='gallery-icon landscape'>\n\t\t\t\t<a href='https:\/\/liceum.kard.hlonda.pl\/index.php\/2020\/06\/28\/zakonczenie-roku-szkolnego\/zakonczenie-roku-szkolnego-18\/'><img loading=\"lazy\" decoding=\"async\" width=\"300\" height=\"225\" src=\"https:\/\/liceum.kard.hlonda.pl\/wp-content\/uploads\/2020\/06\/Zako\u0144czenie-roku-szkolnego-18-300x225.jpg\" class=\"attachment-medium size-medium\" alt=\"\" srcset=\"https:\/\/liceum.kard.hlonda.pl\/wp-content\/uploads\/2020\/06\/Zako\u0144czenie-roku-szkolnego-18-300x225.jpg 300w, https:\/\/liceum.kard.hlonda.pl\/wp-content\/uploads\/2020\/06\/Zako\u0144czenie-roku-szkolnego-18-467x350.jpg 467w, https:\/\/liceum.kard.hlonda.pl\/wp-content\/uploads\/2020\/06\/Zako\u0144czenie-roku-szkolnego-18.jpg 675w\" sizes=\"auto, (max-width: 300px) 100vw, 300px\" \/><\/a>\n\t\t\t<\/div><\/figure><figure class='gallery-item'>\n\t\t\t<div class='gallery-icon landscape'>\n\t\t\t\t<a href='https:\/\/liceum.kard.hlonda.pl\/index.php\/2020\/06\/28\/zakonczenie-roku-szkolnego\/zakonczenie-roku-szkolnego-19\/'><img loading=\"lazy\" decoding=\"async\" width=\"300\" height=\"225\" src=\"https:\/\/liceum.kard.hlonda.pl\/wp-content\/uploads\/2020\/06\/Zako\u0144czenie-roku-szkolnego-19-300x225.jpg\" class=\"attachment-medium size-medium\" alt=\"\" srcset=\"https:\/\/liceum.kard.hlonda.pl\/wp-content\/uploads\/2020\/06\/Zako\u0144czenie-roku-szkolnego-19-300x225.jpg 300w, https:\/\/liceum.kard.hlonda.pl\/wp-content\/uploads\/2020\/06\/Zako\u0144czenie-roku-szkolnego-19-467x350.jpg 467w, https:\/\/liceum.kard.hlonda.pl\/wp-content\/uploads\/2020\/06\/Zako\u0144czenie-roku-szkolnego-19.jpg 675w\" sizes=\"auto, (max-width: 300px) 100vw, 300px\" \/><\/a>\n\t\t\t<\/div><\/figure><figure class='gallery-item'>\n\t\t\t<div class='gallery-icon landscape'>\n\t\t\t\t<a href='https:\/\/liceum.kard.hlonda.pl\/index.php\/2020\/06\/28\/zakonczenie-roku-szkolnego\/zakonczenie-roku-szkolnego-20\/'><img loading=\"lazy\" decoding=\"async\" width=\"300\" height=\"225\" src=\"https:\/\/liceum.kard.hlonda.pl\/wp-content\/uploads\/2020\/06\/Zako\u0144czenie-roku-szkolnego-20-300x225.jpg\" class=\"attachment-medium size-medium\" alt=\"\" srcset=\"https:\/\/liceum.kard.hlonda.pl\/wp-content\/uploads\/2020\/06\/Zako\u0144czenie-roku-szkolnego-20-300x225.jpg 300w, https:\/\/liceum.kard.hlonda.pl\/wp-content\/uploads\/2020\/06\/Zako\u0144czenie-roku-szkolnego-20-467x350.jpg 467w, https:\/\/liceum.kard.hlonda.pl\/wp-content\/uploads\/2020\/06\/Zako\u0144czenie-roku-szkolnego-20.jpg 675w\" sizes=\"auto, (max-width: 300px) 100vw, 300px\" \/><\/a>\n\t\t\t<\/div><\/figure><figure class='gallery-item'>\n\t\t\t<div class='gallery-icon landscape'>\n\t\t\t\t<a href='https:\/\/liceum.kard.hlonda.pl\/index.php\/2020\/06\/28\/zakonczenie-roku-szkolnego\/zakonczenie-roku-szkolnego-21\/'><img loading=\"lazy\" decoding=\"async\" width=\"300\" height=\"225\" src=\"https:\/\/liceum.kard.hlonda.pl\/wp-content\/uploads\/2020\/06\/Zako\u0144czenie-roku-szkolnego-21-300x225.jpg\" class=\"attachment-medium size-medium\" alt=\"\" srcset=\"https:\/\/liceum.kard.hlonda.pl\/wp-content\/uploads\/2020\/06\/Zako\u0144czenie-roku-szkolnego-21-300x225.jpg 300w, https:\/\/liceum.kard.hlonda.pl\/wp-content\/uploads\/2020\/06\/Zako\u0144czenie-roku-szkolnego-21-467x350.jpg 467w, https:\/\/liceum.kard.hlonda.pl\/wp-content\/uploads\/2020\/06\/Zako\u0144czenie-roku-szkolnego-21.jpg 675w\" sizes=\"auto, (max-width: 300px) 100vw, 300px\" \/><\/a>\n\t\t\t<\/div><\/figure><figure class='gallery-item'>\n\t\t\t<div class='gallery-icon landscape'>\n\t\t\t\t<a href='https:\/\/liceum.kard.hlonda.pl\/index.php\/2020\/06\/28\/zakonczenie-roku-szkolnego\/zakonczenie-roku-szkolnego-22\/'><img loading=\"lazy\" decoding=\"async\" width=\"300\" height=\"225\" src=\"https:\/\/liceum.kard.hlonda.pl\/wp-content\/uploads\/2020\/06\/Zako\u0144czenie-roku-szkolnego-22-300x225.jpg\" class=\"attachment-medium size-medium\" alt=\"\" srcset=\"https:\/\/liceum.kard.hlonda.pl\/wp-content\/uploads\/2020\/06\/Zako\u0144czenie-roku-szkolnego-22-300x225.jpg 300w, https:\/\/liceum.kard.hlonda.pl\/wp-content\/uploads\/2020\/06\/Zako\u0144czenie-roku-szkolnego-22-467x350.jpg 467w, https:\/\/liceum.kard.hlonda.pl\/wp-content\/uploads\/2020\/06\/Zako\u0144czenie-roku-szkolnego-22.jpg 675w\" sizes=\"auto, (max-width: 300px) 100vw, 300px\" \/><\/a>\n\t\t\t<\/div><\/figure><figure class='gallery-item'>\n\t\t\t<div class='gallery-icon landscape'>\n\t\t\t\t<a href='https:\/\/liceum.kard.hlonda.pl\/index.php\/2020\/06\/28\/zakonczenie-roku-szkolnego\/zakonczenie-roku-szkolnego-23\/'><img loading=\"lazy\" decoding=\"async\" width=\"300\" height=\"225\" src=\"https:\/\/liceum.kard.hlonda.pl\/wp-content\/uploads\/2020\/06\/Zako\u0144czenie-roku-szkolnego-23-300x225.jpg\" class=\"attachment-medium size-medium\" alt=\"\" srcset=\"https:\/\/liceum.kard.hlonda.pl\/wp-content\/uploads\/2020\/06\/Zako\u0144czenie-roku-szkolnego-23-300x225.jpg 300w, https:\/\/liceum.kard.hlonda.pl\/wp-content\/uploads\/2020\/06\/Zako\u0144czenie-roku-szkolnego-23-467x350.jpg 467w, https:\/\/liceum.kard.hlonda.pl\/wp-content\/uploads\/2020\/06\/Zako\u0144czenie-roku-szkolnego-23.jpg 675w\" sizes=\"auto, (max-width: 300px) 100vw, 300px\" \/><\/a>\n\t\t\t<\/div><\/figure><figure class='gallery-item'>\n\t\t\t<div class='gallery-icon landscape'>\n\t\t\t\t<a href='https:\/\/liceum.kard.hlonda.pl\/index.php\/2020\/06\/28\/zakonczenie-roku-szkolnego\/zakonczenie-roku-szkolnego-24\/'><img loading=\"lazy\" decoding=\"async\" width=\"300\" height=\"225\" src=\"https:\/\/liceum.kard.hlonda.pl\/wp-content\/uploads\/2020\/06\/Zako\u0144czenie-roku-szkolnego-24-300x225.jpg\" class=\"attachment-medium size-medium\" alt=\"\" srcset=\"https:\/\/liceum.kard.hlonda.pl\/wp-content\/uploads\/2020\/06\/Zako\u0144czenie-roku-szkolnego-24-300x225.jpg 300w, https:\/\/liceum.kard.hlonda.pl\/wp-content\/uploads\/2020\/06\/Zako\u0144czenie-roku-szkolnego-24-467x350.jpg 467w, https:\/\/liceum.kard.hlonda.pl\/wp-content\/uploads\/2020\/06\/Zako\u0144czenie-roku-szkolnego-24.jpg 675w\" sizes=\"auto, (max-width: 300px) 100vw, 300px\" \/><\/a>\n\t\t\t<\/div><\/figure><figure class='gallery-item'>\n\t\t\t<div class='gallery-icon landscape'>\n\t\t\t\t<a href='https:\/\/liceum.kard.hlonda.pl\/index.php\/2020\/06\/28\/zakonczenie-roku-szkolnego\/zakonczenie-roku-szkolnego-25\/'><img loading=\"lazy\" decoding=\"async\" width=\"300\" height=\"225\" src=\"https:\/\/liceum.kard.hlonda.pl\/wp-content\/uploads\/2020\/06\/Zako\u0144czenie-roku-szkolnego-25-300x225.jpg\" class=\"attachment-medium size-medium\" alt=\"\" srcset=\"https:\/\/liceum.kard.hlonda.pl\/wp-content\/uploads\/2020\/06\/Zako\u0144czenie-roku-szkolnego-25-300x225.jpg 300w, https:\/\/liceum.kard.hlonda.pl\/wp-content\/uploads\/2020\/06\/Zako\u0144czenie-roku-szkolnego-25-467x350.jpg 467w, https:\/\/liceum.kard.hlonda.pl\/wp-content\/uploads\/2020\/06\/Zako\u0144czenie-roku-szkolnego-25.jpg 675w\" sizes=\"auto, (max-width: 300px) 100vw, 300px\" \/><\/a>\n\t\t\t<\/div><\/figure><figure class='gallery-item'>\n\t\t\t<div class='gallery-icon landscape'>\n\t\t\t\t<a href='https:\/\/liceum.kard.hlonda.pl\/index.php\/2020\/06\/28\/zakonczenie-roku-szkolnego\/zakonczenie-roku-szkolnego-26\/'><img loading=\"lazy\" decoding=\"async\" width=\"300\" height=\"225\" src=\"https:\/\/liceum.kard.hlonda.pl\/wp-content\/uploads\/2020\/06\/Zako\u0144czenie-roku-szkolnego-26-300x225.jpg\" class=\"attachment-medium size-medium\" alt=\"\" srcset=\"https:\/\/liceum.kard.hlonda.pl\/wp-content\/uploads\/2020\/06\/Zako\u0144czenie-roku-szkolnego-26-300x225.jpg 300w, https:\/\/liceum.kard.hlonda.pl\/wp-content\/uploads\/2020\/06\/Zako\u0144czenie-roku-szkolnego-26-467x350.jpg 467w, https:\/\/liceum.kard.hlonda.pl\/wp-content\/uploads\/2020\/06\/Zako\u0144czenie-roku-szkolnego-26.jpg 675w\" sizes=\"auto, (max-width: 300px) 100vw, 300px\" \/><\/a>\n\t\t\t<\/div><\/figure><figure class='gallery-item'>\n\t\t\t<div class='gallery-icon landscape'>\n\t\t\t\t<a href='https:\/\/liceum.kard.hlonda.pl\/index.php\/2020\/06\/28\/zakonczenie-roku-szkolnego\/zakonczenie-roku-szkolnego-27\/'><img loading=\"lazy\" decoding=\"async\" width=\"300\" height=\"225\" src=\"https:\/\/liceum.kard.hlonda.pl\/wp-content\/uploads\/2020\/06\/Zako\u0144czenie-roku-szkolnego-27-300x225.jpg\" class=\"attachment-medium size-medium\" alt=\"\" srcset=\"https:\/\/liceum.kard.hlonda.pl\/wp-content\/uploads\/2020\/06\/Zako\u0144czenie-roku-szkolnego-27-300x225.jpg 300w, https:\/\/liceum.kard.hlonda.pl\/wp-content\/uploads\/2020\/06\/Zako\u0144czenie-roku-szkolnego-27-467x350.jpg 467w, https:\/\/liceum.kard.hlonda.pl\/wp-content\/uploads\/2020\/06\/Zako\u0144czenie-roku-szkolnego-27.jpg 675w\" sizes=\"auto, (max-width: 300px) 100vw, 300px\" \/><\/a>\n\t\t\t<\/div><\/figure><figure class='gallery-item'>\n\t\t\t<div class='gallery-icon landscape'>\n\t\t\t\t<a href='https:\/\/liceum.kard.hlonda.pl\/index.php\/2020\/06\/28\/zakonczenie-roku-szkolnego\/zakonczenie-roku-szkolnego-28\/'><img loading=\"lazy\" decoding=\"async\" width=\"300\" height=\"225\" src=\"https:\/\/liceum.kard.hlonda.pl\/wp-content\/uploads\/2020\/06\/Zako\u0144czenie-roku-szkolnego-28-300x225.jpg\" class=\"attachment-medium size-medium\" alt=\"\" srcset=\"https:\/\/liceum.kard.hlonda.pl\/wp-content\/uploads\/2020\/06\/Zako\u0144czenie-roku-szkolnego-28-300x225.jpg 300w, https:\/\/liceum.kard.hlonda.pl\/wp-content\/uploads\/2020\/06\/Zako\u0144czenie-roku-szkolnego-28-467x350.jpg 467w, https:\/\/liceum.kard.hlonda.pl\/wp-content\/uploads\/2020\/06\/Zako\u0144czenie-roku-szkolnego-28.jpg 675w\" sizes=\"auto, (max-width: 300px) 100vw, 300px\" \/><\/a>\n\t\t\t<\/div><\/figure><figure class='gallery-item'>\n\t\t\t<div class='gallery-icon landscape'>\n\t\t\t\t<a href='https:\/\/liceum.kard.hlonda.pl\/index.php\/2020\/06\/28\/zakonczenie-roku-szkolnego\/zakonczenie-roku-szkolnego-29\/'><img loading=\"lazy\" decoding=\"async\" width=\"300\" height=\"225\" src=\"https:\/\/liceum.kard.hlonda.pl\/wp-content\/uploads\/2020\/06\/Zako\u0144czenie-roku-szkolnego-29-300x225.jpg\" class=\"attachment-medium size-medium\" alt=\"\" srcset=\"https:\/\/liceum.kard.hlonda.pl\/wp-content\/uploads\/2020\/06\/Zako\u0144czenie-roku-szkolnego-29-300x225.jpg 300w, https:\/\/liceum.kard.hlonda.pl\/wp-content\/uploads\/2020\/06\/Zako\u0144czenie-roku-szkolnego-29-467x350.jpg 467w, https:\/\/liceum.kard.hlonda.pl\/wp-content\/uploads\/2020\/06\/Zako\u0144czenie-roku-szkolnego-29.jpg 675w\" sizes=\"auto, (max-width: 300px) 100vw, 300px\" \/><\/a>\n\t\t\t<\/div><\/figure><figure class='gallery-item'>\n\t\t\t<div class='gallery-icon landscape'>\n\t\t\t\t<a href='https:\/\/liceum.kard.hlonda.pl\/index.php\/2020\/06\/28\/zakonczenie-roku-szkolnego\/zakonczenie-roku-szkolnego-30\/'><img loading=\"lazy\" decoding=\"async\" width=\"300\" height=\"225\" src=\"https:\/\/liceum.kard.hlonda.pl\/wp-content\/uploads\/2020\/06\/Zako\u0144czenie-roku-szkolnego-30-300x225.jpg\" class=\"attachment-medium size-medium\" alt=\"\" srcset=\"https:\/\/liceum.kard.hlonda.pl\/wp-content\/uploads\/2020\/06\/Zako\u0144czenie-roku-szkolnego-30-300x225.jpg 300w, https:\/\/liceum.kard.hlonda.pl\/wp-content\/uploads\/2020\/06\/Zako\u0144czenie-roku-szkolnego-30-467x350.jpg 467w, https:\/\/liceum.kard.hlonda.pl\/wp-content\/uploads\/2020\/06\/Zako\u0144czenie-roku-szkolnego-30.jpg 675w\" sizes=\"auto, (max-width: 300px) 100vw, 300px\" \/><\/a>\n\t\t\t<\/div><\/figure><figure class='gallery-item'>\n\t\t\t<div class='gallery-icon landscape'>\n\t\t\t\t<a href='https:\/\/liceum.kard.hlonda.pl\/index.php\/2020\/06\/28\/zakonczenie-roku-szkolnego\/zakonczenie-roku-szkolnego-31\/'><img loading=\"lazy\" decoding=\"async\" width=\"300\" height=\"225\" src=\"https:\/\/liceum.kard.hlonda.pl\/wp-content\/uploads\/2020\/06\/Zako\u0144czenie-roku-szkolnego-31-300x225.jpg\" class=\"attachment-medium size-medium\" alt=\"\" srcset=\"https:\/\/liceum.kard.hlonda.pl\/wp-content\/uploads\/2020\/06\/Zako\u0144czenie-roku-szkolnego-31-300x225.jpg 300w, https:\/\/liceum.kard.hlonda.pl\/wp-content\/uploads\/2020\/06\/Zako\u0144czenie-roku-szkolnego-31-467x350.jpg 467w, https:\/\/liceum.kard.hlonda.pl\/wp-content\/uploads\/2020\/06\/Zako\u0144czenie-roku-szkolnego-31.jpg 675w\" sizes=\"auto, (max-width: 300px) 100vw, 300px\" \/><\/a>\n\t\t\t<\/div><\/figure><figure class='gallery-item'>\n\t\t\t<div class='gallery-icon landscape'>\n\t\t\t\t<a href='https:\/\/liceum.kard.hlonda.pl\/index.php\/2020\/06\/28\/zakonczenie-roku-szkolnego\/zakonczenie-roku-szkolnego-32\/'><img loading=\"lazy\" decoding=\"async\" width=\"300\" height=\"225\" src=\"https:\/\/liceum.kard.hlonda.pl\/wp-content\/uploads\/2020\/06\/Zako\u0144czenie-roku-szkolnego-32-300x225.jpg\" class=\"attachment-medium size-medium\" alt=\"\" srcset=\"https:\/\/liceum.kard.hlonda.pl\/wp-content\/uploads\/2020\/06\/Zako\u0144czenie-roku-szkolnego-32-300x225.jpg 300w, https:\/\/liceum.kard.hlonda.pl\/wp-content\/uploads\/2020\/06\/Zako\u0144czenie-roku-szkolnego-32-467x350.jpg 467w, https:\/\/liceum.kard.hlonda.pl\/wp-content\/uploads\/2020\/06\/Zako\u0144czenie-roku-szkolnego-32.jpg 675w\" sizes=\"auto, (max-width: 300px) 100vw, 300px\" \/><\/a>\n\t\t\t<\/div><\/figure><figure class='gallery-item'>\n\t\t\t<div class='gallery-icon landscape'>\n\t\t\t\t<a href='https:\/\/liceum.kard.hlonda.pl\/index.php\/2020\/06\/28\/zakonczenie-roku-szkolnego\/zakonczenie-roku-szkolnego-33\/'><img loading=\"lazy\" decoding=\"async\" width=\"300\" height=\"225\" src=\"https:\/\/liceum.kard.hlonda.pl\/wp-content\/uploads\/2020\/06\/Zako\u0144czenie-roku-szkolnego-33-300x225.jpg\" class=\"attachment-medium size-medium\" alt=\"\" srcset=\"https:\/\/liceum.kard.hlonda.pl\/wp-content\/uploads\/2020\/06\/Zako\u0144czenie-roku-szkolnego-33-300x225.jpg 300w, https:\/\/liceum.kard.hlonda.pl\/wp-content\/uploads\/2020\/06\/Zako\u0144czenie-roku-szkolnego-33-467x350.jpg 467w, https:\/\/liceum.kard.hlonda.pl\/wp-content\/uploads\/2020\/06\/Zako\u0144czenie-roku-szkolnego-33.jpg 675w\" sizes=\"auto, (max-width: 300px) 100vw, 300px\" \/><\/a>\n\t\t\t<\/div><\/figure><figure class='gallery-item'>\n\t\t\t<div class='gallery-icon landscape'>\n\t\t\t\t<a href='https:\/\/liceum.kard.hlonda.pl\/index.php\/2020\/06\/28\/zakonczenie-roku-szkolnego\/zakonczenie-roku-szkolnego-34\/'><img loading=\"lazy\" decoding=\"async\" width=\"300\" height=\"225\" src=\"https:\/\/liceum.kard.hlonda.pl\/wp-content\/uploads\/2020\/06\/Zako\u0144czenie-roku-szkolnego-34-300x225.jpg\" class=\"attachment-medium size-medium\" alt=\"\" srcset=\"https:\/\/liceum.kard.hlonda.pl\/wp-content\/uploads\/2020\/06\/Zako\u0144czenie-roku-szkolnego-34-300x225.jpg 300w, https:\/\/liceum.kard.hlonda.pl\/wp-content\/uploads\/2020\/06\/Zako\u0144czenie-roku-szkolnego-34-467x350.jpg 467w, https:\/\/liceum.kard.hlonda.pl\/wp-content\/uploads\/2020\/06\/Zako\u0144czenie-roku-szkolnego-34.jpg 675w\" sizes=\"auto, (max-width: 300px) 100vw, 300px\" \/><\/a>\n\t\t\t<\/div><\/figure><figure class='gallery-item'>\n\t\t\t<div class='gallery-icon landscape'>\n\t\t\t\t<a href='https:\/\/liceum.kard.hlonda.pl\/index.php\/2020\/06\/28\/zakonczenie-roku-szkolnego\/zakonczenie-roku-szkolnego-35\/'><img loading=\"lazy\" decoding=\"async\" width=\"300\" height=\"225\" src=\"https:\/\/liceum.kard.hlonda.pl\/wp-content\/uploads\/2020\/06\/Zako\u0144czenie-roku-szkolnego-35-300x225.jpg\" class=\"attachment-medium size-medium\" alt=\"\" srcset=\"https:\/\/liceum.kard.hlonda.pl\/wp-content\/uploads\/2020\/06\/Zako\u0144czenie-roku-szkolnego-35-300x225.jpg 300w, https:\/\/liceum.kard.hlonda.pl\/wp-content\/uploads\/2020\/06\/Zako\u0144czenie-roku-szkolnego-35-467x350.jpg 467w, https:\/\/liceum.kard.hlonda.pl\/wp-content\/uploads\/2020\/06\/Zako\u0144czenie-roku-szkolnego-35.jpg 675w\" sizes=\"auto, (max-width: 300px) 100vw, 300px\" \/><\/a>\n\t\t\t<\/div><\/figure><figure class='gallery-item'>\n\t\t\t<div class='gallery-icon landscape'>\n\t\t\t\t<a href='https:\/\/liceum.kard.hlonda.pl\/index.php\/2020\/06\/28\/zakonczenie-roku-szkolnego\/zakonczenie-roku-szkolnego-36\/'><img loading=\"lazy\" decoding=\"async\" width=\"300\" height=\"225\" src=\"https:\/\/liceum.kard.hlonda.pl\/wp-content\/uploads\/2020\/06\/Zako\u0144czenie-roku-szkolnego-36-300x225.jpg\" class=\"attachment-medium size-medium\" alt=\"\" srcset=\"https:\/\/liceum.kard.hlonda.pl\/wp-content\/uploads\/2020\/06\/Zako\u0144czenie-roku-szkolnego-36-300x225.jpg 300w, https:\/\/liceum.kard.hlonda.pl\/wp-content\/uploads\/2020\/06\/Zako\u0144czenie-roku-szkolnego-36-467x350.jpg 467w, https:\/\/liceum.kard.hlonda.pl\/wp-content\/uploads\/2020\/06\/Zako\u0144czenie-roku-szkolnego-36.jpg 675w\" sizes=\"auto, (max-width: 300px) 100vw, 300px\" \/><\/a>\n\t\t\t<\/div><\/figure><figure class='gallery-item'>\n\t\t\t<div class='gallery-icon landscape'>\n\t\t\t\t<a href='https:\/\/liceum.kard.hlonda.pl\/index.php\/2020\/06\/28\/zakonczenie-roku-szkolnego\/zakonczenie-roku-szkolnego-37\/'><img loading=\"lazy\" decoding=\"async\" width=\"300\" height=\"225\" src=\"https:\/\/liceum.kard.hlonda.pl\/wp-content\/uploads\/2020\/06\/Zako\u0144czenie-roku-szkolnego-37-300x225.jpg\" class=\"attachment-medium size-medium\" alt=\"\" srcset=\"https:\/\/liceum.kard.hlonda.pl\/wp-content\/uploads\/2020\/06\/Zako\u0144czenie-roku-szkolnego-37-300x225.jpg 300w, https:\/\/liceum.kard.hlonda.pl\/wp-content\/uploads\/2020\/06\/Zako\u0144czenie-roku-szkolnego-37-467x350.jpg 467w, https:\/\/liceum.kard.hlonda.pl\/wp-content\/uploads\/2020\/06\/Zako\u0144czenie-roku-szkolnego-37.jpg 675w\" sizes=\"auto, (max-width: 300px) 100vw, 300px\" \/><\/a>\n\t\t\t<\/div><\/figure><figure class='gallery-item'>\n\t\t\t<div class='gallery-icon landscape'>\n\t\t\t\t<a href='https:\/\/liceum.kard.hlonda.pl\/index.php\/2020\/06\/28\/zakonczenie-roku-szkolnego\/zakonczenie-roku-szkolnego-38\/'><img loading=\"lazy\" decoding=\"async\" width=\"300\" height=\"225\" src=\"https:\/\/liceum.kard.hlonda.pl\/wp-content\/uploads\/2020\/06\/Zako\u0144czenie-roku-szkolnego-38-300x225.jpg\" class=\"attachment-medium size-medium\" alt=\"\" srcset=\"https:\/\/liceum.kard.hlonda.pl\/wp-content\/uploads\/2020\/06\/Zako\u0144czenie-roku-szkolnego-38-300x225.jpg 300w, https:\/\/liceum.kard.hlonda.pl\/wp-content\/uploads\/2020\/06\/Zako\u0144czenie-roku-szkolnego-38-467x350.jpg 467w, https:\/\/liceum.kard.hlonda.pl\/wp-content\/uploads\/2020\/06\/Zako\u0144czenie-roku-szkolnego-38.jpg 675w\" sizes=\"auto, (max-width: 300px) 100vw, 300px\" \/><\/a>\n\t\t\t<\/div><\/figure><figure class='gallery-item'>\n\t\t\t<div class='gallery-icon landscape'>\n\t\t\t\t<a href='https:\/\/liceum.kard.hlonda.pl\/index.php\/2020\/06\/28\/zakonczenie-roku-szkolnego\/zakonczenie-roku-szkolnego-40\/'><img loading=\"lazy\" decoding=\"async\" width=\"300\" height=\"225\" src=\"https:\/\/liceum.kard.hlonda.pl\/wp-content\/uploads\/2020\/06\/Zako\u0144czenie-roku-szkolnego-40-300x225.jpg\" class=\"attachment-medium size-medium\" alt=\"\" srcset=\"https:\/\/liceum.kard.hlonda.pl\/wp-content\/uploads\/2020\/06\/Zako\u0144czenie-roku-szkolnego-40-300x225.jpg 300w, https:\/\/liceum.kard.hlonda.pl\/wp-content\/uploads\/2020\/06\/Zako\u0144czenie-roku-szkolnego-40-467x350.jpg 467w, https:\/\/liceum.kard.hlonda.pl\/wp-content\/uploads\/2020\/06\/Zako\u0144czenie-roku-szkolnego-40.jpg 675w\" sizes=\"auto, (max-width: 300px) 100vw, 300px\" \/><\/a>\n\t\t\t<\/div><\/figure><figure class='gallery-item'>\n\t\t\t<div class='gallery-icon landscape'>\n\t\t\t\t<a href='https:\/\/liceum.kard.hlonda.pl\/index.php\/2020\/06\/28\/zakonczenie-roku-szkolnego\/zakonczenie-roku-szkolnego-41\/'><img loading=\"lazy\" decoding=\"async\" width=\"300\" height=\"225\" src=\"https:\/\/liceum.kard.hlonda.pl\/wp-content\/uploads\/2020\/06\/Zako\u0144czenie-roku-szkolnego-41-300x225.jpg\" class=\"attachment-medium size-medium\" alt=\"\" srcset=\"https:\/\/liceum.kard.hlonda.pl\/wp-content\/uploads\/2020\/06\/Zako\u0144czenie-roku-szkolnego-41-300x225.jpg 300w, https:\/\/liceum.kard.hlonda.pl\/wp-content\/uploads\/2020\/06\/Zako\u0144czenie-roku-szkolnego-41-467x350.jpg 467w, https:\/\/liceum.kard.hlonda.pl\/wp-content\/uploads\/2020\/06\/Zako\u0144czenie-roku-szkolnego-41.jpg 675w\" sizes=\"auto, (max-width: 300px) 100vw, 300px\" \/><\/a>\n\t\t\t<\/div><\/figure><figure class='gallery-item'>\n\t\t\t<div class='gallery-icon landscape'>\n\t\t\t\t<a href='https:\/\/liceum.kard.hlonda.pl\/index.php\/2020\/06\/28\/zakonczenie-roku-szkolnego\/zakonczenie-roku-szkolnego-42\/'><img loading=\"lazy\" decoding=\"async\" width=\"300\" height=\"225\" src=\"https:\/\/liceum.kard.hlonda.pl\/wp-content\/uploads\/2020\/06\/Zako\u0144czenie-roku-szkolnego-42-300x225.jpg\" class=\"attachment-medium size-medium\" alt=\"\" srcset=\"https:\/\/liceum.kard.hlonda.pl\/wp-content\/uploads\/2020\/06\/Zako\u0144czenie-roku-szkolnego-42-300x225.jpg 300w, https:\/\/liceum.kard.hlonda.pl\/wp-content\/uploads\/2020\/06\/Zako\u0144czenie-roku-szkolnego-42-467x350.jpg 467w, https:\/\/liceum.kard.hlonda.pl\/wp-content\/uploads\/2020\/06\/Zako\u0144czenie-roku-szkolnego-42.jpg 675w\" sizes=\"auto, (max-width: 300px) 100vw, 300px\" \/><\/a>\n\t\t\t<\/div><\/figure><figure class='gallery-item'>\n\t\t\t<div class='gallery-icon landscape'>\n\t\t\t\t<a href='https:\/\/liceum.kard.hlonda.pl\/index.php\/2020\/06\/28\/zakonczenie-roku-szkolnego\/zakonczenie-roku-szkolnego-43\/'><img loading=\"lazy\" decoding=\"async\" width=\"300\" height=\"225\" src=\"https:\/\/liceum.kard.hlonda.pl\/wp-content\/uploads\/2020\/06\/Zako\u0144czenie-roku-szkolnego-43-300x225.jpg\" class=\"attachment-medium size-medium\" alt=\"\" srcset=\"https:\/\/liceum.kard.hlonda.pl\/wp-content\/uploads\/2020\/06\/Zako\u0144czenie-roku-szkolnego-43-300x225.jpg 300w, https:\/\/liceum.kard.hlonda.pl\/wp-content\/uploads\/2020\/06\/Zako\u0144czenie-roku-szkolnego-43-467x350.jpg 467w, https:\/\/liceum.kard.hlonda.pl\/wp-content\/uploads\/2020\/06\/Zako\u0144czenie-roku-szkolnego-43.jpg 675w\" sizes=\"auto, (max-width: 300px) 100vw, 300px\" \/><\/a>\n\t\t\t<\/div><\/figure><figure class='gallery-item'>\n\t\t\t<div class='gallery-icon landscape'>\n\t\t\t\t<a href='https:\/\/liceum.kard.hlonda.pl\/index.php\/2020\/06\/28\/zakonczenie-roku-szkolnego\/zakonczenie-roku-szkolnego-44\/'><img loading=\"lazy\" decoding=\"async\" width=\"300\" height=\"225\" src=\"https:\/\/liceum.kard.hlonda.pl\/wp-content\/uploads\/2020\/06\/Zako\u0144czenie-roku-szkolnego-44-300x225.jpg\" class=\"attachment-medium size-medium\" alt=\"\" srcset=\"https:\/\/liceum.kard.hlonda.pl\/wp-content\/uploads\/2020\/06\/Zako\u0144czenie-roku-szkolnego-44-300x225.jpg 300w, https:\/\/liceum.kard.hlonda.pl\/wp-content\/uploads\/2020\/06\/Zako\u0144czenie-roku-szkolnego-44-467x350.jpg 467w, https:\/\/liceum.kard.hlonda.pl\/wp-content\/uploads\/2020\/06\/Zako\u0144czenie-roku-szkolnego-44.jpg 675w\" sizes=\"auto, (max-width: 300px) 100vw, 300px\" \/><\/a>\n\t\t\t<\/div><\/figure><figure class='gallery-item'>\n\t\t\t<div class='gallery-icon landscape'>\n\t\t\t\t<a href='https:\/\/liceum.kard.hlonda.pl\/index.php\/2020\/06\/28\/zakonczenie-roku-szkolnego\/zakonczenie-roku-szkolnego-45\/'><img loading=\"lazy\" decoding=\"async\" width=\"300\" height=\"225\" src=\"https:\/\/liceum.kard.hlonda.pl\/wp-content\/uploads\/2020\/06\/Zako\u0144czenie-roku-szkolnego-45-300x225.jpg\" class=\"attachment-medium size-medium\" alt=\"\" srcset=\"https:\/\/liceum.kard.hlonda.pl\/wp-content\/uploads\/2020\/06\/Zako\u0144czenie-roku-szkolnego-45-300x225.jpg 300w, https:\/\/liceum.kard.hlonda.pl\/wp-content\/uploads\/2020\/06\/Zako\u0144czenie-roku-szkolnego-45-467x350.jpg 467w, https:\/\/liceum.kard.hlonda.pl\/wp-content\/uploads\/2020\/06\/Zako\u0144czenie-roku-szkolnego-45.jpg 675w\" sizes=\"auto, (max-width: 300px) 100vw, 300px\" \/><\/a>\n\t\t\t<\/div><\/figure><figure class='gallery-item'>\n\t\t\t<div class='gallery-icon landscape'>\n\t\t\t\t<a href='https:\/\/liceum.kard.hlonda.pl\/index.php\/2020\/06\/28\/zakonczenie-roku-szkolnego\/zakonczenie-roku-szkolnego-46\/'><img loading=\"lazy\" decoding=\"async\" width=\"300\" height=\"225\" src=\"https:\/\/liceum.kard.hlonda.pl\/wp-content\/uploads\/2020\/06\/Zako\u0144czenie-roku-szkolnego-46-300x225.jpg\" class=\"attachment-medium size-medium\" alt=\"\" srcset=\"https:\/\/liceum.kard.hlonda.pl\/wp-content\/uploads\/2020\/06\/Zako\u0144czenie-roku-szkolnego-46-300x225.jpg 300w, https:\/\/liceum.kard.hlonda.pl\/wp-content\/uploads\/2020\/06\/Zako\u0144czenie-roku-szkolnego-46-467x350.jpg 467w, https:\/\/liceum.kard.hlonda.pl\/wp-content\/uploads\/2020\/06\/Zako\u0144czenie-roku-szkolnego-46.jpg 675w\" sizes=\"auto, (max-width: 300px) 100vw, 300px\" \/><\/a>\n\t\t\t<\/div><\/figure><figure class='gallery-item'>\n\t\t\t<div class='gallery-icon landscape'>\n\t\t\t\t<a href='https:\/\/liceum.kard.hlonda.pl\/index.php\/2020\/06\/28\/zakonczenie-roku-szkolnego\/zakonczenie-roku-szkolnego-47\/'><img loading=\"lazy\" decoding=\"async\" width=\"300\" height=\"225\" src=\"https:\/\/liceum.kard.hlonda.pl\/wp-content\/uploads\/2020\/06\/Zako\u0144czenie-roku-szkolnego-47-300x225.jpg\" class=\"attachment-medium size-medium\" alt=\"\" srcset=\"https:\/\/liceum.kard.hlonda.pl\/wp-content\/uploads\/2020\/06\/Zako\u0144czenie-roku-szkolnego-47-300x225.jpg 300w, https:\/\/liceum.kard.hlonda.pl\/wp-content\/uploads\/2020\/06\/Zako\u0144czenie-roku-szkolnego-47-467x350.jpg 467w, https:\/\/liceum.kard.hlonda.pl\/wp-content\/uploads\/2020\/06\/Zako\u0144czenie-roku-szkolnego-47.jpg 675w\" sizes=\"auto, (max-width: 300px) 100vw, 300px\" \/><\/a>\n\t\t\t<\/div><\/figure><figure class='gallery-item'>\n\t\t\t<div class='gallery-icon landscape'>\n\t\t\t\t<a href='https:\/\/liceum.kard.hlonda.pl\/index.php\/2020\/06\/28\/zakonczenie-roku-szkolnego\/zakonczenie-roku-szkolnego-48\/'><img loading=\"lazy\" decoding=\"async\" width=\"300\" height=\"225\" src=\"https:\/\/liceum.kard.hlonda.pl\/wp-content\/uploads\/2020\/06\/Zako\u0144czenie-roku-szkolnego-48-300x225.jpg\" class=\"attachment-medium size-medium\" alt=\"\" srcset=\"https:\/\/liceum.kard.hlonda.pl\/wp-content\/uploads\/2020\/06\/Zako\u0144czenie-roku-szkolnego-48-300x225.jpg 300w, https:\/\/liceum.kard.hlonda.pl\/wp-content\/uploads\/2020\/06\/Zako\u0144czenie-roku-szkolnego-48-467x350.jpg 467w, https:\/\/liceum.kard.hlonda.pl\/wp-content\/uploads\/2020\/06\/Zako\u0144czenie-roku-szkolnego-48.jpg 675w\" sizes=\"auto, (max-width: 300px) 100vw, 300px\" \/><\/a>\n\t\t\t<\/div><\/figure><figure class='gallery-item'>\n\t\t\t<div class='gallery-icon landscape'>\n\t\t\t\t<a href='https:\/\/liceum.kard.hlonda.pl\/index.php\/2020\/06\/28\/zakonczenie-roku-szkolnego\/zakonczenie-roku-szkolnego-49\/'><img loading=\"lazy\" decoding=\"async\" width=\"300\" height=\"225\" src=\"https:\/\/liceum.kard.hlonda.pl\/wp-content\/uploads\/2020\/06\/Zako\u0144czenie-roku-szkolnego-49-300x225.jpg\" class=\"attachment-medium size-medium\" alt=\"\" srcset=\"https:\/\/liceum.kard.hlonda.pl\/wp-content\/uploads\/2020\/06\/Zako\u0144czenie-roku-szkolnego-49-300x225.jpg 300w, https:\/\/liceum.kard.hlonda.pl\/wp-content\/uploads\/2020\/06\/Zako\u0144czenie-roku-szkolnego-49-467x350.jpg 467w, https:\/\/liceum.kard.hlonda.pl\/wp-content\/uploads\/2020\/06\/Zako\u0144czenie-roku-szkolnego-49.jpg 675w\" sizes=\"auto, (max-width: 300px) 100vw, 300px\" \/><\/a>\n\t\t\t<\/div><\/figure><figure class='gallery-item'>\n\t\t\t<div class='gallery-icon landscape'>\n\t\t\t\t<a href='https:\/\/liceum.kard.hlonda.pl\/index.php\/2020\/06\/28\/zakonczenie-roku-szkolnego\/zakonczenie-roku-szkolnego-50\/'><img loading=\"lazy\" decoding=\"async\" width=\"300\" height=\"225\" src=\"https:\/\/liceum.kard.hlonda.pl\/wp-content\/uploads\/2020\/06\/Zako\u0144czenie-roku-szkolnego-50-300x225.jpg\" class=\"attachment-medium size-medium\" alt=\"\" srcset=\"https:\/\/liceum.kard.hlonda.pl\/wp-content\/uploads\/2020\/06\/Zako\u0144czenie-roku-szkolnego-50-300x225.jpg 300w, https:\/\/liceum.kard.hlonda.pl\/wp-content\/uploads\/2020\/06\/Zako\u0144czenie-roku-szkolnego-50-467x350.jpg 467w, https:\/\/liceum.kard.hlonda.pl\/wp-content\/uploads\/2020\/06\/Zako\u0144czenie-roku-szkolnego-50.jpg 675w\" sizes=\"auto, (max-width: 300px) 100vw, 300px\" \/><\/a>\n\t\t\t<\/div><\/figure><figure class='gallery-item'>\n\t\t\t<div class='gallery-icon landscape'>\n\t\t\t\t<a href='https:\/\/liceum.kard.hlonda.pl\/index.php\/2020\/06\/28\/zakonczenie-roku-szkolnego\/zakonczenie-roku-szkolnego-51\/'><img loading=\"lazy\" decoding=\"async\" width=\"300\" height=\"225\" src=\"https:\/\/liceum.kard.hlonda.pl\/wp-content\/uploads\/2020\/06\/Zako\u0144czenie-roku-szkolnego-51-300x225.jpg\" class=\"attachment-medium size-medium\" alt=\"\" srcset=\"https:\/\/liceum.kard.hlonda.pl\/wp-content\/uploads\/2020\/06\/Zako\u0144czenie-roku-szkolnego-51-300x225.jpg 300w, https:\/\/liceum.kard.hlonda.pl\/wp-content\/uploads\/2020\/06\/Zako\u0144czenie-roku-szkolnego-51-467x350.jpg 467w, https:\/\/liceum.kard.hlonda.pl\/wp-content\/uploads\/2020\/06\/Zako\u0144czenie-roku-szkolnego-51.jpg 675w\" sizes=\"auto, (max-width: 300px) 100vw, 300px\" \/><\/a>\n\t\t\t<\/div><\/figure><figure class='gallery-item'>\n\t\t\t<div class='gallery-icon landscape'>\n\t\t\t\t<a href='https:\/\/liceum.kard.hlonda.pl\/index.php\/2020\/06\/28\/zakonczenie-roku-szkolnego\/zakonczenie-roku-szkolnego-52\/'><img loading=\"lazy\" decoding=\"async\" width=\"300\" height=\"225\" src=\"https:\/\/liceum.kard.hlonda.pl\/wp-content\/uploads\/2020\/06\/Zako\u0144czenie-roku-szkolnego-52-300x225.jpg\" class=\"attachment-medium size-medium\" alt=\"\" srcset=\"https:\/\/liceum.kard.hlonda.pl\/wp-content\/uploads\/2020\/06\/Zako\u0144czenie-roku-szkolnego-52-300x225.jpg 300w, https:\/\/liceum.kard.hlonda.pl\/wp-content\/uploads\/2020\/06\/Zako\u0144czenie-roku-szkolnego-52-467x350.jpg 467w, https:\/\/liceum.kard.hlonda.pl\/wp-content\/uploads\/2020\/06\/Zako\u0144czenie-roku-szkolnego-52.jpg 675w\" sizes=\"auto, (max-width: 300px) 100vw, 300px\" \/><\/a>\n\t\t\t<\/div><\/figure><figure class='gallery-item'>\n\t\t\t<div class='gallery-icon landscape'>\n\t\t\t\t<a href='https:\/\/liceum.kard.hlonda.pl\/index.php\/2020\/06\/28\/zakonczenie-roku-szkolnego\/zakonczenie-roku-szkolnego-53\/'><img loading=\"lazy\" decoding=\"async\" width=\"300\" height=\"225\" src=\"https:\/\/liceum.kard.hlonda.pl\/wp-content\/uploads\/2020\/06\/Zako\u0144czenie-roku-szkolnego-53-300x225.jpg\" class=\"attachment-medium size-medium\" alt=\"\" srcset=\"https:\/\/liceum.kard.hlonda.pl\/wp-content\/uploads\/2020\/06\/Zako\u0144czenie-roku-szkolnego-53-300x225.jpg 300w, https:\/\/liceum.kard.hlonda.pl\/wp-content\/uploads\/2020\/06\/Zako\u0144czenie-roku-szkolnego-53-467x350.jpg 467w, https:\/\/liceum.kard.hlonda.pl\/wp-content\/uploads\/2020\/06\/Zako\u0144czenie-roku-szkolnego-53.jpg 675w\" sizes=\"auto, (max-width: 300px) 100vw, 300px\" \/><\/a>\n\t\t\t<\/div><\/figure><figure class='gallery-item'>\n\t\t\t<div class='gallery-icon landscape'>\n\t\t\t\t<a href='https:\/\/liceum.kard.hlonda.pl\/index.php\/2020\/06\/28\/zakonczenie-roku-szkolnego\/zakonczenie-roku-szkolnego-54\/'><img loading=\"lazy\" decoding=\"async\" width=\"300\" height=\"225\" src=\"https:\/\/liceum.kard.hlonda.pl\/wp-content\/uploads\/2020\/06\/Zako\u0144czenie-roku-szkolnego-54-300x225.jpg\" class=\"attachment-medium size-medium\" alt=\"\" srcset=\"https:\/\/liceum.kard.hlonda.pl\/wp-content\/uploads\/2020\/06\/Zako\u0144czenie-roku-szkolnego-54-300x225.jpg 300w, https:\/\/liceum.kard.hlonda.pl\/wp-content\/uploads\/2020\/06\/Zako\u0144czenie-roku-szkolnego-54-467x350.jpg 467w, https:\/\/liceum.kard.hlonda.pl\/wp-content\/uploads\/2020\/06\/Zako\u0144czenie-roku-szkolnego-54.jpg 675w\" sizes=\"auto, (max-width: 300px) 100vw, 300px\" \/><\/a>\n\t\t\t<\/div><\/figure><figure class='gallery-item'>\n\t\t\t<div class='gallery-icon landscape'>\n\t\t\t\t<a href='https:\/\/liceum.kard.hlonda.pl\/index.php\/2020\/06\/28\/zakonczenie-roku-szkolnego\/zakonczenie-roku-szkolnego-55\/'><img loading=\"lazy\" decoding=\"async\" width=\"300\" height=\"225\" src=\"https:\/\/liceum.kard.hlonda.pl\/wp-content\/uploads\/2020\/06\/Zako\u0144czenie-roku-szkolnego-55-300x225.jpg\" class=\"attachment-medium size-medium\" alt=\"\" srcset=\"https:\/\/liceum.kard.hlonda.pl\/wp-content\/uploads\/2020\/06\/Zako\u0144czenie-roku-szkolnego-55-300x225.jpg 300w, https:\/\/liceum.kard.hlonda.pl\/wp-content\/uploads\/2020\/06\/Zako\u0144czenie-roku-szkolnego-55-467x350.jpg 467w, https:\/\/liceum.kard.hlonda.pl\/wp-content\/uploads\/2020\/06\/Zako\u0144czenie-roku-szkolnego-55.jpg 675w\" sizes=\"auto, (max-width: 300px) 100vw, 300px\" \/><\/a>\n\t\t\t<\/div><\/figure><figure class='gallery-item'>\n\t\t\t<div class='gallery-icon landscape'>\n\t\t\t\t<a href='https:\/\/liceum.kard.hlonda.pl\/index.php\/2020\/06\/28\/zakonczenie-roku-szkolnego\/zakonczenie-roku-szkolnego-56\/'><img loading=\"lazy\" decoding=\"async\" width=\"300\" height=\"225\" src=\"https:\/\/liceum.kard.hlonda.pl\/wp-content\/uploads\/2020\/06\/Zako\u0144czenie-roku-szkolnego-56-300x225.jpg\" class=\"attachment-medium size-medium\" alt=\"\" srcset=\"https:\/\/liceum.kard.hlonda.pl\/wp-content\/uploads\/2020\/06\/Zako\u0144czenie-roku-szkolnego-56-300x225.jpg 300w, https:\/\/liceum.kard.hlonda.pl\/wp-content\/uploads\/2020\/06\/Zako\u0144czenie-roku-szkolnego-56-467x350.jpg 467w, https:\/\/liceum.kard.hlonda.pl\/wp-content\/uploads\/2020\/06\/Zako\u0144czenie-roku-szkolnego-56.jpg 675w\" sizes=\"auto, (max-width: 300px) 100vw, 300px\" \/><\/a>\n\t\t\t<\/div><\/figure><figure class='gallery-item'>\n\t\t\t<div class='gallery-icon landscape'>\n\t\t\t\t<a href='https:\/\/liceum.kard.hlonda.pl\/index.php\/2020\/06\/28\/zakonczenie-roku-szkolnego\/zakonczenie-roku-szkolnego-57\/'><img loading=\"lazy\" decoding=\"async\" width=\"300\" height=\"225\" src=\"https:\/\/liceum.kard.hlonda.pl\/wp-content\/uploads\/2020\/06\/Zako\u0144czenie-roku-szkolnego-57-300x225.jpg\" class=\"attachment-medium size-medium\" alt=\"\" srcset=\"https:\/\/liceum.kard.hlonda.pl\/wp-content\/uploads\/2020\/06\/Zako\u0144czenie-roku-szkolnego-57-300x225.jpg 300w, https:\/\/liceum.kard.hlonda.pl\/wp-content\/uploads\/2020\/06\/Zako\u0144czenie-roku-szkolnego-57-467x350.jpg 467w, https:\/\/liceum.kard.hlonda.pl\/wp-content\/uploads\/2020\/06\/Zako\u0144czenie-roku-szkolnego-57.jpg 675w\" sizes=\"auto, (max-width: 300px) 100vw, 300px\" \/><\/a>\n\t\t\t<\/div><\/figure><figure class='gallery-item'>\n\t\t\t<div class='gallery-icon landscape'>\n\t\t\t\t<a href='https:\/\/liceum.kard.hlonda.pl\/index.php\/2020\/06\/28\/zakonczenie-roku-szkolnego\/zakonczenie-roku-szkolnego-58\/'><img loading=\"lazy\" decoding=\"async\" width=\"300\" height=\"225\" src=\"https:\/\/liceum.kard.hlonda.pl\/wp-content\/uploads\/2020\/06\/Zako\u0144czenie-roku-szkolnego-58-300x225.jpg\" class=\"attachment-medium size-medium\" alt=\"\" srcset=\"https:\/\/liceum.kard.hlonda.pl\/wp-content\/uploads\/2020\/06\/Zako\u0144czenie-roku-szkolnego-58-300x225.jpg 300w, https:\/\/liceum.kard.hlonda.pl\/wp-content\/uploads\/2020\/06\/Zako\u0144czenie-roku-szkolnego-58-467x350.jpg 467w, https:\/\/liceum.kard.hlonda.pl\/wp-content\/uploads\/2020\/06\/Zako\u0144czenie-roku-szkolnego-58.jpg 675w\" sizes=\"auto, (max-width: 300px) 100vw, 300px\" \/><\/a>\n\t\t\t<\/div><\/figure><figure class='gallery-item'>\n\t\t\t<div class='gallery-icon landscape'>\n\t\t\t\t<a href='https:\/\/liceum.kard.hlonda.pl\/index.php\/2020\/06\/28\/zakonczenie-roku-szkolnego\/zakonczenie-roku-szkolnego-59\/'><img loading=\"lazy\" decoding=\"async\" width=\"300\" height=\"225\" src=\"https:\/\/liceum.kard.hlonda.pl\/wp-content\/uploads\/2020\/06\/Zako\u0144czenie-roku-szkolnego-59-300x225.jpg\" class=\"attachment-medium size-medium\" alt=\"\" srcset=\"https:\/\/liceum.kard.hlonda.pl\/wp-content\/uploads\/2020\/06\/Zako\u0144czenie-roku-szkolnego-59-300x225.jpg 300w, https:\/\/liceum.kard.hlonda.pl\/wp-content\/uploads\/2020\/06\/Zako\u0144czenie-roku-szkolnego-59-467x350.jpg 467w, https:\/\/liceum.kard.hlonda.pl\/wp-content\/uploads\/2020\/06\/Zako\u0144czenie-roku-szkolnego-59.jpg 675w\" sizes=\"auto, (max-width: 300px) 100vw, 300px\" \/><\/a>\n\t\t\t<\/div><\/figure><figure class='gallery-item'>\n\t\t\t<div class='gallery-icon landscape'>\n\t\t\t\t<a href='https:\/\/liceum.kard.hlonda.pl\/index.php\/2020\/06\/28\/zakonczenie-roku-szkolnego\/zakonczenie-roku-szkolnego-60\/'><img loading=\"lazy\" decoding=\"async\" width=\"300\" height=\"225\" src=\"https:\/\/liceum.kard.hlonda.pl\/wp-content\/uploads\/2020\/06\/Zako\u0144czenie-roku-szkolnego-60-300x225.jpg\" class=\"attachment-medium size-medium\" alt=\"\" srcset=\"https:\/\/liceum.kard.hlonda.pl\/wp-content\/uploads\/2020\/06\/Zako\u0144czenie-roku-szkolnego-60-300x225.jpg 300w, https:\/\/liceum.kard.hlonda.pl\/wp-content\/uploads\/2020\/06\/Zako\u0144czenie-roku-szkolnego-60-467x350.jpg 467w, https:\/\/liceum.kard.hlonda.pl\/wp-content\/uploads\/2020\/06\/Zako\u0144czenie-roku-szkolnego-60.jpg 675w\" sizes=\"auto, (max-width: 300px) 100vw, 300px\" \/><\/a>\n\t\t\t<\/div><\/figure><figure class='gallery-item'>\n\t\t\t<div class='gallery-icon landscape'>\n\t\t\t\t<a href='https:\/\/liceum.kard.hlonda.pl\/index.php\/2020\/06\/28\/zakonczenie-roku-szkolnego\/zakonczenie-roku-szkolnego-61\/'><img loading=\"lazy\" decoding=\"async\" width=\"300\" height=\"225\" src=\"https:\/\/liceum.kard.hlonda.pl\/wp-content\/uploads\/2020\/06\/Zako\u0144czenie-roku-szkolnego-61-300x225.jpg\" class=\"attachment-medium size-medium\" alt=\"\" srcset=\"https:\/\/liceum.kard.hlonda.pl\/wp-content\/uploads\/2020\/06\/Zako\u0144czenie-roku-szkolnego-61-300x225.jpg 300w, https:\/\/liceum.kard.hlonda.pl\/wp-content\/uploads\/2020\/06\/Zako\u0144czenie-roku-szkolnego-61-467x350.jpg 467w, https:\/\/liceum.kard.hlonda.pl\/wp-content\/uploads\/2020\/06\/Zako\u0144czenie-roku-szkolnego-61.jpg 675w\" sizes=\"auto, (max-width: 300px) 100vw, 300px\" \/><\/a>\n\t\t\t<\/div><\/figure><figure class='gallery-item'>\n\t\t\t<div class='gallery-icon landscape'>\n\t\t\t\t<a href='https:\/\/liceum.kard.hlonda.pl\/index.php\/2020\/06\/28\/zakonczenie-roku-szkolnego\/zakonczenie-roku-szkolnego-62\/'><img loading=\"lazy\" decoding=\"async\" width=\"300\" height=\"225\" src=\"https:\/\/liceum.kard.hlonda.pl\/wp-content\/uploads\/2020\/06\/Zako\u0144czenie-roku-szkolnego-62-300x225.jpg\" class=\"attachment-medium size-medium\" alt=\"\" srcset=\"https:\/\/liceum.kard.hlonda.pl\/wp-content\/uploads\/2020\/06\/Zako\u0144czenie-roku-szkolnego-62-300x225.jpg 300w, https:\/\/liceum.kard.hlonda.pl\/wp-content\/uploads\/2020\/06\/Zako\u0144czenie-roku-szkolnego-62-467x350.jpg 467w, https:\/\/liceum.kard.hlonda.pl\/wp-content\/uploads\/2020\/06\/Zako\u0144czenie-roku-szkolnego-62.jpg 675w\" sizes=\"auto, (max-width: 300px) 100vw, 300px\" \/><\/a>\n\t\t\t<\/div><\/figure><figure class='gallery-item'>\n\t\t\t<div class='gallery-icon landscape'>\n\t\t\t\t<a href='https:\/\/liceum.kard.hlonda.pl\/index.php\/2020\/06\/28\/zakonczenie-roku-szkolnego\/zakonczenie-roku-szkolnego-63\/'><img loading=\"lazy\" decoding=\"async\" width=\"300\" height=\"225\" src=\"https:\/\/liceum.kard.hlonda.pl\/wp-content\/uploads\/2020\/06\/Zako\u0144czenie-roku-szkolnego-63-300x225.jpg\" class=\"attachment-medium size-medium\" alt=\"\" srcset=\"https:\/\/liceum.kard.hlonda.pl\/wp-content\/uploads\/2020\/06\/Zako\u0144czenie-roku-szkolnego-63-300x225.jpg 300w, https:\/\/liceum.kard.hlonda.pl\/wp-content\/uploads\/2020\/06\/Zako\u0144czenie-roku-szkolnego-63-467x350.jpg 467w, https:\/\/liceum.kard.hlonda.pl\/wp-content\/uploads\/2020\/06\/Zako\u0144czenie-roku-szkolnego-63.jpg 675w\" sizes=\"auto, (max-width: 300px) 100vw, 300px\" \/><\/a>\n\t\t\t<\/div><\/figure><figure class='gallery-item'>\n\t\t\t<div class='gallery-icon landscape'>\n\t\t\t\t<a href='https:\/\/liceum.kard.hlonda.pl\/index.php\/2020\/06\/28\/zakonczenie-roku-szkolnego\/zakonczenie-roku-szkolnego-64\/'><img loading=\"lazy\" decoding=\"async\" width=\"300\" height=\"225\" src=\"https:\/\/liceum.kard.hlonda.pl\/wp-content\/uploads\/2020\/06\/Zako\u0144czenie-roku-szkolnego-64-300x225.jpg\" class=\"attachment-medium size-medium\" alt=\"\" srcset=\"https:\/\/liceum.kard.hlonda.pl\/wp-content\/uploads\/2020\/06\/Zako\u0144czenie-roku-szkolnego-64-300x225.jpg 300w, https:\/\/liceum.kard.hlonda.pl\/wp-content\/uploads\/2020\/06\/Zako\u0144czenie-roku-szkolnego-64-467x350.jpg 467w, https:\/\/liceum.kard.hlonda.pl\/wp-content\/uploads\/2020\/06\/Zako\u0144czenie-roku-szkolnego-64.jpg 675w\" sizes=\"auto, (max-width: 300px) 100vw, 300px\" \/><\/a>\n\t\t\t<\/div><\/figure><figure class='gallery-item'>\n\t\t\t<div class='gallery-icon landscape'>\n\t\t\t\t<a href='https:\/\/liceum.kard.hlonda.pl\/index.php\/2020\/06\/28\/zakonczenie-roku-szkolnego\/zakonczenie-roku-szkolnego-65\/'><img loading=\"lazy\" decoding=\"async\" width=\"300\" height=\"225\" src=\"https:\/\/liceum.kard.hlonda.pl\/wp-content\/uploads\/2020\/06\/Zako\u0144czenie-roku-szkolnego-65-300x225.jpg\" class=\"attachment-medium size-medium\" alt=\"\" srcset=\"https:\/\/liceum.kard.hlonda.pl\/wp-content\/uploads\/2020\/06\/Zako\u0144czenie-roku-szkolnego-65-300x225.jpg 300w, https:\/\/liceum.kard.hlonda.pl\/wp-content\/uploads\/2020\/06\/Zako\u0144czenie-roku-szkolnego-65-467x350.jpg 467w, https:\/\/liceum.kard.hlonda.pl\/wp-content\/uploads\/2020\/06\/Zako\u0144czenie-roku-szkolnego-65.jpg 675w\" sizes=\"auto, (max-width: 300px) 100vw, 300px\" \/><\/a>\n\t\t\t<\/div><\/figure><figure class='gallery-item'>\n\t\t\t<div class='gallery-icon landscape'>\n\t\t\t\t<a href='https:\/\/liceum.kard.hlonda.pl\/index.php\/2020\/06\/28\/zakonczenie-roku-szkolnego\/zakonczenie-roku-szkolnego-66\/'><img loading=\"lazy\" decoding=\"async\" width=\"300\" height=\"225\" src=\"https:\/\/liceum.kard.hlonda.pl\/wp-content\/uploads\/2020\/06\/Zako\u0144czenie-roku-szkolnego-66-300x225.jpg\" class=\"attachment-medium size-medium\" alt=\"\" srcset=\"https:\/\/liceum.kard.hlonda.pl\/wp-content\/uploads\/2020\/06\/Zako\u0144czenie-roku-szkolnego-66-300x225.jpg 300w, https:\/\/liceum.kard.hlonda.pl\/wp-content\/uploads\/2020\/06\/Zako\u0144czenie-roku-szkolnego-66-467x350.jpg 467w, https:\/\/liceum.kard.hlonda.pl\/wp-content\/uploads\/2020\/06\/Zako\u0144czenie-roku-szkolnego-66.jpg 675w\" sizes=\"auto, (max-width: 300px) 100vw, 300px\" \/><\/a>\n\t\t\t<\/div><\/figure><figure class='gallery-item'>\n\t\t\t<div class='gallery-icon landscape'>\n\t\t\t\t<a href='https:\/\/liceum.kard.hlonda.pl\/index.php\/2020\/06\/28\/zakonczenie-roku-szkolnego\/zakonczenie-roku-szkolnego-67\/'><img loading=\"lazy\" decoding=\"async\" width=\"300\" height=\"225\" src=\"https:\/\/liceum.kard.hlonda.pl\/wp-content\/uploads\/2020\/06\/Zako\u0144czenie-roku-szkolnego-67-300x225.jpg\" class=\"attachment-medium size-medium\" alt=\"\" srcset=\"https:\/\/liceum.kard.hlonda.pl\/wp-content\/uploads\/2020\/06\/Zako\u0144czenie-roku-szkolnego-67-300x225.jpg 300w, https:\/\/liceum.kard.hlonda.pl\/wp-content\/uploads\/2020\/06\/Zako\u0144czenie-roku-szkolnego-67-467x350.jpg 467w, https:\/\/liceum.kard.hlonda.pl\/wp-content\/uploads\/2020\/06\/Zako\u0144czenie-roku-szkolnego-67.jpg 675w\" sizes=\"auto, (max-width: 300px) 100vw, 300px\" \/><\/a>\n\t\t\t<\/div><\/figure><figure class='gallery-item'>\n\t\t\t<div class='gallery-icon landscape'>\n\t\t\t\t<a href='https:\/\/liceum.kard.hlonda.pl\/index.php\/2020\/06\/28\/zakonczenie-roku-szkolnego\/zakonczenie-roku-szkolnego-68\/'><img loading=\"lazy\" decoding=\"async\" width=\"300\" height=\"225\" src=\"https:\/\/liceum.kard.hlonda.pl\/wp-content\/uploads\/2020\/06\/Zako\u0144czenie-roku-szkolnego-68-300x225.jpg\" class=\"attachment-medium size-medium\" alt=\"\" srcset=\"https:\/\/liceum.kard.hlonda.pl\/wp-content\/uploads\/2020\/06\/Zako\u0144czenie-roku-szkolnego-68-300x225.jpg 300w, https:\/\/liceum.kard.hlonda.pl\/wp-content\/uploads\/2020\/06\/Zako\u0144czenie-roku-szkolnego-68-467x350.jpg 467w, https:\/\/liceum.kard.hlonda.pl\/wp-content\/uploads\/2020\/06\/Zako\u0144czenie-roku-szkolnego-68.jpg 675w\" sizes=\"auto, (max-width: 300px) 100vw, 300px\" \/><\/a>\n\t\t\t<\/div><\/figure><figure class='gallery-item'>\n\t\t\t<div class='gallery-icon landscape'>\n\t\t\t\t<a href='https:\/\/liceum.kard.hlonda.pl\/index.php\/2020\/06\/28\/zakonczenie-roku-szkolnego\/zakonczenie-roku-szkolnego-69\/'><img loading=\"lazy\" decoding=\"async\" width=\"300\" height=\"225\" src=\"https:\/\/liceum.kard.hlonda.pl\/wp-content\/uploads\/2020\/06\/Zako\u0144czenie-roku-szkolnego-69-300x225.jpg\" class=\"attachment-medium size-medium\" alt=\"\" srcset=\"https:\/\/liceum.kard.hlonda.pl\/wp-content\/uploads\/2020\/06\/Zako\u0144czenie-roku-szkolnego-69-300x225.jpg 300w, https:\/\/liceum.kard.hlonda.pl\/wp-content\/uploads\/2020\/06\/Zako\u0144czenie-roku-szkolnego-69-467x350.jpg 467w, https:\/\/liceum.kard.hlonda.pl\/wp-content\/uploads\/2020\/06\/Zako\u0144czenie-roku-szkolnego-69.jpg 675w\" sizes=\"auto, (max-width: 300px) 100vw, 300px\" \/><\/a>\n\t\t\t<\/div><\/figure><figure class='gallery-item'>\n\t\t\t<div class='gallery-icon landscape'>\n\t\t\t\t<a href='https:\/\/liceum.kard.hlonda.pl\/index.php\/2020\/06\/28\/zakonczenie-roku-szkolnego\/zakonczenie-roku-szkolnego-70\/'><img loading=\"lazy\" decoding=\"async\" width=\"300\" height=\"225\" src=\"https:\/\/liceum.kard.hlonda.pl\/wp-content\/uploads\/2020\/06\/Zako\u0144czenie-roku-szkolnego-70-300x225.jpg\" class=\"attachment-medium size-medium\" alt=\"\" srcset=\"https:\/\/liceum.kard.hlonda.pl\/wp-content\/uploads\/2020\/06\/Zako\u0144czenie-roku-szkolnego-70-300x225.jpg 300w, https:\/\/liceum.kard.hlonda.pl\/wp-content\/uploads\/2020\/06\/Zako\u0144czenie-roku-szkolnego-70-467x350.jpg 467w, https:\/\/liceum.kard.hlonda.pl\/wp-content\/uploads\/2020\/06\/Zako\u0144czenie-roku-szkolnego-70.jpg 675w\" sizes=\"auto, (max-width: 300px) 100vw, 300px\" \/><\/a>\n\t\t\t<\/div><\/figure><figure class='gallery-item'>\n\t\t\t<div class='gallery-icon landscape'>\n\t\t\t\t<a href='https:\/\/liceum.kard.hlonda.pl\/index.php\/2020\/06\/28\/zakonczenie-roku-szkolnego\/zakonczenie-roku-szkolnego-71\/'><img loading=\"lazy\" decoding=\"async\" width=\"300\" height=\"225\" src=\"https:\/\/liceum.kard.hlonda.pl\/wp-content\/uploads\/2020\/06\/Zako\u0144czenie-roku-szkolnego-71-300x225.jpg\" class=\"attachment-medium size-medium\" alt=\"\" srcset=\"https:\/\/liceum.kard.hlonda.pl\/wp-content\/uploads\/2020\/06\/Zako\u0144czenie-roku-szkolnego-71-300x225.jpg 300w, https:\/\/liceum.kard.hlonda.pl\/wp-content\/uploads\/2020\/06\/Zako\u0144czenie-roku-szkolnego-71-467x350.jpg 467w, https:\/\/liceum.kard.hlonda.pl\/wp-content\/uploads\/2020\/06\/Zako\u0144czenie-roku-szkolnego-71.jpg 675w\" sizes=\"auto, (max-width: 300px) 100vw, 300px\" \/><\/a>\n\t\t\t<\/div><\/figure><figure class='gallery-item'>\n\t\t\t<div class='gallery-icon landscape'>\n\t\t\t\t<a href='https:\/\/liceum.kard.hlonda.pl\/index.php\/2020\/06\/28\/zakonczenie-roku-szkolnego\/zakonczenie-roku-szkolnego-72\/'><img loading=\"lazy\" decoding=\"async\" width=\"300\" height=\"225\" src=\"https:\/\/liceum.kard.hlonda.pl\/wp-content\/uploads\/2020\/06\/Zako\u0144czenie-roku-szkolnego-72-300x225.jpg\" class=\"attachment-medium size-medium\" alt=\"\" srcset=\"https:\/\/liceum.kard.hlonda.pl\/wp-content\/uploads\/2020\/06\/Zako\u0144czenie-roku-szkolnego-72-300x225.jpg 300w, https:\/\/liceum.kard.hlonda.pl\/wp-content\/uploads\/2020\/06\/Zako\u0144czenie-roku-szkolnego-72-467x350.jpg 467w, https:\/\/liceum.kard.hlonda.pl\/wp-content\/uploads\/2020\/06\/Zako\u0144czenie-roku-szkolnego-72.jpg 675w\" sizes=\"auto, (max-width: 300px) 100vw, 300px\" \/><\/a>\n\t\t\t<\/div><\/figure><figure class='gallery-item'>\n\t\t\t<div class='gallery-icon landscape'>\n\t\t\t\t<a href='https:\/\/liceum.kard.hlonda.pl\/index.php\/2020\/06\/28\/zakonczenie-roku-szkolnego\/zakonczenie-roku-szkolnego-73\/'><img loading=\"lazy\" decoding=\"async\" width=\"300\" height=\"225\" src=\"https:\/\/liceum.kard.hlonda.pl\/wp-content\/uploads\/2020\/06\/Zako\u0144czenie-roku-szkolnego-73-300x225.jpg\" class=\"attachment-medium size-medium\" alt=\"\" srcset=\"https:\/\/liceum.kard.hlonda.pl\/wp-content\/uploads\/2020\/06\/Zako\u0144czenie-roku-szkolnego-73-300x225.jpg 300w, https:\/\/liceum.kard.hlonda.pl\/wp-content\/uploads\/2020\/06\/Zako\u0144czenie-roku-szkolnego-73-467x350.jpg 467w, https:\/\/liceum.kard.hlonda.pl\/wp-content\/uploads\/2020\/06\/Zako\u0144czenie-roku-szkolnego-73.jpg 675w\" sizes=\"auto, (max-width: 300px) 100vw, 300px\" \/><\/a>\n\t\t\t<\/div><\/figure><figure class='gallery-item'>\n\t\t\t<div class='gallery-icon landscape'>\n\t\t\t\t<a href='https:\/\/liceum.kard.hlonda.pl\/index.php\/2020\/06\/28\/zakonczenie-roku-szkolnego\/zakonczenie-roku-szkolnego-74\/'><img loading=\"lazy\" decoding=\"async\" width=\"300\" height=\"225\" src=\"https:\/\/liceum.kard.hlonda.pl\/wp-content\/uploads\/2020\/06\/Zako\u0144czenie-roku-szkolnego-74-300x225.jpg\" class=\"attachment-medium size-medium\" alt=\"\" srcset=\"https:\/\/liceum.kard.hlonda.pl\/wp-content\/uploads\/2020\/06\/Zako\u0144czenie-roku-szkolnego-74-300x225.jpg 300w, https:\/\/liceum.kard.hlonda.pl\/wp-content\/uploads\/2020\/06\/Zako\u0144czenie-roku-szkolnego-74-467x350.jpg 467w, https:\/\/liceum.kard.hlonda.pl\/wp-content\/uploads\/2020\/06\/Zako\u0144czenie-roku-szkolnego-74.jpg 675w\" sizes=\"auto, (max-width: 300px) 100vw, 300px\" \/><\/a>\n\t\t\t<\/div><\/figure><figure class='gallery-item'>\n\t\t\t<div class='gallery-icon landscape'>\n\t\t\t\t<a href='https:\/\/liceum.kard.hlonda.pl\/index.php\/2020\/06\/28\/zakonczenie-roku-szkolnego\/zakonczenie-roku-szkolnego-75\/'><img loading=\"lazy\" decoding=\"async\" width=\"300\" height=\"225\" src=\"https:\/\/liceum.kard.hlonda.pl\/wp-content\/uploads\/2020\/06\/Zako\u0144czenie-roku-szkolnego-75-300x225.jpg\" class=\"attachment-medium size-medium\" alt=\"\" srcset=\"https:\/\/liceum.kard.hlonda.pl\/wp-content\/uploads\/2020\/06\/Zako\u0144czenie-roku-szkolnego-75-300x225.jpg 300w, https:\/\/liceum.kard.hlonda.pl\/wp-content\/uploads\/2020\/06\/Zako\u0144czenie-roku-szkolnego-75-467x350.jpg 467w, https:\/\/liceum.kard.hlonda.pl\/wp-content\/uploads\/2020\/06\/Zako\u0144czenie-roku-szkolnego-75.jpg 675w\" sizes=\"auto, (max-width: 300px) 100vw, 300px\" \/><\/a>\n\t\t\t<\/div><\/figure><figure class='gallery-item'>\n\t\t\t<div class='gallery-icon landscape'>\n\t\t\t\t<a href='https:\/\/liceum.kard.hlonda.pl\/index.php\/2020\/06\/28\/zakonczenie-roku-szkolnego\/zakonczenie-roku-szkolnego-76\/'><img loading=\"lazy\" decoding=\"async\" width=\"300\" height=\"225\" src=\"https:\/\/liceum.kard.hlonda.pl\/wp-content\/uploads\/2020\/06\/Zako\u0144czenie-roku-szkolnego-76-300x225.jpg\" class=\"attachment-medium size-medium\" alt=\"\" srcset=\"https:\/\/liceum.kard.hlonda.pl\/wp-content\/uploads\/2020\/06\/Zako\u0144czenie-roku-szkolnego-76-300x225.jpg 300w, https:\/\/liceum.kard.hlonda.pl\/wp-content\/uploads\/2020\/06\/Zako\u0144czenie-roku-szkolnego-76-467x350.jpg 467w, https:\/\/liceum.kard.hlonda.pl\/wp-content\/uploads\/2020\/06\/Zako\u0144czenie-roku-szkolnego-76.jpg 675w\" sizes=\"auto, (max-width: 300px) 100vw, 300px\" \/><\/a>\n\t\t\t<\/div><\/figure><figure class='gallery-item'>\n\t\t\t<div class='gallery-icon landscape'>\n\t\t\t\t<a href='https:\/\/liceum.kard.hlonda.pl\/index.php\/2020\/06\/28\/zakonczenie-roku-szkolnego\/zakonczenie-roku-szkolnego-77\/'><img loading=\"lazy\" decoding=\"async\" width=\"300\" height=\"225\" src=\"https:\/\/liceum.kard.hlonda.pl\/wp-content\/uploads\/2020\/06\/Zako\u0144czenie-roku-szkolnego-77-300x225.jpg\" class=\"attachment-medium size-medium\" alt=\"\" srcset=\"https:\/\/liceum.kard.hlonda.pl\/wp-content\/uploads\/2020\/06\/Zako\u0144czenie-roku-szkolnego-77-300x225.jpg 300w, https:\/\/liceum.kard.hlonda.pl\/wp-content\/uploads\/2020\/06\/Zako\u0144czenie-roku-szkolnego-77-467x350.jpg 467w, https:\/\/liceum.kard.hlonda.pl\/wp-content\/uploads\/2020\/06\/Zako\u0144czenie-roku-szkolnego-77.jpg 675w\" sizes=\"auto, (max-width: 300px) 100vw, 300px\" \/><\/a>\n\t\t\t<\/div><\/figure><figure class='gallery-item'>\n\t\t\t<div class='gallery-icon landscape'>\n\t\t\t\t<a href='https:\/\/liceum.kard.hlonda.pl\/index.php\/2020\/06\/28\/zakonczenie-roku-szkolnego\/zakonczenie-roku-szkolnego-78\/'><img loading=\"lazy\" decoding=\"async\" width=\"300\" height=\"225\" src=\"https:\/\/liceum.kard.hlonda.pl\/wp-content\/uploads\/2020\/06\/Zako\u0144czenie-roku-szkolnego-78-300x225.jpg\" class=\"attachment-medium size-medium\" alt=\"\" srcset=\"https:\/\/liceum.kard.hlonda.pl\/wp-content\/uploads\/2020\/06\/Zako\u0144czenie-roku-szkolnego-78-300x225.jpg 300w, https:\/\/liceum.kard.hlonda.pl\/wp-content\/uploads\/2020\/06\/Zako\u0144czenie-roku-szkolnego-78-467x350.jpg 467w, https:\/\/liceum.kard.hlonda.pl\/wp-content\/uploads\/2020\/06\/Zako\u0144czenie-roku-szkolnego-78.jpg 675w\" sizes=\"auto, (max-width: 300px) 100vw, 300px\" \/><\/a>\n\t\t\t<\/div><\/figure><figure class='gallery-item'>\n\t\t\t<div class='gallery-icon landscape'>\n\t\t\t\t<a href='https:\/\/liceum.kard.hlonda.pl\/index.php\/2020\/06\/28\/zakonczenie-roku-szkolnego\/zakonczenie-roku-szkolnego-79\/'><img loading=\"lazy\" decoding=\"async\" width=\"300\" height=\"225\" src=\"https:\/\/liceum.kard.hlonda.pl\/wp-content\/uploads\/2020\/06\/Zako\u0144czenie-roku-szkolnego-79-300x225.jpg\" class=\"attachment-medium size-medium\" alt=\"\" srcset=\"https:\/\/liceum.kard.hlonda.pl\/wp-content\/uploads\/2020\/06\/Zako\u0144czenie-roku-szkolnego-79-300x225.jpg 300w, https:\/\/liceum.kard.hlonda.pl\/wp-content\/uploads\/2020\/06\/Zako\u0144czenie-roku-szkolnego-79-467x350.jpg 467w, https:\/\/liceum.kard.hlonda.pl\/wp-content\/uploads\/2020\/06\/Zako\u0144czenie-roku-szkolnego-79.jpg 675w\" sizes=\"auto, (max-width: 300px) 100vw, 300px\" \/><\/a>\n\t\t\t<\/div><\/figure><figure class='gallery-item'>\n\t\t\t<div class='gallery-icon landscape'>\n\t\t\t\t<a href='https:\/\/liceum.kard.hlonda.pl\/index.php\/2020\/06\/28\/zakonczenie-roku-szkolnego\/zakonczenie-roku-szkolnego-80\/'><img loading=\"lazy\" decoding=\"async\" width=\"300\" height=\"225\" src=\"https:\/\/liceum.kard.hlonda.pl\/wp-content\/uploads\/2020\/06\/Zako\u0144czenie-roku-szkolnego-80-300x225.jpg\" class=\"attachment-medium size-medium\" alt=\"\" srcset=\"https:\/\/liceum.kard.hlonda.pl\/wp-content\/uploads\/2020\/06\/Zako\u0144czenie-roku-szkolnego-80-300x225.jpg 300w, https:\/\/liceum.kard.hlonda.pl\/wp-content\/uploads\/2020\/06\/Zako\u0144czenie-roku-szkolnego-80-467x350.jpg 467w, https:\/\/liceum.kard.hlonda.pl\/wp-content\/uploads\/2020\/06\/Zako\u0144czenie-roku-szkolnego-80.jpg 675w\" sizes=\"auto, (max-width: 300px) 100vw, 300px\" \/><\/a>\n\t\t\t<\/div><\/figure><figure class='gallery-item'>\n\t\t\t<div class='gallery-icon landscape'>\n\t\t\t\t<a href='https:\/\/liceum.kard.hlonda.pl\/index.php\/2020\/06\/28\/zakonczenie-roku-szkolnego\/zakonczenie-roku-szkolnego-81\/'><img loading=\"lazy\" decoding=\"async\" width=\"300\" height=\"225\" src=\"https:\/\/liceum.kard.hlonda.pl\/wp-content\/uploads\/2020\/06\/Zako\u0144czenie-roku-szkolnego-81-300x225.jpg\" class=\"attachment-medium size-medium\" alt=\"\" srcset=\"https:\/\/liceum.kard.hlonda.pl\/wp-content\/uploads\/2020\/06\/Zako\u0144czenie-roku-szkolnego-81-300x225.jpg 300w, https:\/\/liceum.kard.hlonda.pl\/wp-content\/uploads\/2020\/06\/Zako\u0144czenie-roku-szkolnego-81-467x350.jpg 467w, https:\/\/liceum.kard.hlonda.pl\/wp-content\/uploads\/2020\/06\/Zako\u0144czenie-roku-szkolnego-81.jpg 675w\" sizes=\"auto, (max-width: 300px) 100vw, 300px\" \/><\/a>\n\t\t\t<\/div><\/figure><figure class='gallery-item'>\n\t\t\t<div class='gallery-icon landscape'>\n\t\t\t\t<a href='https:\/\/liceum.kard.hlonda.pl\/index.php\/2020\/06\/28\/zakonczenie-roku-szkolnego\/zakonczenie-roku-szkolnego-82\/'><img loading=\"lazy\" decoding=\"async\" width=\"300\" height=\"225\" src=\"https:\/\/liceum.kard.hlonda.pl\/wp-content\/uploads\/2020\/06\/Zako\u0144czenie-roku-szkolnego-82-300x225.jpg\" class=\"attachment-medium size-medium\" alt=\"\" srcset=\"https:\/\/liceum.kard.hlonda.pl\/wp-content\/uploads\/2020\/06\/Zako\u0144czenie-roku-szkolnego-82-300x225.jpg 300w, https:\/\/liceum.kard.hlonda.pl\/wp-content\/uploads\/2020\/06\/Zako\u0144czenie-roku-szkolnego-82-467x350.jpg 467w, https:\/\/liceum.kard.hlonda.pl\/wp-content\/uploads\/2020\/06\/Zako\u0144czenie-roku-szkolnego-82.jpg 675w\" sizes=\"auto, (max-width: 300px) 100vw, 300px\" \/><\/a>\n\t\t\t<\/div><\/figure><figure class='gallery-item'>\n\t\t\t<div class='gallery-icon landscape'>\n\t\t\t\t<a href='https:\/\/liceum.kard.hlonda.pl\/index.php\/2020\/06\/28\/zakonczenie-roku-szkolnego\/zakonczenie-roku-szkolnego-83\/'><img loading=\"lazy\" decoding=\"async\" width=\"300\" height=\"225\" src=\"https:\/\/liceum.kard.hlonda.pl\/wp-content\/uploads\/2020\/06\/Zako\u0144czenie-roku-szkolnego-83-300x225.jpg\" class=\"attachment-medium size-medium\" alt=\"\" srcset=\"https:\/\/liceum.kard.hlonda.pl\/wp-content\/uploads\/2020\/06\/Zako\u0144czenie-roku-szkolnego-83-300x225.jpg 300w, https:\/\/liceum.kard.hlonda.pl\/wp-content\/uploads\/2020\/06\/Zako\u0144czenie-roku-szkolnego-83-467x350.jpg 467w, https:\/\/liceum.kard.hlonda.pl\/wp-content\/uploads\/2020\/06\/Zako\u0144czenie-roku-szkolnego-83.jpg 675w\" sizes=\"auto, (max-width: 300px) 100vw, 300px\" \/><\/a>\n\t\t\t<\/div><\/figure><figure class='gallery-item'>\n\t\t\t<div class='gallery-icon landscape'>\n\t\t\t\t<a href='https:\/\/liceum.kard.hlonda.pl\/index.php\/2020\/06\/28\/zakonczenie-roku-szkolnego\/zakonczenie-roku-szkolnego-84\/'><img loading=\"lazy\" decoding=\"async\" width=\"300\" height=\"225\" src=\"https:\/\/liceum.kard.hlonda.pl\/wp-content\/uploads\/2020\/06\/Zako\u0144czenie-roku-szkolnego-84-300x225.jpg\" class=\"attachment-medium size-medium\" alt=\"\" srcset=\"https:\/\/liceum.kard.hlonda.pl\/wp-content\/uploads\/2020\/06\/Zako\u0144czenie-roku-szkolnego-84-300x225.jpg 300w, https:\/\/liceum.kard.hlonda.pl\/wp-content\/uploads\/2020\/06\/Zako\u0144czenie-roku-szkolnego-84-467x350.jpg 467w, https:\/\/liceum.kard.hlonda.pl\/wp-content\/uploads\/2020\/06\/Zako\u0144czenie-roku-szkolnego-84.jpg 675w\" sizes=\"auto, (max-width: 300px) 100vw, 300px\" \/><\/a>\n\t\t\t<\/div><\/figure><figure class='gallery-item'>\n\t\t\t<div class='gallery-icon landscape'>\n\t\t\t\t<a href='https:\/\/liceum.kard.hlonda.pl\/index.php\/2020\/06\/28\/zakonczenie-roku-szkolnego\/zakonczenie-roku-szkolnego-86\/'><img loading=\"lazy\" decoding=\"async\" width=\"300\" height=\"225\" src=\"https:\/\/liceum.kard.hlonda.pl\/wp-content\/uploads\/2020\/06\/Zako\u0144czenie-roku-szkolnego-86-300x225.jpg\" class=\"attachment-medium size-medium\" alt=\"\" srcset=\"https:\/\/liceum.kard.hlonda.pl\/wp-content\/uploads\/2020\/06\/Zako\u0144czenie-roku-szkolnego-86-300x225.jpg 300w, https:\/\/liceum.kard.hlonda.pl\/wp-content\/uploads\/2020\/06\/Zako\u0144czenie-roku-szkolnego-86-467x350.jpg 467w, https:\/\/liceum.kard.hlonda.pl\/wp-content\/uploads\/2020\/06\/Zako\u0144czenie-roku-szkolnego-86.jpg 675w\" sizes=\"auto, (max-width: 300px) 100vw, 300px\" \/><\/a>\n\t\t\t<\/div><\/figure><figure class='gallery-item'>\n\t\t\t<div class='gallery-icon landscape'>\n\t\t\t\t<a href='https:\/\/liceum.kard.hlonda.pl\/index.php\/2020\/06\/28\/zakonczenie-roku-szkolnego\/zakonczenie-roku-szkolnego-87\/'><img loading=\"lazy\" decoding=\"async\" width=\"300\" height=\"225\" src=\"https:\/\/liceum.kard.hlonda.pl\/wp-content\/uploads\/2020\/06\/Zako\u0144czenie-roku-szkolnego-87-300x225.jpg\" class=\"attachment-medium size-medium\" alt=\"\" srcset=\"https:\/\/liceum.kard.hlonda.pl\/wp-content\/uploads\/2020\/06\/Zako\u0144czenie-roku-szkolnego-87-300x225.jpg 300w, https:\/\/liceum.kard.hlonda.pl\/wp-content\/uploads\/2020\/06\/Zako\u0144czenie-roku-szkolnego-87-467x350.jpg 467w, https:\/\/liceum.kard.hlonda.pl\/wp-content\/uploads\/2020\/06\/Zako\u0144czenie-roku-szkolnego-87.jpg 675w\" sizes=\"auto, (max-width: 300px) 100vw, 300px\" \/><\/a>\n\t\t\t<\/div><\/figure><figure class='gallery-item'>\n\t\t\t<div class='gallery-icon landscape'>\n\t\t\t\t<a href='https:\/\/liceum.kard.hlonda.pl\/index.php\/2020\/06\/28\/zakonczenie-roku-szkolnego\/zakonczenie-roku-szkolnego-88\/'><img loading=\"lazy\" decoding=\"async\" width=\"300\" height=\"225\" src=\"https:\/\/liceum.kard.hlonda.pl\/wp-content\/uploads\/2020\/06\/Zako\u0144czenie-roku-szkolnego-88-300x225.jpg\" class=\"attachment-medium size-medium\" alt=\"\" srcset=\"https:\/\/liceum.kard.hlonda.pl\/wp-content\/uploads\/2020\/06\/Zako\u0144czenie-roku-szkolnego-88-300x225.jpg 300w, https:\/\/liceum.kard.hlonda.pl\/wp-content\/uploads\/2020\/06\/Zako\u0144czenie-roku-szkolnego-88-467x350.jpg 467w, https:\/\/liceum.kard.hlonda.pl\/wp-content\/uploads\/2020\/06\/Zako\u0144czenie-roku-szkolnego-88.jpg 675w\" sizes=\"auto, (max-width: 300px) 100vw, 300px\" \/><\/a>\n\t\t\t<\/div><\/figure><figure class='gallery-item'>\n\t\t\t<div class='gallery-icon landscape'>\n\t\t\t\t<a href='https:\/\/liceum.kard.hlonda.pl\/index.php\/2020\/06\/28\/zakonczenie-roku-szkolnego\/zakonczenie-roku-szkolnego-89\/'><img loading=\"lazy\" decoding=\"async\" width=\"300\" height=\"225\" src=\"https:\/\/liceum.kard.hlonda.pl\/wp-content\/uploads\/2020\/06\/Zako\u0144czenie-roku-szkolnego-89-300x225.jpg\" class=\"attachment-medium size-medium\" alt=\"\" srcset=\"https:\/\/liceum.kard.hlonda.pl\/wp-content\/uploads\/2020\/06\/Zako\u0144czenie-roku-szkolnego-89-300x225.jpg 300w, https:\/\/liceum.kard.hlonda.pl\/wp-content\/uploads\/2020\/06\/Zako\u0144czenie-roku-szkolnego-89-467x350.jpg 467w, https:\/\/liceum.kard.hlonda.pl\/wp-content\/uploads\/2020\/06\/Zako\u0144czenie-roku-szkolnego-89.jpg 675w\" sizes=\"auto, (max-width: 300px) 100vw, 300px\" \/><\/a>\n\t\t\t<\/div><\/figure><figure class='gallery-item'>\n\t\t\t<div class='gallery-icon landscape'>\n\t\t\t\t<a href='https:\/\/liceum.kard.hlonda.pl\/index.php\/2020\/06\/28\/zakonczenie-roku-szkolnego\/zakonczenie-roku-szkolnego-90\/'><img loading=\"lazy\" decoding=\"async\" width=\"300\" height=\"225\" src=\"https:\/\/liceum.kard.hlonda.pl\/wp-content\/uploads\/2020\/06\/Zako\u0144czenie-roku-szkolnego-90-300x225.jpg\" class=\"attachment-medium size-medium\" alt=\"\" srcset=\"https:\/\/liceum.kard.hlonda.pl\/wp-content\/uploads\/2020\/06\/Zako\u0144czenie-roku-szkolnego-90-300x225.jpg 300w, https:\/\/liceum.kard.hlonda.pl\/wp-content\/uploads\/2020\/06\/Zako\u0144czenie-roku-szkolnego-90-467x350.jpg 467w, https:\/\/liceum.kard.hlonda.pl\/wp-content\/uploads\/2020\/06\/Zako\u0144czenie-roku-szkolnego-90.jpg 675w\" sizes=\"auto, (max-width: 300px) 100vw, 300px\" \/><\/a>\n\t\t\t<\/div><\/figure><figure class='gallery-item'>\n\t\t\t<div class='gallery-icon landscape'>\n\t\t\t\t<a href='https:\/\/liceum.kard.hlonda.pl\/index.php\/2020\/06\/28\/zakonczenie-roku-szkolnego\/zakonczenie-roku-szkolnego-91\/'><img loading=\"lazy\" decoding=\"async\" width=\"300\" height=\"225\" src=\"https:\/\/liceum.kard.hlonda.pl\/wp-content\/uploads\/2020\/06\/Zako\u0144czenie-roku-szkolnego-91-300x225.jpg\" class=\"attachment-medium size-medium\" alt=\"\" srcset=\"https:\/\/liceum.kard.hlonda.pl\/wp-content\/uploads\/2020\/06\/Zako\u0144czenie-roku-szkolnego-91-300x225.jpg 300w, https:\/\/liceum.kard.hlonda.pl\/wp-content\/uploads\/2020\/06\/Zako\u0144czenie-roku-szkolnego-91-467x350.jpg 467w, https:\/\/liceum.kard.hlonda.pl\/wp-content\/uploads\/2020\/06\/Zako\u0144czenie-roku-szkolnego-91.jpg 675w\" sizes=\"auto, (max-width: 300px) 100vw, 300px\" \/><\/a>\n\t\t\t<\/div><\/figure><figure class='gallery-item'>\n\t\t\t<div class='gallery-icon landscape'>\n\t\t\t\t<a href='https:\/\/liceum.kard.hlonda.pl\/index.php\/2020\/06\/28\/zakonczenie-roku-szkolnego\/zakonczenie-roku-szkolnego-92\/'><img loading=\"lazy\" decoding=\"async\" width=\"300\" height=\"225\" src=\"https:\/\/liceum.kard.hlonda.pl\/wp-content\/uploads\/2020\/06\/Zako\u0144czenie-roku-szkolnego-92-300x225.jpg\" class=\"attachment-medium size-medium\" alt=\"\" srcset=\"https:\/\/liceum.kard.hlonda.pl\/wp-content\/uploads\/2020\/06\/Zako\u0144czenie-roku-szkolnego-92-300x225.jpg 300w, https:\/\/liceum.kard.hlonda.pl\/wp-content\/uploads\/2020\/06\/Zako\u0144czenie-roku-szkolnego-92-467x350.jpg 467w, https:\/\/liceum.kard.hlonda.pl\/wp-content\/uploads\/2020\/06\/Zako\u0144czenie-roku-szkolnego-92.jpg 675w\" sizes=\"auto, (max-width: 300px) 100vw, 300px\" \/><\/a>\n\t\t\t<\/div><\/figure><figure class='gallery-item'>\n\t\t\t<div class='gallery-icon landscape'>\n\t\t\t\t<a href='https:\/\/liceum.kard.hlonda.pl\/index.php\/2020\/06\/28\/zakonczenie-roku-szkolnego\/zakonczenie-roku-szkolnego-93\/'><img loading=\"lazy\" decoding=\"async\" width=\"300\" height=\"225\" src=\"https:\/\/liceum.kard.hlonda.pl\/wp-content\/uploads\/2020\/06\/Zako\u0144czenie-roku-szkolnego-93-300x225.jpg\" class=\"attachment-medium size-medium\" alt=\"\" srcset=\"https:\/\/liceum.kard.hlonda.pl\/wp-content\/uploads\/2020\/06\/Zako\u0144czenie-roku-szkolnego-93-300x225.jpg 300w, https:\/\/liceum.kard.hlonda.pl\/wp-content\/uploads\/2020\/06\/Zako\u0144czenie-roku-szkolnego-93-467x350.jpg 467w, https:\/\/liceum.kard.hlonda.pl\/wp-content\/uploads\/2020\/06\/Zako\u0144czenie-roku-szkolnego-93.jpg 675w\" sizes=\"auto, (max-width: 300px) 100vw, 300px\" \/><\/a>\n\t\t\t<\/div><\/figure><figure class='gallery-item'>\n\t\t\t<div class='gallery-icon landscape'>\n\t\t\t\t<a href='https:\/\/liceum.kard.hlonda.pl\/index.php\/2020\/06\/28\/zakonczenie-roku-szkolnego\/zakonczenie-roku-szkolnego-94\/'><img loading=\"lazy\" decoding=\"async\" width=\"300\" height=\"225\" src=\"https:\/\/liceum.kard.hlonda.pl\/wp-content\/uploads\/2020\/06\/Zako\u0144czenie-roku-szkolnego-94-300x225.jpg\" class=\"attachment-medium size-medium\" alt=\"\" srcset=\"https:\/\/liceum.kard.hlonda.pl\/wp-content\/uploads\/2020\/06\/Zako\u0144czenie-roku-szkolnego-94-300x225.jpg 300w, https:\/\/liceum.kard.hlonda.pl\/wp-content\/uploads\/2020\/06\/Zako\u0144czenie-roku-szkolnego-94-467x350.jpg 467w, https:\/\/liceum.kard.hlonda.pl\/wp-content\/uploads\/2020\/06\/Zako\u0144czenie-roku-szkolnego-94.jpg 675w\" sizes=\"auto, (max-width: 300px) 100vw, 300px\" \/><\/a>\n\t\t\t<\/div><\/figure><figure class='gallery-item'>\n\t\t\t<div class='gallery-icon landscape'>\n\t\t\t\t<a href='https:\/\/liceum.kard.hlonda.pl\/index.php\/2020\/06\/28\/zakonczenie-roku-szkolnego\/zakonczenie-roku-szkolnego-95\/'><img loading=\"lazy\" decoding=\"async\" width=\"300\" height=\"225\" src=\"https:\/\/liceum.kard.hlonda.pl\/wp-content\/uploads\/2020\/06\/Zako\u0144czenie-roku-szkolnego-95-300x225.jpg\" class=\"attachment-medium size-medium\" alt=\"\" srcset=\"https:\/\/liceum.kard.hlonda.pl\/wp-content\/uploads\/2020\/06\/Zako\u0144czenie-roku-szkolnego-95-300x225.jpg 300w, https:\/\/liceum.kard.hlonda.pl\/wp-content\/uploads\/2020\/06\/Zako\u0144czenie-roku-szkolnego-95-467x350.jpg 467w, https:\/\/liceum.kard.hlonda.pl\/wp-content\/uploads\/2020\/06\/Zako\u0144czenie-roku-szkolnego-95.jpg 675w\" sizes=\"auto, (max-width: 300px) 100vw, 300px\" \/><\/a>\n\t\t\t<\/div><\/figure><figure class='gallery-item'>\n\t\t\t<div class='gallery-icon landscape'>\n\t\t\t\t<a href='https:\/\/liceum.kard.hlonda.pl\/index.php\/2020\/06\/28\/zakonczenie-roku-szkolnego\/zakonczenie-roku-szkolnego-96\/'><img loading=\"lazy\" decoding=\"async\" width=\"300\" height=\"225\" src=\"https:\/\/liceum.kard.hlonda.pl\/wp-content\/uploads\/2020\/06\/Zako\u0144czenie-roku-szkolnego-96-300x225.jpg\" class=\"attachment-medium size-medium\" alt=\"\" srcset=\"https:\/\/liceum.kard.hlonda.pl\/wp-content\/uploads\/2020\/06\/Zako\u0144czenie-roku-szkolnego-96-300x225.jpg 300w, https:\/\/liceum.kard.hlonda.pl\/wp-content\/uploads\/2020\/06\/Zako\u0144czenie-roku-szkolnego-96-467x350.jpg 467w, https:\/\/liceum.kard.hlonda.pl\/wp-content\/uploads\/2020\/06\/Zako\u0144czenie-roku-szkolnego-96.jpg 675w\" sizes=\"auto, (max-width: 300px) 100vw, 300px\" \/><\/a>\n\t\t\t<\/div><\/figure><figure class='gallery-item'>\n\t\t\t<div class='gallery-icon landscape'>\n\t\t\t\t<a href='https:\/\/liceum.kard.hlonda.pl\/index.php\/2020\/06\/28\/zakonczenie-roku-szkolnego\/zakonczenie-roku-szkolnego-97\/'><img loading=\"lazy\" decoding=\"async\" width=\"300\" height=\"225\" src=\"https:\/\/liceum.kard.hlonda.pl\/wp-content\/uploads\/2020\/06\/Zako\u0144czenie-roku-szkolnego-97-300x225.jpg\" class=\"attachment-medium size-medium\" alt=\"\" srcset=\"https:\/\/liceum.kard.hlonda.pl\/wp-content\/uploads\/2020\/06\/Zako\u0144czenie-roku-szkolnego-97-300x225.jpg 300w, https:\/\/liceum.kard.hlonda.pl\/wp-content\/uploads\/2020\/06\/Zako\u0144czenie-roku-szkolnego-97-467x350.jpg 467w, https:\/\/liceum.kard.hlonda.pl\/wp-content\/uploads\/2020\/06\/Zako\u0144czenie-roku-szkolnego-97.jpg 675w\" sizes=\"auto, (max-width: 300px) 100vw, 300px\" \/><\/a>\n\t\t\t<\/div><\/figure><figure class='gallery-item'>\n\t\t\t<div class='gallery-icon landscape'>\n\t\t\t\t<a href='https:\/\/liceum.kard.hlonda.pl\/index.php\/2020\/06\/28\/zakonczenie-roku-szkolnego\/zakonczenie-roku-szkolnego-98\/'><img loading=\"lazy\" decoding=\"async\" width=\"300\" height=\"225\" src=\"https:\/\/liceum.kard.hlonda.pl\/wp-content\/uploads\/2020\/06\/Zako\u0144czenie-roku-szkolnego-98-300x225.jpg\" class=\"attachment-medium size-medium\" alt=\"\" srcset=\"https:\/\/liceum.kard.hlonda.pl\/wp-content\/uploads\/2020\/06\/Zako\u0144czenie-roku-szkolnego-98-300x225.jpg 300w, https:\/\/liceum.kard.hlonda.pl\/wp-content\/uploads\/2020\/06\/Zako\u0144czenie-roku-szkolnego-98-467x350.jpg 467w, https:\/\/liceum.kard.hlonda.pl\/wp-content\/uploads\/2020\/06\/Zako\u0144czenie-roku-szkolnego-98.jpg 675w\" sizes=\"auto, (max-width: 300px) 100vw, 300px\" \/><\/a>\n\t\t\t<\/div><\/figure><figure class='gallery-item'>\n\t\t\t<div class='gallery-icon landscape'>\n\t\t\t\t<a href='https:\/\/liceum.kard.hlonda.pl\/index.php\/2020\/06\/28\/zakonczenie-roku-szkolnego\/zakonczenie-roku-szkolnego-99\/'><img loading=\"lazy\" decoding=\"async\" width=\"300\" height=\"225\" src=\"https:\/\/liceum.kard.hlonda.pl\/wp-content\/uploads\/2020\/06\/Zako\u0144czenie-roku-szkolnego-99-300x225.jpg\" class=\"attachment-medium size-medium\" alt=\"\" srcset=\"https:\/\/liceum.kard.hlonda.pl\/wp-content\/uploads\/2020\/06\/Zako\u0144czenie-roku-szkolnego-99-300x225.jpg 300w, https:\/\/liceum.kard.hlonda.pl\/wp-content\/uploads\/2020\/06\/Zako\u0144czenie-roku-szkolnego-99-467x350.jpg 467w, https:\/\/liceum.kard.hlonda.pl\/wp-content\/uploads\/2020\/06\/Zako\u0144czenie-roku-szkolnego-99.jpg 675w\" sizes=\"auto, (max-width: 300px) 100vw, 300px\" \/><\/a>\n\t\t\t<\/div><\/figure><figure class='gallery-item'>\n\t\t\t<div class='gallery-icon landscape'>\n\t\t\t\t<a href='https:\/\/liceum.kard.hlonda.pl\/index.php\/2020\/06\/28\/zakonczenie-roku-szkolnego\/zakonczenie-roku-szkolnego-100\/'><img loading=\"lazy\" decoding=\"async\" width=\"300\" height=\"225\" src=\"https:\/\/liceum.kard.hlonda.pl\/wp-content\/uploads\/2020\/06\/Zako\u0144czenie-roku-szkolnego-100-300x225.jpg\" class=\"attachment-medium size-medium\" alt=\"\" srcset=\"https:\/\/liceum.kard.hlonda.pl\/wp-content\/uploads\/2020\/06\/Zako\u0144czenie-roku-szkolnego-100-300x225.jpg 300w, https:\/\/liceum.kard.hlonda.pl\/wp-content\/uploads\/2020\/06\/Zako\u0144czenie-roku-szkolnego-100-467x350.jpg 467w, https:\/\/liceum.kard.hlonda.pl\/wp-content\/uploads\/2020\/06\/Zako\u0144czenie-roku-szkolnego-100.jpg 675w\" sizes=\"auto, (max-width: 300px) 100vw, 300px\" \/><\/a>\n\t\t\t<\/div><\/figure><figure class='gallery-item'>\n\t\t\t<div class='gallery-icon landscape'>\n\t\t\t\t<a href='https:\/\/liceum.kard.hlonda.pl\/index.php\/2020\/06\/28\/zakonczenie-roku-szkolnego\/zakonczenie-roku-szkolnego-101\/'><img loading=\"lazy\" decoding=\"async\" width=\"300\" height=\"225\" src=\"https:\/\/liceum.kard.hlonda.pl\/wp-content\/uploads\/2020\/06\/Zako\u0144czenie-roku-szkolnego-101-300x225.jpg\" class=\"attachment-medium size-medium\" alt=\"\" srcset=\"https:\/\/liceum.kard.hlonda.pl\/wp-content\/uploads\/2020\/06\/Zako\u0144czenie-roku-szkolnego-101-300x225.jpg 300w, https:\/\/liceum.kard.hlonda.pl\/wp-content\/uploads\/2020\/06\/Zako\u0144czenie-roku-szkolnego-101-467x350.jpg 467w, https:\/\/liceum.kard.hlonda.pl\/wp-content\/uploads\/2020\/06\/Zako\u0144czenie-roku-szkolnego-101.jpg 675w\" sizes=\"auto, (max-width: 300px) 100vw, 300px\" \/><\/a>\n\t\t\t<\/div><\/figure><figure class='gallery-item'>\n\t\t\t<div class='gallery-icon landscape'>\n\t\t\t\t<a href='https:\/\/liceum.kard.hlonda.pl\/index.php\/2020\/06\/28\/zakonczenie-roku-szkolnego\/zakonczenie-roku-szkolnego-102\/'><img loading=\"lazy\" decoding=\"async\" width=\"300\" height=\"225\" src=\"https:\/\/liceum.kard.hlonda.pl\/wp-content\/uploads\/2020\/06\/Zako\u0144czenie-roku-szkolnego-102-300x225.jpg\" class=\"attachment-medium size-medium\" alt=\"\" srcset=\"https:\/\/liceum.kard.hlonda.pl\/wp-content\/uploads\/2020\/06\/Zako\u0144czenie-roku-szkolnego-102-300x225.jpg 300w, https:\/\/liceum.kard.hlonda.pl\/wp-content\/uploads\/2020\/06\/Zako\u0144czenie-roku-szkolnego-102-467x350.jpg 467w, https:\/\/liceum.kard.hlonda.pl\/wp-content\/uploads\/2020\/06\/Zako\u0144czenie-roku-szkolnego-102.jpg 675w\" sizes=\"auto, (max-width: 300px) 100vw, 300px\" \/><\/a>\n\t\t\t<\/div><\/figure><figure class='gallery-item'>\n\t\t\t<div class='gallery-icon landscape'>\n\t\t\t\t<a href='https:\/\/liceum.kard.hlonda.pl\/index.php\/2020\/06\/28\/zakonczenie-roku-szkolnego\/zakonczenie-roku-szkolnego-103\/'><img loading=\"lazy\" decoding=\"async\" width=\"300\" height=\"225\" src=\"https:\/\/liceum.kard.hlonda.pl\/wp-content\/uploads\/2020\/06\/Zako\u0144czenie-roku-szkolnego-103-300x225.jpg\" class=\"attachment-medium size-medium\" alt=\"\" srcset=\"https:\/\/liceum.kard.hlonda.pl\/wp-content\/uploads\/2020\/06\/Zako\u0144czenie-roku-szkolnego-103-300x225.jpg 300w, https:\/\/liceum.kard.hlonda.pl\/wp-content\/uploads\/2020\/06\/Zako\u0144czenie-roku-szkolnego-103-467x350.jpg 467w, https:\/\/liceum.kard.hlonda.pl\/wp-content\/uploads\/2020\/06\/Zako\u0144czenie-roku-szkolnego-103.jpg 675w\" sizes=\"auto, (max-width: 300px) 100vw, 300px\" \/><\/a>\n\t\t\t<\/div><\/figure><figure class='gallery-item'>\n\t\t\t<div class='gallery-icon landscape'>\n\t\t\t\t<a href='https:\/\/liceum.kard.hlonda.pl\/index.php\/2020\/06\/28\/zakonczenie-roku-szkolnego\/zakonczenie-roku-szkolnego-104\/'><img loading=\"lazy\" decoding=\"async\" width=\"300\" height=\"225\" src=\"https:\/\/liceum.kard.hlonda.pl\/wp-content\/uploads\/2020\/06\/Zako\u0144czenie-roku-szkolnego-104-300x225.jpg\" class=\"attachment-medium size-medium\" alt=\"\" srcset=\"https:\/\/liceum.kard.hlonda.pl\/wp-content\/uploads\/2020\/06\/Zako\u0144czenie-roku-szkolnego-104-300x225.jpg 300w, https:\/\/liceum.kard.hlonda.pl\/wp-content\/uploads\/2020\/06\/Zako\u0144czenie-roku-szkolnego-104-467x350.jpg 467w, https:\/\/liceum.kard.hlonda.pl\/wp-content\/uploads\/2020\/06\/Zako\u0144czenie-roku-szkolnego-104.jpg 675w\" sizes=\"auto, (max-width: 300px) 100vw, 300px\" \/><\/a>\n\t\t\t<\/div><\/figure><figure class='gallery-item'>\n\t\t\t<div class='gallery-icon landscape'>\n\t\t\t\t<a href='https:\/\/liceum.kard.hlonda.pl\/index.php\/2020\/06\/28\/zakonczenie-roku-szkolnego\/zakonczenie-roku-szkolnego-105\/'><img loading=\"lazy\" decoding=\"async\" width=\"300\" height=\"225\" src=\"https:\/\/liceum.kard.hlonda.pl\/wp-content\/uploads\/2020\/06\/Zako\u0144czenie-roku-szkolnego-105-300x225.jpg\" class=\"attachment-medium size-medium\" alt=\"\" srcset=\"https:\/\/liceum.kard.hlonda.pl\/wp-content\/uploads\/2020\/06\/Zako\u0144czenie-roku-szkolnego-105-300x225.jpg 300w, https:\/\/liceum.kard.hlonda.pl\/wp-content\/uploads\/2020\/06\/Zako\u0144czenie-roku-szkolnego-105-467x350.jpg 467w, https:\/\/liceum.kard.hlonda.pl\/wp-content\/uploads\/2020\/06\/Zako\u0144czenie-roku-szkolnego-105.jpg 675w\" sizes=\"auto, (max-width: 300px) 100vw, 300px\" \/><\/a>\n\t\t\t<\/div><\/figure><figure class='gallery-item'>\n\t\t\t<div class='gallery-icon landscape'>\n\t\t\t\t<a href='https:\/\/liceum.kard.hlonda.pl\/index.php\/2020\/06\/28\/zakonczenie-roku-szkolnego\/zakonczenie-roku-szkolnego-106\/'><img loading=\"lazy\" decoding=\"async\" width=\"300\" height=\"225\" src=\"https:\/\/liceum.kard.hlonda.pl\/wp-content\/uploads\/2020\/06\/Zako\u0144czenie-roku-szkolnego-106-300x225.jpg\" class=\"attachment-medium size-medium\" alt=\"\" srcset=\"https:\/\/liceum.kard.hlonda.pl\/wp-content\/uploads\/2020\/06\/Zako\u0144czenie-roku-szkolnego-106-300x225.jpg 300w, https:\/\/liceum.kard.hlonda.pl\/wp-content\/uploads\/2020\/06\/Zako\u0144czenie-roku-szkolnego-106-467x350.jpg 467w, https:\/\/liceum.kard.hlonda.pl\/wp-content\/uploads\/2020\/06\/Zako\u0144czenie-roku-szkolnego-106.jpg 675w\" sizes=\"auto, (max-width: 300px) 100vw, 300px\" \/><\/a>\n\t\t\t<\/div><\/figure><figure class='gallery-item'>\n\t\t\t<div class='gallery-icon landscape'>\n\t\t\t\t<a href='https:\/\/liceum.kard.hlonda.pl\/index.php\/2020\/06\/28\/zakonczenie-roku-szkolnego\/zakonczenie-roku-szkolnego-107\/'><img loading=\"lazy\" decoding=\"async\" width=\"300\" height=\"225\" src=\"https:\/\/liceum.kard.hlonda.pl\/wp-content\/uploads\/2020\/06\/Zako\u0144czenie-roku-szkolnego-107-300x225.jpg\" class=\"attachment-medium size-medium\" alt=\"\" srcset=\"https:\/\/liceum.kard.hlonda.pl\/wp-content\/uploads\/2020\/06\/Zako\u0144czenie-roku-szkolnego-107-300x225.jpg 300w, https:\/\/liceum.kard.hlonda.pl\/wp-content\/uploads\/2020\/06\/Zako\u0144czenie-roku-szkolnego-107-467x350.jpg 467w, https:\/\/liceum.kard.hlonda.pl\/wp-content\/uploads\/2020\/06\/Zako\u0144czenie-roku-szkolnego-107.jpg 675w\" sizes=\"auto, (max-width: 300px) 100vw, 300px\" \/><\/a>\n\t\t\t<\/div><\/figure><figure class='gallery-item'>\n\t\t\t<div class='gallery-icon landscape'>\n\t\t\t\t<a href='https:\/\/liceum.kard.hlonda.pl\/index.php\/2020\/06\/28\/zakonczenie-roku-szkolnego\/zakonczenie-roku-szkolnego-108\/'><img loading=\"lazy\" decoding=\"async\" width=\"300\" height=\"225\" src=\"https:\/\/liceum.kard.hlonda.pl\/wp-content\/uploads\/2020\/06\/Zako\u0144czenie-roku-szkolnego-108-300x225.jpg\" class=\"attachment-medium size-medium\" alt=\"\" srcset=\"https:\/\/liceum.kard.hlonda.pl\/wp-content\/uploads\/2020\/06\/Zako\u0144czenie-roku-szkolnego-108-300x225.jpg 300w, https:\/\/liceum.kard.hlonda.pl\/wp-content\/uploads\/2020\/06\/Zako\u0144czenie-roku-szkolnego-108-467x350.jpg 467w, https:\/\/liceum.kard.hlonda.pl\/wp-content\/uploads\/2020\/06\/Zako\u0144czenie-roku-szkolnego-108.jpg 675w\" sizes=\"auto, (max-width: 300px) 100vw, 300px\" \/><\/a>\n\t\t\t<\/div><\/figure><figure class='gallery-item'>\n\t\t\t<div class='gallery-icon landscape'>\n\t\t\t\t<a href='https:\/\/liceum.kard.hlonda.pl\/index.php\/2020\/06\/28\/zakonczenie-roku-szkolnego\/zakonczenie-roku-szkolnego-109\/'><img loading=\"lazy\" decoding=\"async\" width=\"300\" height=\"225\" src=\"https:\/\/liceum.kard.hlonda.pl\/wp-content\/uploads\/2020\/06\/Zako\u0144czenie-roku-szkolnego-109-300x225.jpg\" class=\"attachment-medium size-medium\" alt=\"\" srcset=\"https:\/\/liceum.kard.hlonda.pl\/wp-content\/uploads\/2020\/06\/Zako\u0144czenie-roku-szkolnego-109-300x225.jpg 300w, https:\/\/liceum.kard.hlonda.pl\/wp-content\/uploads\/2020\/06\/Zako\u0144czenie-roku-szkolnego-109-467x350.jpg 467w, https:\/\/liceum.kard.hlonda.pl\/wp-content\/uploads\/2020\/06\/Zako\u0144czenie-roku-szkolnego-109.jpg 675w\" sizes=\"auto, (max-width: 300px) 100vw, 300px\" \/><\/a>\n\t\t\t<\/div><\/figure><figure class='gallery-item'>\n\t\t\t<div class='gallery-icon landscape'>\n\t\t\t\t<a href='https:\/\/liceum.kard.hlonda.pl\/index.php\/2020\/06\/28\/zakonczenie-roku-szkolnego\/zakonczenie-roku-szkolnego-110\/'><img loading=\"lazy\" decoding=\"async\" width=\"300\" height=\"225\" src=\"https:\/\/liceum.kard.hlonda.pl\/wp-content\/uploads\/2020\/06\/Zako\u0144czenie-roku-szkolnego-110-300x225.jpg\" class=\"attachment-medium size-medium\" alt=\"\" srcset=\"https:\/\/liceum.kard.hlonda.pl\/wp-content\/uploads\/2020\/06\/Zako\u0144czenie-roku-szkolnego-110-300x225.jpg 300w, https:\/\/liceum.kard.hlonda.pl\/wp-content\/uploads\/2020\/06\/Zako\u0144czenie-roku-szkolnego-110-467x350.jpg 467w, https:\/\/liceum.kard.hlonda.pl\/wp-content\/uploads\/2020\/06\/Zako\u0144czenie-roku-szkolnego-110.jpg 675w\" sizes=\"auto, (max-width: 300px) 100vw, 300px\" \/><\/a>\n\t\t\t<\/div><\/figure><figure class='gallery-item'>\n\t\t\t<div class='gallery-icon landscape'>\n\t\t\t\t<a href='https:\/\/liceum.kard.hlonda.pl\/index.php\/2020\/06\/28\/zakonczenie-roku-szkolnego\/zakonczenie-roku-szkolnego-111\/'><img loading=\"lazy\" decoding=\"async\" width=\"300\" height=\"225\" src=\"https:\/\/liceum.kard.hlonda.pl\/wp-content\/uploads\/2020\/06\/Zako\u0144czenie-roku-szkolnego-111-300x225.jpg\" class=\"attachment-medium size-medium\" alt=\"\" srcset=\"https:\/\/liceum.kard.hlonda.pl\/wp-content\/uploads\/2020\/06\/Zako\u0144czenie-roku-szkolnego-111-300x225.jpg 300w, https:\/\/liceum.kard.hlonda.pl\/wp-content\/uploads\/2020\/06\/Zako\u0144czenie-roku-szkolnego-111-467x350.jpg 467w, https:\/\/liceum.kard.hlonda.pl\/wp-content\/uploads\/2020\/06\/Zako\u0144czenie-roku-szkolnego-111.jpg 675w\" sizes=\"auto, (max-width: 300px) 100vw, 300px\" \/><\/a>\n\t\t\t<\/div><\/figure><figure class='gallery-item'>\n\t\t\t<div class='gallery-icon landscape'>\n\t\t\t\t<a href='https:\/\/liceum.kard.hlonda.pl\/index.php\/2020\/06\/28\/zakonczenie-roku-szkolnego\/zakonczenie-roku-szkolnego-112\/'><img loading=\"lazy\" decoding=\"async\" width=\"300\" height=\"225\" src=\"https:\/\/liceum.kard.hlonda.pl\/wp-content\/uploads\/2020\/06\/Zako\u0144czenie-roku-szkolnego-112-300x225.jpg\" class=\"attachment-medium size-medium\" alt=\"\" srcset=\"https:\/\/liceum.kard.hlonda.pl\/wp-content\/uploads\/2020\/06\/Zako\u0144czenie-roku-szkolnego-112-300x225.jpg 300w, https:\/\/liceum.kard.hlonda.pl\/wp-content\/uploads\/2020\/06\/Zako\u0144czenie-roku-szkolnego-112-467x350.jpg 467w, https:\/\/liceum.kard.hlonda.pl\/wp-content\/uploads\/2020\/06\/Zako\u0144czenie-roku-szkolnego-112.jpg 675w\" sizes=\"auto, (max-width: 300px) 100vw, 300px\" \/><\/a>\n\t\t\t<\/div><\/figure><figure class='gallery-item'>\n\t\t\t<div class='gallery-icon landscape'>\n\t\t\t\t<a href='https:\/\/liceum.kard.hlonda.pl\/index.php\/2020\/06\/28\/zakonczenie-roku-szkolnego\/zakonczenie-roku-szkolnego-113\/'><img loading=\"lazy\" decoding=\"async\" width=\"300\" height=\"225\" src=\"https:\/\/liceum.kard.hlonda.pl\/wp-content\/uploads\/2020\/06\/Zako\u0144czenie-roku-szkolnego-113-300x225.jpg\" class=\"attachment-medium size-medium\" alt=\"\" srcset=\"https:\/\/liceum.kard.hlonda.pl\/wp-content\/uploads\/2020\/06\/Zako\u0144czenie-roku-szkolnego-113-300x225.jpg 300w, https:\/\/liceum.kard.hlonda.pl\/wp-content\/uploads\/2020\/06\/Zako\u0144czenie-roku-szkolnego-113-467x350.jpg 467w, https:\/\/liceum.kard.hlonda.pl\/wp-content\/uploads\/2020\/06\/Zako\u0144czenie-roku-szkolnego-113.jpg 675w\" sizes=\"auto, (max-width: 300px) 100vw, 300px\" \/><\/a>\n\t\t\t<\/div><\/figure><figure class='gallery-item'>\n\t\t\t<div class='gallery-icon landscape'>\n\t\t\t\t<a href='https:\/\/liceum.kard.hlonda.pl\/index.php\/2020\/06\/28\/zakonczenie-roku-szkolnego\/zakonczenie-roku-szkolnego-114\/'><img loading=\"lazy\" decoding=\"async\" width=\"300\" height=\"225\" src=\"https:\/\/liceum.kard.hlonda.pl\/wp-content\/uploads\/2020\/06\/Zako\u0144czenie-roku-szkolnego-114-300x225.jpg\" class=\"attachment-medium size-medium\" alt=\"\" srcset=\"https:\/\/liceum.kard.hlonda.pl\/wp-content\/uploads\/2020\/06\/Zako\u0144czenie-roku-szkolnego-114-300x225.jpg 300w, https:\/\/liceum.kard.hlonda.pl\/wp-content\/uploads\/2020\/06\/Zako\u0144czenie-roku-szkolnego-114-467x350.jpg 467w, https:\/\/liceum.kard.hlonda.pl\/wp-content\/uploads\/2020\/06\/Zako\u0144czenie-roku-szkolnego-114.jpg 675w\" sizes=\"auto, (max-width: 300px) 100vw, 300px\" \/><\/a>\n\t\t\t<\/div><\/figure><figure class='gallery-item'>\n\t\t\t<div class='gallery-icon landscape'>\n\t\t\t\t<a href='https:\/\/liceum.kard.hlonda.pl\/index.php\/2020\/06\/28\/zakonczenie-roku-szkolnego\/zakonczenie-roku-szkolnego-115\/'><img loading=\"lazy\" decoding=\"async\" width=\"300\" height=\"225\" src=\"https:\/\/liceum.kard.hlonda.pl\/wp-content\/uploads\/2020\/06\/Zako\u0144czenie-roku-szkolnego-115-300x225.jpg\" class=\"attachment-medium size-medium\" alt=\"\" srcset=\"https:\/\/liceum.kard.hlonda.pl\/wp-content\/uploads\/2020\/06\/Zako\u0144czenie-roku-szkolnego-115-300x225.jpg 300w, https:\/\/liceum.kard.hlonda.pl\/wp-content\/uploads\/2020\/06\/Zako\u0144czenie-roku-szkolnego-115-467x350.jpg 467w, https:\/\/liceum.kard.hlonda.pl\/wp-content\/uploads\/2020\/06\/Zako\u0144czenie-roku-szkolnego-115.jpg 675w\" sizes=\"auto, (max-width: 300px) 100vw, 300px\" \/><\/a>\n\t\t\t<\/div><\/figure><figure class='gallery-item'>\n\t\t\t<div class='gallery-icon landscape'>\n\t\t\t\t<a href='https:\/\/liceum.kard.hlonda.pl\/index.php\/2020\/06\/28\/zakonczenie-roku-szkolnego\/zakonczenie-roku-szkolnego-116\/'><img loading=\"lazy\" decoding=\"async\" width=\"300\" height=\"225\" src=\"https:\/\/liceum.kard.hlonda.pl\/wp-content\/uploads\/2020\/06\/Zako\u0144czenie-roku-szkolnego-116-300x225.jpg\" class=\"attachment-medium size-medium\" alt=\"\" srcset=\"https:\/\/liceum.kard.hlonda.pl\/wp-content\/uploads\/2020\/06\/Zako\u0144czenie-roku-szkolnego-116-300x225.jpg 300w, https:\/\/liceum.kard.hlonda.pl\/wp-content\/uploads\/2020\/06\/Zako\u0144czenie-roku-szkolnego-116-467x350.jpg 467w, https:\/\/liceum.kard.hlonda.pl\/wp-content\/uploads\/2020\/06\/Zako\u0144czenie-roku-szkolnego-116.jpg 675w\" sizes=\"auto, (max-width: 300px) 100vw, 300px\" \/><\/a>\n\t\t\t<\/div><\/figure><figure class='gallery-item'>\n\t\t\t<div class='gallery-icon landscape'>\n\t\t\t\t<a href='https:\/\/liceum.kard.hlonda.pl\/index.php\/2020\/06\/28\/zakonczenie-roku-szkolnego\/zakonczenie-roku-szkolnego-117\/'><img loading=\"lazy\" decoding=\"async\" width=\"300\" height=\"225\" src=\"https:\/\/liceum.kard.hlonda.pl\/wp-content\/uploads\/2020\/06\/Zako\u0144czenie-roku-szkolnego-117-300x225.jpg\" class=\"attachment-medium size-medium\" alt=\"\" srcset=\"https:\/\/liceum.kard.hlonda.pl\/wp-content\/uploads\/2020\/06\/Zako\u0144czenie-roku-szkolnego-117-300x225.jpg 300w, https:\/\/liceum.kard.hlonda.pl\/wp-content\/uploads\/2020\/06\/Zako\u0144czenie-roku-szkolnego-117-467x350.jpg 467w, https:\/\/liceum.kard.hlonda.pl\/wp-content\/uploads\/2020\/06\/Zako\u0144czenie-roku-szkolnego-117.jpg 675w\" sizes=\"auto, (max-width: 300px) 100vw, 300px\" \/><\/a>\n\t\t\t<\/div><\/figure><figure class='gallery-item'>\n\t\t\t<div class='gallery-icon landscape'>\n\t\t\t\t<a href='https:\/\/liceum.kard.hlonda.pl\/index.php\/2020\/06\/28\/zakonczenie-roku-szkolnego\/zakonczenie-roku-szkolnego-118\/'><img loading=\"lazy\" decoding=\"async\" width=\"300\" height=\"222\" src=\"https:\/\/liceum.kard.hlonda.pl\/wp-content\/uploads\/2020\/06\/Zako\u0144czenie-roku-szkolnego-118-300x222.jpg\" class=\"attachment-medium size-medium\" alt=\"\" srcset=\"https:\/\/liceum.kard.hlonda.pl\/wp-content\/uploads\/2020\/06\/Zako\u0144czenie-roku-szkolnego-118-300x222.jpg 300w, https:\/\/liceum.kard.hlonda.pl\/wp-content\/uploads\/2020\/06\/Zako\u0144czenie-roku-szkolnego-118-473x350.jpg 473w, https:\/\/liceum.kard.hlonda.pl\/wp-content\/uploads\/2020\/06\/Zako\u0144czenie-roku-szkolnego-118.jpg 675w\" sizes=\"auto, (max-width: 300px) 100vw, 300px\" \/><\/a>\n\t\t\t<\/div><\/figure><figure class='gallery-item'>\n\t\t\t<div class='gallery-icon landscape'>\n\t\t\t\t<a href='https:\/\/liceum.kard.hlonda.pl\/index.php\/2020\/06\/28\/zakonczenie-roku-szkolnego\/zakonczenie-roku-szkolnego-119\/'><img loading=\"lazy\" decoding=\"async\" width=\"300\" height=\"256\" src=\"https:\/\/liceum.kard.hlonda.pl\/wp-content\/uploads\/2020\/06\/Zako\u0144czenie-roku-szkolnego-119-300x256.jpg\" class=\"attachment-medium size-medium\" alt=\"\" srcset=\"https:\/\/liceum.kard.hlonda.pl\/wp-content\/uploads\/2020\/06\/Zako\u0144czenie-roku-szkolnego-119-300x256.jpg 300w, https:\/\/liceum.kard.hlonda.pl\/wp-content\/uploads\/2020\/06\/Zako\u0144czenie-roku-szkolnego-119-410x350.jpg 410w, https:\/\/liceum.kard.hlonda.pl\/wp-content\/uploads\/2020\/06\/Zako\u0144czenie-roku-szkolnego-119.jpg 675w\" sizes=\"auto, (max-width: 300px) 100vw, 300px\" \/><\/a>\n\t\t\t<\/div><\/figure><figure class='gallery-item'>\n\t\t\t<div class='gallery-icon landscape'>\n\t\t\t\t<a href='https:\/\/liceum.kard.hlonda.pl\/index.php\/2020\/06\/28\/zakonczenie-roku-szkolnego\/zakonczenie-roku-szkolnego-120\/'><img loading=\"lazy\" decoding=\"async\" width=\"300\" height=\"225\" src=\"https:\/\/liceum.kard.hlonda.pl\/wp-content\/uploads\/2020\/06\/Zako\u0144czenie-roku-szkolnego-120-300x225.jpg\" class=\"attachment-medium size-medium\" alt=\"\" srcset=\"https:\/\/liceum.kard.hlonda.pl\/wp-content\/uploads\/2020\/06\/Zako\u0144czenie-roku-szkolnego-120-300x225.jpg 300w, https:\/\/liceum.kard.hlonda.pl\/wp-content\/uploads\/2020\/06\/Zako\u0144czenie-roku-szkolnego-120-467x350.jpg 467w, https:\/\/liceum.kard.hlonda.pl\/wp-content\/uploads\/2020\/06\/Zako\u0144czenie-roku-szkolnego-120.jpg 675w\" sizes=\"auto, (max-width: 300px) 100vw, 300px\" \/><\/a>\n\t\t\t<\/div><\/figure><figure class='gallery-item'>\n\t\t\t<div class='gallery-icon landscape'>\n\t\t\t\t<a href='https:\/\/liceum.kard.hlonda.pl\/index.php\/2020\/06\/28\/zakonczenie-roku-szkolnego\/zakonczenie-roku-szkolnego-121\/'><img loading=\"lazy\" decoding=\"async\" width=\"300\" height=\"225\" src=\"https:\/\/liceum.kard.hlonda.pl\/wp-content\/uploads\/2020\/06\/Zako\u0144czenie-roku-szkolnego-121-300x225.jpg\" class=\"attachment-medium size-medium\" alt=\"\" srcset=\"https:\/\/liceum.kard.hlonda.pl\/wp-content\/uploads\/2020\/06\/Zako\u0144czenie-roku-szkolnego-121-300x225.jpg 300w, https:\/\/liceum.kard.hlonda.pl\/wp-content\/uploads\/2020\/06\/Zako\u0144czenie-roku-szkolnego-121-467x350.jpg 467w, https:\/\/liceum.kard.hlonda.pl\/wp-content\/uploads\/2020\/06\/Zako\u0144czenie-roku-szkolnego-121.jpg 675w\" sizes=\"auto, (max-width: 300px) 100vw, 300px\" \/><\/a>\n\t\t\t<\/div><\/figure><figure class='gallery-item'>\n\t\t\t<div class='gallery-icon landscape'>\n\t\t\t\t<a href='https:\/\/liceum.kard.hlonda.pl\/index.php\/2020\/06\/28\/zakonczenie-roku-szkolnego\/zakonczenie-roku-szkolnego-122\/'><img loading=\"lazy\" decoding=\"async\" width=\"300\" height=\"225\" src=\"https:\/\/liceum.kard.hlonda.pl\/wp-content\/uploads\/2020\/06\/Zako\u0144czenie-roku-szkolnego-122-300x225.jpg\" class=\"attachment-medium size-medium\" alt=\"\" srcset=\"https:\/\/liceum.kard.hlonda.pl\/wp-content\/uploads\/2020\/06\/Zako\u0144czenie-roku-szkolnego-122-300x225.jpg 300w, https:\/\/liceum.kard.hlonda.pl\/wp-content\/uploads\/2020\/06\/Zako\u0144czenie-roku-szkolnego-122-467x350.jpg 467w, https:\/\/liceum.kard.hlonda.pl\/wp-content\/uploads\/2020\/06\/Zako\u0144czenie-roku-szkolnego-122.jpg 675w\" sizes=\"auto, (max-width: 300px) 100vw, 300px\" \/><\/a>\n\t\t\t<\/div><\/figure><figure class='gallery-item'>\n\t\t\t<div class='gallery-icon landscape'>\n\t\t\t\t<a href='https:\/\/liceum.kard.hlonda.pl\/index.php\/2020\/06\/28\/zakonczenie-roku-szkolnego\/zakonczenie-roku-szkolnego-123\/'><img loading=\"lazy\" decoding=\"async\" width=\"300\" height=\"225\" src=\"https:\/\/liceum.kard.hlonda.pl\/wp-content\/uploads\/2020\/06\/Zako\u0144czenie-roku-szkolnego-123-300x225.jpg\" class=\"attachment-medium size-medium\" alt=\"\" srcset=\"https:\/\/liceum.kard.hlonda.pl\/wp-content\/uploads\/2020\/06\/Zako\u0144czenie-roku-szkolnego-123-300x225.jpg 300w, https:\/\/liceum.kard.hlonda.pl\/wp-content\/uploads\/2020\/06\/Zako\u0144czenie-roku-szkolnego-123-467x350.jpg 467w, https:\/\/liceum.kard.hlonda.pl\/wp-content\/uploads\/2020\/06\/Zako\u0144czenie-roku-szkolnego-123.jpg 675w\" sizes=\"auto, (max-width: 300px) 100vw, 300px\" \/><\/a>\n\t\t\t<\/div><\/figure><figure class='gallery-item'>\n\t\t\t<div class='gallery-icon landscape'>\n\t\t\t\t<a href='https:\/\/liceum.kard.hlonda.pl\/index.php\/2020\/06\/28\/zakonczenie-roku-szkolnego\/zakonczenie-roku-szkolnego-124\/'><img loading=\"lazy\" decoding=\"async\" width=\"300\" height=\"225\" src=\"https:\/\/liceum.kard.hlonda.pl\/wp-content\/uploads\/2020\/06\/Zako\u0144czenie-roku-szkolnego-124-300x225.jpg\" class=\"attachment-medium size-medium\" alt=\"\" srcset=\"https:\/\/liceum.kard.hlonda.pl\/wp-content\/uploads\/2020\/06\/Zako\u0144czenie-roku-szkolnego-124-300x225.jpg 300w, https:\/\/liceum.kard.hlonda.pl\/wp-content\/uploads\/2020\/06\/Zako\u0144czenie-roku-szkolnego-124-467x350.jpg 467w, https:\/\/liceum.kard.hlonda.pl\/wp-content\/uploads\/2020\/06\/Zako\u0144czenie-roku-szkolnego-124.jpg 675w\" sizes=\"auto, (max-width: 300px) 100vw, 300px\" \/><\/a>\n\t\t\t<\/div><\/figure><figure class='gallery-item'>\n\t\t\t<div class='gallery-icon landscape'>\n\t\t\t\t<a href='https:\/\/liceum.kard.hlonda.pl\/index.php\/2020\/06\/28\/zakonczenie-roku-szkolnego\/zakonczenie-roku-szkolnego-125\/'><img loading=\"lazy\" decoding=\"async\" width=\"300\" height=\"225\" src=\"https:\/\/liceum.kard.hlonda.pl\/wp-content\/uploads\/2020\/06\/Zako\u0144czenie-roku-szkolnego-125-300x225.jpg\" class=\"attachment-medium size-medium\" alt=\"\" srcset=\"https:\/\/liceum.kard.hlonda.pl\/wp-content\/uploads\/2020\/06\/Zako\u0144czenie-roku-szkolnego-125-300x225.jpg 300w, https:\/\/liceum.kard.hlonda.pl\/wp-content\/uploads\/2020\/06\/Zako\u0144czenie-roku-szkolnego-125-467x350.jpg 467w, https:\/\/liceum.kard.hlonda.pl\/wp-content\/uploads\/2020\/06\/Zako\u0144czenie-roku-szkolnego-125.jpg 675w\" sizes=\"auto, (max-width: 300px) 100vw, 300px\" \/><\/a>\n\t\t\t<\/div><\/figure><figure class='gallery-item'>\n\t\t\t<div class='gallery-icon landscape'>\n\t\t\t\t<a href='https:\/\/liceum.kard.hlonda.pl\/index.php\/2020\/06\/28\/zakonczenie-roku-szkolnego\/zakonczenie-roku-szkolnego-126\/'><img loading=\"lazy\" decoding=\"async\" width=\"300\" height=\"225\" src=\"https:\/\/liceum.kard.hlonda.pl\/wp-content\/uploads\/2020\/06\/Zako\u0144czenie-roku-szkolnego-126-300x225.jpg\" class=\"attachment-medium size-medium\" alt=\"\" srcset=\"https:\/\/liceum.kard.hlonda.pl\/wp-content\/uploads\/2020\/06\/Zako\u0144czenie-roku-szkolnego-126-300x225.jpg 300w, https:\/\/liceum.kard.hlonda.pl\/wp-content\/uploads\/2020\/06\/Zako\u0144czenie-roku-szkolnego-126-467x350.jpg 467w, https:\/\/liceum.kard.hlonda.pl\/wp-content\/uploads\/2020\/06\/Zako\u0144czenie-roku-szkolnego-126.jpg 675w\" sizes=\"auto, (max-width: 300px) 100vw, 300px\" \/><\/a>\n\t\t\t<\/div><\/figure><figure class='gallery-item'>\n\t\t\t<div class='gallery-icon landscape'>\n\t\t\t\t<a href='https:\/\/liceum.kard.hlonda.pl\/index.php\/2020\/06\/28\/zakonczenie-roku-szkolnego\/zakonczenie-roku-szkolnego-127\/'><img loading=\"lazy\" decoding=\"async\" width=\"300\" height=\"225\" src=\"https:\/\/liceum.kard.hlonda.pl\/wp-content\/uploads\/2020\/06\/Zako\u0144czenie-roku-szkolnego-127-300x225.jpg\" class=\"attachment-medium size-medium\" alt=\"\" srcset=\"https:\/\/liceum.kard.hlonda.pl\/wp-content\/uploads\/2020\/06\/Zako\u0144czenie-roku-szkolnego-127-300x225.jpg 300w, https:\/\/liceum.kard.hlonda.pl\/wp-content\/uploads\/2020\/06\/Zako\u0144czenie-roku-szkolnego-127-467x350.jpg 467w, https:\/\/liceum.kard.hlonda.pl\/wp-content\/uploads\/2020\/06\/Zako\u0144czenie-roku-szkolnego-127.jpg 675w\" sizes=\"auto, (max-width: 300px) 100vw, 300px\" \/><\/a>\n\t\t\t<\/div><\/figure><figure class='gallery-item'>\n\t\t\t<div class='gallery-icon landscape'>\n\t\t\t\t<a href='https:\/\/liceum.kard.hlonda.pl\/index.php\/2020\/06\/28\/zakonczenie-roku-szkolnego\/zakonczenie-roku-szkolnego-128\/'><img loading=\"lazy\" decoding=\"async\" width=\"300\" height=\"225\" src=\"https:\/\/liceum.kard.hlonda.pl\/wp-content\/uploads\/2020\/06\/Zako\u0144czenie-roku-szkolnego-128-300x225.jpg\" class=\"attachment-medium size-medium\" alt=\"\" srcset=\"https:\/\/liceum.kard.hlonda.pl\/wp-content\/uploads\/2020\/06\/Zako\u0144czenie-roku-szkolnego-128-300x225.jpg 300w, https:\/\/liceum.kard.hlonda.pl\/wp-content\/uploads\/2020\/06\/Zako\u0144czenie-roku-szkolnego-128-467x350.jpg 467w, https:\/\/liceum.kard.hlonda.pl\/wp-content\/uploads\/2020\/06\/Zako\u0144czenie-roku-szkolnego-128.jpg 675w\" sizes=\"auto, (max-width: 300px) 100vw, 300px\" \/><\/a>\n\t\t\t<\/div><\/figure><figure class='gallery-item'>\n\t\t\t<div class='gallery-icon landscape'>\n\t\t\t\t<a href='https:\/\/liceum.kard.hlonda.pl\/index.php\/2020\/06\/28\/zakonczenie-roku-szkolnego\/zakonczenie-roku-szkolnego-129\/'><img loading=\"lazy\" decoding=\"async\" width=\"300\" height=\"225\" src=\"https:\/\/liceum.kard.hlonda.pl\/wp-content\/uploads\/2020\/06\/Zako\u0144czenie-roku-szkolnego-129-300x225.jpg\" class=\"attachment-medium size-medium\" alt=\"\" srcset=\"https:\/\/liceum.kard.hlonda.pl\/wp-content\/uploads\/2020\/06\/Zako\u0144czenie-roku-szkolnego-129-300x225.jpg 300w, https:\/\/liceum.kard.hlonda.pl\/wp-content\/uploads\/2020\/06\/Zako\u0144czenie-roku-szkolnego-129-467x350.jpg 467w, https:\/\/liceum.kard.hlonda.pl\/wp-content\/uploads\/2020\/06\/Zako\u0144czenie-roku-szkolnego-129.jpg 675w\" sizes=\"auto, (max-width: 300px) 100vw, 300px\" \/><\/a>\n\t\t\t<\/div><\/figure><figure class='gallery-item'>\n\t\t\t<div class='gallery-icon landscape'>\n\t\t\t\t<a href='https:\/\/liceum.kard.hlonda.pl\/index.php\/2020\/06\/28\/zakonczenie-roku-szkolnego\/zakonczenie-roku-szkolnego-130\/'><img loading=\"lazy\" decoding=\"async\" width=\"300\" height=\"200\" src=\"https:\/\/liceum.kard.hlonda.pl\/wp-content\/uploads\/2020\/06\/Zako\u0144czenie-roku-szkolnego-130-300x200.jpg\" class=\"attachment-medium size-medium\" alt=\"\" srcset=\"https:\/\/liceum.kard.hlonda.pl\/wp-content\/uploads\/2020\/06\/Zako\u0144czenie-roku-szkolnego-130-300x200.jpg 300w, https:\/\/liceum.kard.hlonda.pl\/wp-content\/uploads\/2020\/06\/Zako\u0144czenie-roku-szkolnego-130-525x350.jpg 525w, https:\/\/liceum.kard.hlonda.pl\/wp-content\/uploads\/2020\/06\/Zako\u0144czenie-roku-szkolnego-130.jpg 675w\" sizes=\"auto, (max-width: 300px) 100vw, 300px\" \/><\/a>\n\t\t\t<\/div><\/figure><figure class='gallery-item'>\n\t\t\t<div class='gallery-icon landscape'>\n\t\t\t\t<a href='https:\/\/liceum.kard.hlonda.pl\/index.php\/2020\/06\/28\/zakonczenie-roku-szkolnego\/zakonczenie-roku-szkolnego-131\/'><img loading=\"lazy\" decoding=\"async\" width=\"300\" height=\"200\" src=\"https:\/\/liceum.kard.hlonda.pl\/wp-content\/uploads\/2020\/06\/Zako\u0144czenie-roku-szkolnego-131-300x200.jpg\" class=\"attachment-medium size-medium\" alt=\"\" srcset=\"https:\/\/liceum.kard.hlonda.pl\/wp-content\/uploads\/2020\/06\/Zako\u0144czenie-roku-szkolnego-131-300x200.jpg 300w, https:\/\/liceum.kard.hlonda.pl\/wp-content\/uploads\/2020\/06\/Zako\u0144czenie-roku-szkolnego-131-525x350.jpg 525w, https:\/\/liceum.kard.hlonda.pl\/wp-content\/uploads\/2020\/06\/Zako\u0144czenie-roku-szkolnego-131.jpg 675w\" sizes=\"auto, (max-width: 300px) 100vw, 300px\" \/><\/a>\n\t\t\t<\/div><\/figure><figure class='gallery-item'>\n\t\t\t<div class='gallery-icon landscape'>\n\t\t\t\t<a href='https:\/\/liceum.kard.hlonda.pl\/index.php\/2020\/06\/28\/zakonczenie-roku-szkolnego\/zakonczenie-roku-szkolnego-132\/'><img loading=\"lazy\" decoding=\"async\" width=\"300\" height=\"225\" src=\"https:\/\/liceum.kard.hlonda.pl\/wp-content\/uploads\/2020\/06\/Zako\u0144czenie-roku-szkolnego-132-300x225.jpg\" class=\"attachment-medium size-medium\" alt=\"\" srcset=\"https:\/\/liceum.kard.hlonda.pl\/wp-content\/uploads\/2020\/06\/Zako\u0144czenie-roku-szkolnego-132-300x225.jpg 300w, https:\/\/liceum.kard.hlonda.pl\/wp-content\/uploads\/2020\/06\/Zako\u0144czenie-roku-szkolnego-132-467x350.jpg 467w, https:\/\/liceum.kard.hlonda.pl\/wp-content\/uploads\/2020\/06\/Zako\u0144czenie-roku-szkolnego-132.jpg 675w\" sizes=\"auto, (max-width: 300px) 100vw, 300px\" \/><\/a>\n\t\t\t<\/div><\/figure><figure class='gallery-item'>\n\t\t\t<div class='gallery-icon landscape'>\n\t\t\t\t<a href='https:\/\/liceum.kard.hlonda.pl\/index.php\/2020\/06\/28\/zakonczenie-roku-szkolnego\/zakonczenie-roku-szkolnego-133\/'><img loading=\"lazy\" decoding=\"async\" width=\"300\" height=\"225\" src=\"https:\/\/liceum.kard.hlonda.pl\/wp-content\/uploads\/2020\/06\/Zako\u0144czenie-roku-szkolnego-133-300x225.jpg\" class=\"attachment-medium size-medium\" alt=\"\" srcset=\"https:\/\/liceum.kard.hlonda.pl\/wp-content\/uploads\/2020\/06\/Zako\u0144czenie-roku-szkolnego-133-300x225.jpg 300w, https:\/\/liceum.kard.hlonda.pl\/wp-content\/uploads\/2020\/06\/Zako\u0144czenie-roku-szkolnego-133-467x350.jpg 467w, https:\/\/liceum.kard.hlonda.pl\/wp-content\/uploads\/2020\/06\/Zako\u0144czenie-roku-szkolnego-133.jpg 675w\" sizes=\"auto, (max-width: 300px) 100vw, 300px\" \/><\/a>\n\t\t\t<\/div><\/figure><figure class='gallery-item'>\n\t\t\t<div class='gallery-icon landscape'>\n\t\t\t\t<a href='https:\/\/liceum.kard.hlonda.pl\/index.php\/2020\/06\/28\/zakonczenie-roku-szkolnego\/zakonczenie-roku-szkolnego-134\/'><img loading=\"lazy\" decoding=\"async\" width=\"300\" height=\"225\" src=\"https:\/\/liceum.kard.hlonda.pl\/wp-content\/uploads\/2020\/06\/Zako\u0144czenie-roku-szkolnego-134-300x225.jpg\" class=\"attachment-medium size-medium\" alt=\"\" srcset=\"https:\/\/liceum.kard.hlonda.pl\/wp-content\/uploads\/2020\/06\/Zako\u0144czenie-roku-szkolnego-134-300x225.jpg 300w, https:\/\/liceum.kard.hlonda.pl\/wp-content\/uploads\/2020\/06\/Zako\u0144czenie-roku-szkolnego-134-467x350.jpg 467w, https:\/\/liceum.kard.hlonda.pl\/wp-content\/uploads\/2020\/06\/Zako\u0144czenie-roku-szkolnego-134.jpg 675w\" sizes=\"auto, (max-width: 300px) 100vw, 300px\" \/><\/a>\n\t\t\t<\/div><\/figure><figure class='gallery-item'>\n\t\t\t<div class='gallery-icon landscape'>\n\t\t\t\t<a href='https:\/\/liceum.kard.hlonda.pl\/index.php\/2020\/06\/28\/zakonczenie-roku-szkolnego\/zakonczenie-roku-szkolnego-135\/'><img loading=\"lazy\" decoding=\"async\" width=\"300\" height=\"225\" src=\"https:\/\/liceum.kard.hlonda.pl\/wp-content\/uploads\/2020\/06\/Zako\u0144czenie-roku-szkolnego-135-300x225.jpg\" class=\"attachment-medium size-medium\" alt=\"\" srcset=\"https:\/\/liceum.kard.hlonda.pl\/wp-content\/uploads\/2020\/06\/Zako\u0144czenie-roku-szkolnego-135-300x225.jpg 300w, https:\/\/liceum.kard.hlonda.pl\/wp-content\/uploads\/2020\/06\/Zako\u0144czenie-roku-szkolnego-135-467x350.jpg 467w, https:\/\/liceum.kard.hlonda.pl\/wp-content\/uploads\/2020\/06\/Zako\u0144czenie-roku-szkolnego-135.jpg 675w\" sizes=\"auto, (max-width: 300px) 100vw, 300px\" \/><\/a>\n\t\t\t<\/div><\/figure><figure class='gallery-item'>\n\t\t\t<div class='gallery-icon landscape'>\n\t\t\t\t<a href='https:\/\/liceum.kard.hlonda.pl\/index.php\/2020\/06\/28\/zakonczenie-roku-szkolnego\/zakonczenie-roku-szkolnego-136\/'><img loading=\"lazy\" decoding=\"async\" width=\"300\" height=\"225\" src=\"https:\/\/liceum.kard.hlonda.pl\/wp-content\/uploads\/2020\/06\/Zako\u0144czenie-roku-szkolnego-136-300x225.jpg\" class=\"attachment-medium size-medium\" alt=\"\" srcset=\"https:\/\/liceum.kard.hlonda.pl\/wp-content\/uploads\/2020\/06\/Zako\u0144czenie-roku-szkolnego-136-300x225.jpg 300w, https:\/\/liceum.kard.hlonda.pl\/wp-content\/uploads\/2020\/06\/Zako\u0144czenie-roku-szkolnego-136-467x350.jpg 467w, https:\/\/liceum.kard.hlonda.pl\/wp-content\/uploads\/2020\/06\/Zako\u0144czenie-roku-szkolnego-136.jpg 675w\" sizes=\"auto, (max-width: 300px) 100vw, 300px\" \/><\/a>\n\t\t\t<\/div><\/figure><figure class='gallery-item'>\n\t\t\t<div class='gallery-icon landscape'>\n\t\t\t\t<a href='https:\/\/liceum.kard.hlonda.pl\/index.php\/2020\/06\/28\/zakonczenie-roku-szkolnego\/zakonczenie-roku-szkolnego-137\/'><img loading=\"lazy\" decoding=\"async\" width=\"300\" height=\"225\" src=\"https:\/\/liceum.kard.hlonda.pl\/wp-content\/uploads\/2020\/06\/Zako\u0144czenie-roku-szkolnego-137-300x225.jpg\" class=\"attachment-medium size-medium\" alt=\"\" srcset=\"https:\/\/liceum.kard.hlonda.pl\/wp-content\/uploads\/2020\/06\/Zako\u0144czenie-roku-szkolnego-137-300x225.jpg 300w, https:\/\/liceum.kard.hlonda.pl\/wp-content\/uploads\/2020\/06\/Zako\u0144czenie-roku-szkolnego-137-467x350.jpg 467w, https:\/\/liceum.kard.hlonda.pl\/wp-content\/uploads\/2020\/06\/Zako\u0144czenie-roku-szkolnego-137.jpg 675w\" sizes=\"auto, (max-width: 300px) 100vw, 300px\" \/><\/a>\n\t\t\t<\/div><\/figure><figure class='gallery-item'>\n\t\t\t<div class='gallery-icon landscape'>\n\t\t\t\t<a href='https:\/\/liceum.kard.hlonda.pl\/index.php\/2020\/06\/28\/zakonczenie-roku-szkolnego\/zakonczenie-roku-szkolnego-138\/'><img loading=\"lazy\" decoding=\"async\" width=\"300\" height=\"225\" src=\"https:\/\/liceum.kard.hlonda.pl\/wp-content\/uploads\/2020\/06\/Zako\u0144czenie-roku-szkolnego-138-300x225.jpg\" class=\"attachment-medium size-medium\" alt=\"\" srcset=\"https:\/\/liceum.kard.hlonda.pl\/wp-content\/uploads\/2020\/06\/Zako\u0144czenie-roku-szkolnego-138-300x225.jpg 300w, https:\/\/liceum.kard.hlonda.pl\/wp-content\/uploads\/2020\/06\/Zako\u0144czenie-roku-szkolnego-138-467x350.jpg 467w, https:\/\/liceum.kard.hlonda.pl\/wp-content\/uploads\/2020\/06\/Zako\u0144czenie-roku-szkolnego-138.jpg 675w\" sizes=\"auto, (max-width: 300px) 100vw, 300px\" \/><\/a>\n\t\t\t<\/div><\/figure><figure class='gallery-item'>\n\t\t\t<div class='gallery-icon landscape'>\n\t\t\t\t<a href='https:\/\/liceum.kard.hlonda.pl\/index.php\/2020\/06\/28\/zakonczenie-roku-szkolnego\/zakonczenie-roku-szkolnego-139\/'><img loading=\"lazy\" decoding=\"async\" width=\"300\" height=\"225\" src=\"https:\/\/liceum.kard.hlonda.pl\/wp-content\/uploads\/2020\/06\/Zako\u0144czenie-roku-szkolnego-139-300x225.jpg\" class=\"attachment-medium size-medium\" alt=\"\" srcset=\"https:\/\/liceum.kard.hlonda.pl\/wp-content\/uploads\/2020\/06\/Zako\u0144czenie-roku-szkolnego-139-300x225.jpg 300w, https:\/\/liceum.kard.hlonda.pl\/wp-content\/uploads\/2020\/06\/Zako\u0144czenie-roku-szkolnego-139-467x350.jpg 467w, https:\/\/liceum.kard.hlonda.pl\/wp-content\/uploads\/2020\/06\/Zako\u0144czenie-roku-szkolnego-139.jpg 675w\" sizes=\"auto, (max-width: 300px) 100vw, 300px\" \/><\/a>\n\t\t\t<\/div><\/figure><figure class='gallery-item'>\n\t\t\t<div class='gallery-icon landscape'>\n\t\t\t\t<a href='https:\/\/liceum.kard.hlonda.pl\/index.php\/2020\/06\/28\/zakonczenie-roku-szkolnego\/zakonczenie-roku-szkolnego-140\/'><img loading=\"lazy\" decoding=\"async\" width=\"300\" height=\"225\" src=\"https:\/\/liceum.kard.hlonda.pl\/wp-content\/uploads\/2020\/06\/Zako\u0144czenie-roku-szkolnego-140-300x225.jpg\" class=\"attachment-medium size-medium\" alt=\"\" srcset=\"https:\/\/liceum.kard.hlonda.pl\/wp-content\/uploads\/2020\/06\/Zako\u0144czenie-roku-szkolnego-140-300x225.jpg 300w, https:\/\/liceum.kard.hlonda.pl\/wp-content\/uploads\/2020\/06\/Zako\u0144czenie-roku-szkolnego-140-467x350.jpg 467w, https:\/\/liceum.kard.hlonda.pl\/wp-content\/uploads\/2020\/06\/Zako\u0144czenie-roku-szkolnego-140.jpg 675w\" sizes=\"auto, (max-width: 300px) 100vw, 300px\" \/><\/a>\n\t\t\t<\/div><\/figure><figure class='gallery-item'>\n\t\t\t<div class='gallery-icon landscape'>\n\t\t\t\t<a href='https:\/\/liceum.kard.hlonda.pl\/index.php\/2020\/06\/28\/zakonczenie-roku-szkolnego\/zakonczenie-roku-szkolnego-141\/'><img loading=\"lazy\" decoding=\"async\" width=\"300\" height=\"225\" src=\"https:\/\/liceum.kard.hlonda.pl\/wp-content\/uploads\/2020\/06\/Zako\u0144czenie-roku-szkolnego-141-300x225.jpg\" class=\"attachment-medium size-medium\" alt=\"\" srcset=\"https:\/\/liceum.kard.hlonda.pl\/wp-content\/uploads\/2020\/06\/Zako\u0144czenie-roku-szkolnego-141-300x225.jpg 300w, https:\/\/liceum.kard.hlonda.pl\/wp-content\/uploads\/2020\/06\/Zako\u0144czenie-roku-szkolnego-141-467x350.jpg 467w, https:\/\/liceum.kard.hlonda.pl\/wp-content\/uploads\/2020\/06\/Zako\u0144czenie-roku-szkolnego-141.jpg 675w\" sizes=\"auto, (max-width: 300px) 100vw, 300px\" \/><\/a>\n\t\t\t<\/div><\/figure><figure class='gallery-item'>\n\t\t\t<div class='gallery-icon landscape'>\n\t\t\t\t<a href='https:\/\/liceum.kard.hlonda.pl\/index.php\/2020\/06\/28\/zakonczenie-roku-szkolnego\/zakonczenie-roku-szkolnego-142\/'><img loading=\"lazy\" decoding=\"async\" width=\"300\" height=\"225\" src=\"https:\/\/liceum.kard.hlonda.pl\/wp-content\/uploads\/2020\/06\/Zako\u0144czenie-roku-szkolnego-142-300x225.jpg\" class=\"attachment-medium size-medium\" alt=\"\" srcset=\"https:\/\/liceum.kard.hlonda.pl\/wp-content\/uploads\/2020\/06\/Zako\u0144czenie-roku-szkolnego-142-300x225.jpg 300w, https:\/\/liceum.kard.hlonda.pl\/wp-content\/uploads\/2020\/06\/Zako\u0144czenie-roku-szkolnego-142-467x350.jpg 467w, https:\/\/liceum.kard.hlonda.pl\/wp-content\/uploads\/2020\/06\/Zako\u0144czenie-roku-szkolnego-142.jpg 675w\" sizes=\"auto, (max-width: 300px) 100vw, 300px\" \/><\/a>\n\t\t\t<\/div><\/figure><figure class='gallery-item'>\n\t\t\t<div class='gallery-icon landscape'>\n\t\t\t\t<a href='https:\/\/liceum.kard.hlonda.pl\/index.php\/2020\/06\/28\/zakonczenie-roku-szkolnego\/zakonczenie-roku-szkolnego-143\/'><img loading=\"lazy\" decoding=\"async\" width=\"300\" height=\"225\" src=\"https:\/\/liceum.kard.hlonda.pl\/wp-content\/uploads\/2020\/06\/Zako\u0144czenie-roku-szkolnego-143-300x225.jpg\" class=\"attachment-medium size-medium\" alt=\"\" srcset=\"https:\/\/liceum.kard.hlonda.pl\/wp-content\/uploads\/2020\/06\/Zako\u0144czenie-roku-szkolnego-143-300x225.jpg 300w, https:\/\/liceum.kard.hlonda.pl\/wp-content\/uploads\/2020\/06\/Zako\u0144czenie-roku-szkolnego-143-467x350.jpg 467w, https:\/\/liceum.kard.hlonda.pl\/wp-content\/uploads\/2020\/06\/Zako\u0144czenie-roku-szkolnego-143.jpg 675w\" sizes=\"auto, (max-width: 300px) 100vw, 300px\" \/><\/a>\n\t\t\t<\/div><\/figure><figure class='gallery-item'>\n\t\t\t<div class='gallery-icon landscape'>\n\t\t\t\t<a href='https:\/\/liceum.kard.hlonda.pl\/index.php\/2020\/06\/28\/zakonczenie-roku-szkolnego\/zakonczenie-roku-szkolnego-144\/'><img loading=\"lazy\" decoding=\"async\" width=\"300\" height=\"225\" src=\"https:\/\/liceum.kard.hlonda.pl\/wp-content\/uploads\/2020\/06\/Zako\u0144czenie-roku-szkolnego-144-300x225.jpg\" class=\"attachment-medium size-medium\" alt=\"\" srcset=\"https:\/\/liceum.kard.hlonda.pl\/wp-content\/uploads\/2020\/06\/Zako\u0144czenie-roku-szkolnego-144-300x225.jpg 300w, https:\/\/liceum.kard.hlonda.pl\/wp-content\/uploads\/2020\/06\/Zako\u0144czenie-roku-szkolnego-144-467x350.jpg 467w, https:\/\/liceum.kard.hlonda.pl\/wp-content\/uploads\/2020\/06\/Zako\u0144czenie-roku-szkolnego-144.jpg 675w\" sizes=\"auto, (max-width: 300px) 100vw, 300px\" \/><\/a>\n\t\t\t<\/div><\/figure><figure class='gallery-item'>\n\t\t\t<div class='gallery-icon landscape'>\n\t\t\t\t<a href='https:\/\/liceum.kard.hlonda.pl\/index.php\/2020\/06\/28\/zakonczenie-roku-szkolnego\/zakonczenie-roku-szkolnego-145\/'><img loading=\"lazy\" decoding=\"async\" width=\"300\" height=\"225\" src=\"https:\/\/liceum.kard.hlonda.pl\/wp-content\/uploads\/2020\/06\/Zako\u0144czenie-roku-szkolnego-145-300x225.jpg\" class=\"attachment-medium size-medium\" alt=\"\" srcset=\"https:\/\/liceum.kard.hlonda.pl\/wp-content\/uploads\/2020\/06\/Zako\u0144czenie-roku-szkolnego-145-300x225.jpg 300w, https:\/\/liceum.kard.hlonda.pl\/wp-content\/uploads\/2020\/06\/Zako\u0144czenie-roku-szkolnego-145-467x350.jpg 467w, https:\/\/liceum.kard.hlonda.pl\/wp-content\/uploads\/2020\/06\/Zako\u0144czenie-roku-szkolnego-145.jpg 675w\" sizes=\"auto, (max-width: 300px) 100vw, 300px\" \/><\/a>\n\t\t\t<\/div><\/figure><figure class='gallery-item'>\n\t\t\t<div class='gallery-icon landscape'>\n\t\t\t\t<a href='https:\/\/liceum.kard.hlonda.pl\/index.php\/2020\/06\/28\/zakonczenie-roku-szkolnego\/zakonczenie-roku-szkolnego-146\/'><img loading=\"lazy\" decoding=\"async\" width=\"300\" height=\"225\" src=\"https:\/\/liceum.kard.hlonda.pl\/wp-content\/uploads\/2020\/06\/Zako\u0144czenie-roku-szkolnego-146-300x225.jpg\" class=\"attachment-medium size-medium\" alt=\"\" srcset=\"https:\/\/liceum.kard.hlonda.pl\/wp-content\/uploads\/2020\/06\/Zako\u0144czenie-roku-szkolnego-146-300x225.jpg 300w, https:\/\/liceum.kard.hlonda.pl\/wp-content\/uploads\/2020\/06\/Zako\u0144czenie-roku-szkolnego-146-467x350.jpg 467w, https:\/\/liceum.kard.hlonda.pl\/wp-content\/uploads\/2020\/06\/Zako\u0144czenie-roku-szkolnego-146.jpg 675w\" sizes=\"auto, (max-width: 300px) 100vw, 300px\" \/><\/a>\n\t\t\t<\/div><\/figure><figure class='gallery-item'>\n\t\t\t<div class='gallery-icon landscape'>\n\t\t\t\t<a href='https:\/\/liceum.kard.hlonda.pl\/index.php\/2020\/06\/28\/zakonczenie-roku-szkolnego\/zakonczenie-roku-szkolnego-147\/'><img loading=\"lazy\" decoding=\"async\" width=\"300\" height=\"225\" src=\"https:\/\/liceum.kard.hlonda.pl\/wp-content\/uploads\/2020\/06\/Zako\u0144czenie-roku-szkolnego-147-300x225.jpg\" class=\"attachment-medium size-medium\" alt=\"\" srcset=\"https:\/\/liceum.kard.hlonda.pl\/wp-content\/uploads\/2020\/06\/Zako\u0144czenie-roku-szkolnego-147-300x225.jpg 300w, https:\/\/liceum.kard.hlonda.pl\/wp-content\/uploads\/2020\/06\/Zako\u0144czenie-roku-szkolnego-147-467x350.jpg 467w, https:\/\/liceum.kard.hlonda.pl\/wp-content\/uploads\/2020\/06\/Zako\u0144czenie-roku-szkolnego-147.jpg 675w\" sizes=\"auto, (max-width: 300px) 100vw, 300px\" \/><\/a>\n\t\t\t<\/div><\/figure><figure class='gallery-item'>\n\t\t\t<div class='gallery-icon landscape'>\n\t\t\t\t<a href='https:\/\/liceum.kard.hlonda.pl\/index.php\/2020\/06\/28\/zakonczenie-roku-szkolnego\/zakonczenie-roku-szkolnego-148\/'><img loading=\"lazy\" decoding=\"async\" width=\"300\" height=\"225\" src=\"https:\/\/liceum.kard.hlonda.pl\/wp-content\/uploads\/2020\/06\/Zako\u0144czenie-roku-szkolnego-148-300x225.jpg\" class=\"attachment-medium size-medium\" alt=\"\" srcset=\"https:\/\/liceum.kard.hlonda.pl\/wp-content\/uploads\/2020\/06\/Zako\u0144czenie-roku-szkolnego-148-300x225.jpg 300w, https:\/\/liceum.kard.hlonda.pl\/wp-content\/uploads\/2020\/06\/Zako\u0144czenie-roku-szkolnego-148-467x350.jpg 467w, https:\/\/liceum.kard.hlonda.pl\/wp-content\/uploads\/2020\/06\/Zako\u0144czenie-roku-szkolnego-148.jpg 675w\" sizes=\"auto, (max-width: 300px) 100vw, 300px\" \/><\/a>\n\t\t\t<\/div><\/figure><figure class='gallery-item'>\n\t\t\t<div class='gallery-icon landscape'>\n\t\t\t\t<a href='https:\/\/liceum.kard.hlonda.pl\/index.php\/2020\/06\/28\/zakonczenie-roku-szkolnego\/zakonczenie-roku-szkolnego-149\/'><img loading=\"lazy\" decoding=\"async\" width=\"300\" height=\"225\" src=\"https:\/\/liceum.kard.hlonda.pl\/wp-content\/uploads\/2020\/06\/Zako\u0144czenie-roku-szkolnego-149-300x225.jpg\" class=\"attachment-medium size-medium\" alt=\"\" srcset=\"https:\/\/liceum.kard.hlonda.pl\/wp-content\/uploads\/2020\/06\/Zako\u0144czenie-roku-szkolnego-149-300x225.jpg 300w, https:\/\/liceum.kard.hlonda.pl\/wp-content\/uploads\/2020\/06\/Zako\u0144czenie-roku-szkolnego-149-467x350.jpg 467w, https:\/\/liceum.kard.hlonda.pl\/wp-content\/uploads\/2020\/06\/Zako\u0144czenie-roku-szkolnego-149.jpg 675w\" sizes=\"auto, (max-width: 300px) 100vw, 300px\" \/><\/a>\n\t\t\t<\/div><\/figure><figure class='gallery-item'>\n\t\t\t<div class='gallery-icon landscape'>\n\t\t\t\t<a href='https:\/\/liceum.kard.hlonda.pl\/index.php\/2020\/06\/28\/zakonczenie-roku-szkolnego\/zakonczenie-roku-szkolnego-150\/'><img loading=\"lazy\" decoding=\"async\" width=\"300\" height=\"225\" src=\"https:\/\/liceum.kard.hlonda.pl\/wp-content\/uploads\/2020\/06\/Zako\u0144czenie-roku-szkolnego-150-300x225.jpg\" class=\"attachment-medium size-medium\" alt=\"\" srcset=\"https:\/\/liceum.kard.hlonda.pl\/wp-content\/uploads\/2020\/06\/Zako\u0144czenie-roku-szkolnego-150-300x225.jpg 300w, https:\/\/liceum.kard.hlonda.pl\/wp-content\/uploads\/2020\/06\/Zako\u0144czenie-roku-szkolnego-150-467x350.jpg 467w, https:\/\/liceum.kard.hlonda.pl\/wp-content\/uploads\/2020\/06\/Zako\u0144czenie-roku-szkolnego-150.jpg 675w\" sizes=\"auto, (max-width: 300px) 100vw, 300px\" \/><\/a>\n\t\t\t<\/div><\/figure><figure class='gallery-item'>\n\t\t\t<div class='gallery-icon portrait'>\n\t\t\t\t<a href='https:\/\/liceum.kard.hlonda.pl\/index.php\/2020\/06\/28\/zakonczenie-roku-szkolnego\/zakonczenie-roku-szkolnego-151\/'><img loading=\"lazy\" decoding=\"async\" width=\"225\" height=\"300\" src=\"https:\/\/liceum.kard.hlonda.pl\/wp-content\/uploads\/2020\/06\/Zako\u0144czenie-roku-szkolnego-151-225x300.jpg\" class=\"attachment-medium size-medium\" alt=\"\" srcset=\"https:\/\/liceum.kard.hlonda.pl\/wp-content\/uploads\/2020\/06\/Zako\u0144czenie-roku-szkolnego-151-225x300.jpg 225w, https:\/\/liceum.kard.hlonda.pl\/wp-content\/uploads\/2020\/06\/Zako\u0144czenie-roku-szkolnego-151-263x350.jpg 263w, https:\/\/liceum.kard.hlonda.pl\/wp-content\/uploads\/2020\/06\/Zako\u0144czenie-roku-szkolnego-151.jpg 675w\" sizes=\"auto, (max-width: 225px) 100vw, 225px\" \/><\/a>\n\t\t\t<\/div><\/figure><figure class='gallery-item'>\n\t\t\t<div class='gallery-icon portrait'>\n\t\t\t\t<a href='https:\/\/liceum.kard.hlonda.pl\/index.php\/2020\/06\/28\/zakonczenie-roku-szkolnego\/zakonczenie-roku-szkolnego-152\/'><img loading=\"lazy\" decoding=\"async\" width=\"225\" height=\"300\" src=\"https:\/\/liceum.kard.hlonda.pl\/wp-content\/uploads\/2020\/06\/Zako\u0144czenie-roku-szkolnego-152-225x300.jpg\" class=\"attachment-medium size-medium\" alt=\"\" srcset=\"https:\/\/liceum.kard.hlonda.pl\/wp-content\/uploads\/2020\/06\/Zako\u0144czenie-roku-szkolnego-152-225x300.jpg 225w, https:\/\/liceum.kard.hlonda.pl\/wp-content\/uploads\/2020\/06\/Zako\u0144czenie-roku-szkolnego-152-263x350.jpg 263w, https:\/\/liceum.kard.hlonda.pl\/wp-content\/uploads\/2020\/06\/Zako\u0144czenie-roku-szkolnego-152.jpg 675w\" sizes=\"auto, (max-width: 225px) 100vw, 225px\" \/><\/a>\n\t\t\t<\/div><\/figure><figure class='gallery-item'>\n\t\t\t<div class='gallery-icon portrait'>\n\t\t\t\t<a href='https:\/\/liceum.kard.hlonda.pl\/index.php\/2020\/06\/28\/zakonczenie-roku-szkolnego\/zakonczenie-roku-szkolnego-153\/'><img loading=\"lazy\" decoding=\"async\" width=\"225\" height=\"300\" src=\"https:\/\/liceum.kard.hlonda.pl\/wp-content\/uploads\/2020\/06\/Zako\u0144czenie-roku-szkolnego-153-225x300.jpg\" class=\"attachment-medium size-medium\" alt=\"\" srcset=\"https:\/\/liceum.kard.hlonda.pl\/wp-content\/uploads\/2020\/06\/Zako\u0144czenie-roku-szkolnego-153-225x300.jpg 225w, https:\/\/liceum.kard.hlonda.pl\/wp-content\/uploads\/2020\/06\/Zako\u0144czenie-roku-szkolnego-153-263x350.jpg 263w, https:\/\/liceum.kard.hlonda.pl\/wp-content\/uploads\/2020\/06\/Zako\u0144czenie-roku-szkolnego-153.jpg 675w\" sizes=\"auto, (max-width: 225px) 100vw, 225px\" \/><\/a>\n\t\t\t<\/div><\/figure><figure class='gallery-item'>\n\t\t\t<div class='gallery-icon portrait'>\n\t\t\t\t<a href='https:\/\/liceum.kard.hlonda.pl\/index.php\/2020\/06\/28\/zakonczenie-roku-szkolnego\/zakonczenie-roku-szkolnego-154\/'><img loading=\"lazy\" decoding=\"async\" width=\"225\" height=\"300\" src=\"https:\/\/liceum.kard.hlonda.pl\/wp-content\/uploads\/2020\/06\/Zako\u0144czenie-roku-szkolnego-154-225x300.jpg\" class=\"attachment-medium size-medium\" alt=\"\" srcset=\"https:\/\/liceum.kard.hlonda.pl\/wp-content\/uploads\/2020\/06\/Zako\u0144czenie-roku-szkolnego-154-225x300.jpg 225w, https:\/\/liceum.kard.hlonda.pl\/wp-content\/uploads\/2020\/06\/Zako\u0144czenie-roku-szkolnego-154-263x350.jpg 263w, https:\/\/liceum.kard.hlonda.pl\/wp-content\/uploads\/2020\/06\/Zako\u0144czenie-roku-szkolnego-154.jpg 675w\" sizes=\"auto, (max-width: 225px) 100vw, 225px\" \/><\/a>\n\t\t\t<\/div><\/figure><figure class='gallery-item'>\n\t\t\t<div class='gallery-icon landscape'>\n\t\t\t\t<a href='https:\/\/liceum.kard.hlonda.pl\/index.php\/2020\/06\/28\/zakonczenie-roku-szkolnego\/zakonczenie-roku-szkolnego-155\/'><img loading=\"lazy\" decoding=\"async\" width=\"300\" height=\"225\" src=\"https:\/\/liceum.kard.hlonda.pl\/wp-content\/uploads\/2020\/06\/Zako\u0144czenie-roku-szkolnego-155-300x225.jpg\" class=\"attachment-medium size-medium\" alt=\"\" srcset=\"https:\/\/liceum.kard.hlonda.pl\/wp-content\/uploads\/2020\/06\/Zako\u0144czenie-roku-szkolnego-155-300x225.jpg 300w, https:\/\/liceum.kard.hlonda.pl\/wp-content\/uploads\/2020\/06\/Zako\u0144czenie-roku-szkolnego-155-467x350.jpg 467w, https:\/\/liceum.kard.hlonda.pl\/wp-content\/uploads\/2020\/06\/Zako\u0144czenie-roku-szkolnego-155.jpg 675w\" sizes=\"auto, (max-width: 300px) 100vw, 300px\" \/><\/a>\n\t\t\t<\/div><\/figure><figure class='gallery-item'>\n\t\t\t<div class='gallery-icon landscape'>\n\t\t\t\t<a href='https:\/\/liceum.kard.hlonda.pl\/index.php\/2020\/06\/28\/zakonczenie-roku-szkolnego\/zakonczenie-roku-szkolnego-156\/'><img loading=\"lazy\" decoding=\"async\" width=\"300\" height=\"225\" src=\"https:\/\/liceum.kard.hlonda.pl\/wp-content\/uploads\/2020\/06\/Zako\u0144czenie-roku-szkolnego-156-300x225.jpg\" class=\"attachment-medium size-medium\" alt=\"\" srcset=\"https:\/\/liceum.kard.hlonda.pl\/wp-content\/uploads\/2020\/06\/Zako\u0144czenie-roku-szkolnego-156-300x225.jpg 300w, https:\/\/liceum.kard.hlonda.pl\/wp-content\/uploads\/2020\/06\/Zako\u0144czenie-roku-szkolnego-156-467x350.jpg 467w, https:\/\/liceum.kard.hlonda.pl\/wp-content\/uploads\/2020\/06\/Zako\u0144czenie-roku-szkolnego-156.jpg 675w\" sizes=\"auto, (max-width: 300px) 100vw, 300px\" \/><\/a>\n\t\t\t<\/div><\/figure><figure class='gallery-item'>\n\t\t\t<div class='gallery-icon landscape'>\n\t\t\t\t<a href='https:\/\/liceum.kard.hlonda.pl\/index.php\/2020\/06\/28\/zakonczenie-roku-szkolnego\/zakonczenie-roku-szkolnego-157\/'><img loading=\"lazy\" decoding=\"async\" width=\"300\" height=\"225\" src=\"https:\/\/liceum.kard.hlonda.pl\/wp-content\/uploads\/2020\/06\/Zako\u0144czenie-roku-szkolnego-157-300x225.jpg\" class=\"attachment-medium size-medium\" alt=\"\" srcset=\"https:\/\/liceum.kard.hlonda.pl\/wp-content\/uploads\/2020\/06\/Zako\u0144czenie-roku-szkolnego-157-300x225.jpg 300w, https:\/\/liceum.kard.hlonda.pl\/wp-content\/uploads\/2020\/06\/Zako\u0144czenie-roku-szkolnego-157-467x350.jpg 467w, https:\/\/liceum.kard.hlonda.pl\/wp-content\/uploads\/2020\/06\/Zako\u0144czenie-roku-szkolnego-157.jpg 675w\" sizes=\"auto, (max-width: 300px) 100vw, 300px\" \/><\/a>\n\t\t\t<\/div><\/figure><figure class='gallery-item'>\n\t\t\t<div class='gallery-icon landscape'>\n\t\t\t\t<a href='https:\/\/liceum.kard.hlonda.pl\/index.php\/2020\/06\/28\/zakonczenie-roku-szkolnego\/zakonczenie-roku-szkolnego-158\/'><img loading=\"lazy\" decoding=\"async\" width=\"300\" height=\"225\" src=\"https:\/\/liceum.kard.hlonda.pl\/wp-content\/uploads\/2020\/06\/Zako\u0144czenie-roku-szkolnego-158-300x225.jpg\" class=\"attachment-medium size-medium\" alt=\"\" srcset=\"https:\/\/liceum.kard.hlonda.pl\/wp-content\/uploads\/2020\/06\/Zako\u0144czenie-roku-szkolnego-158-300x225.jpg 300w, https:\/\/liceum.kard.hlonda.pl\/wp-content\/uploads\/2020\/06\/Zako\u0144czenie-roku-szkolnego-158-467x350.jpg 467w, https:\/\/liceum.kard.hlonda.pl\/wp-content\/uploads\/2020\/06\/Zako\u0144czenie-roku-szkolnego-158.jpg 675w\" sizes=\"auto, (max-width: 300px) 100vw, 300px\" \/><\/a>\n\t\t\t<\/div><\/figure><figure class='gallery-item'>\n\t\t\t<div class='gallery-icon landscape'>\n\t\t\t\t<a href='https:\/\/liceum.kard.hlonda.pl\/index.php\/2020\/06\/28\/zakonczenie-roku-szkolnego\/zakonczenie-roku-szkolnego-159\/'><img loading=\"lazy\" decoding=\"async\" width=\"300\" height=\"225\" src=\"https:\/\/liceum.kard.hlonda.pl\/wp-content\/uploads\/2020\/06\/Zako\u0144czenie-roku-szkolnego-159-300x225.jpg\" class=\"attachment-medium size-medium\" alt=\"\" srcset=\"https:\/\/liceum.kard.hlonda.pl\/wp-content\/uploads\/2020\/06\/Zako\u0144czenie-roku-szkolnego-159-300x225.jpg 300w, https:\/\/liceum.kard.hlonda.pl\/wp-content\/uploads\/2020\/06\/Zako\u0144czenie-roku-szkolnego-159-467x350.jpg 467w, https:\/\/liceum.kard.hlonda.pl\/wp-content\/uploads\/2020\/06\/Zako\u0144czenie-roku-szkolnego-159.jpg 675w\" sizes=\"auto, (max-width: 300px) 100vw, 300px\" \/><\/a>\n\t\t\t<\/div><\/figure><figure class='gallery-item'>\n\t\t\t<div class='gallery-icon landscape'>\n\t\t\t\t<a href='https:\/\/liceum.kard.hlonda.pl\/index.php\/2020\/06\/28\/zakonczenie-roku-szkolnego\/zakonczenie-roku-szkolnego-160\/'><img loading=\"lazy\" decoding=\"async\" width=\"300\" height=\"225\" src=\"https:\/\/liceum.kard.hlonda.pl\/wp-content\/uploads\/2020\/06\/Zako\u0144czenie-roku-szkolnego-160-300x225.jpg\" class=\"attachment-medium size-medium\" alt=\"\" srcset=\"https:\/\/liceum.kard.hlonda.pl\/wp-content\/uploads\/2020\/06\/Zako\u0144czenie-roku-szkolnego-160-300x225.jpg 300w, https:\/\/liceum.kard.hlonda.pl\/wp-content\/uploads\/2020\/06\/Zako\u0144czenie-roku-szkolnego-160-467x350.jpg 467w, https:\/\/liceum.kard.hlonda.pl\/wp-content\/uploads\/2020\/06\/Zako\u0144czenie-roku-szkolnego-160.jpg 675w\" sizes=\"auto, (max-width: 300px) 100vw, 300px\" \/><\/a>\n\t\t\t<\/div><\/figure><figure class='gallery-item'>\n\t\t\t<div class='gallery-icon landscape'>\n\t\t\t\t<a href='https:\/\/liceum.kard.hlonda.pl\/index.php\/2020\/06\/28\/zakonczenie-roku-szkolnego\/zakonczenie-roku-szkolnego-161\/'><img loading=\"lazy\" decoding=\"async\" width=\"300\" height=\"225\" src=\"https:\/\/liceum.kard.hlonda.pl\/wp-content\/uploads\/2020\/06\/Zako\u0144czenie-roku-szkolnego-161-300x225.jpg\" class=\"attachment-medium size-medium\" alt=\"\" srcset=\"https:\/\/liceum.kard.hlonda.pl\/wp-content\/uploads\/2020\/06\/Zako\u0144czenie-roku-szkolnego-161-300x225.jpg 300w, https:\/\/liceum.kard.hlonda.pl\/wp-content\/uploads\/2020\/06\/Zako\u0144czenie-roku-szkolnego-161-467x350.jpg 467w, https:\/\/liceum.kard.hlonda.pl\/wp-content\/uploads\/2020\/06\/Zako\u0144czenie-roku-szkolnego-161.jpg 675w\" sizes=\"auto, (max-width: 300px) 100vw, 300px\" \/><\/a>\n\t\t\t<\/div><\/figure><figure class='gallery-item'>\n\t\t\t<div class='gallery-icon landscape'>\n\t\t\t\t<a href='https:\/\/liceum.kard.hlonda.pl\/index.php\/2020\/06\/28\/zakonczenie-roku-szkolnego\/zakonczenie-roku-szkolnego-162\/'><img loading=\"lazy\" decoding=\"async\" width=\"300\" height=\"225\" src=\"https:\/\/liceum.kard.hlonda.pl\/wp-content\/uploads\/2020\/06\/Zako\u0144czenie-roku-szkolnego-162-300x225.jpg\" class=\"attachment-medium size-medium\" alt=\"\" srcset=\"https:\/\/liceum.kard.hlonda.pl\/wp-content\/uploads\/2020\/06\/Zako\u0144czenie-roku-szkolnego-162-300x225.jpg 300w, https:\/\/liceum.kard.hlonda.pl\/wp-content\/uploads\/2020\/06\/Zako\u0144czenie-roku-szkolnego-162-467x350.jpg 467w, https:\/\/liceum.kard.hlonda.pl\/wp-content\/uploads\/2020\/06\/Zako\u0144czenie-roku-szkolnego-162.jpg 675w\" sizes=\"auto, (max-width: 300px) 100vw, 300px\" \/><\/a>\n\t\t\t<\/div><\/figure><figure class='gallery-item'>\n\t\t\t<div class='gallery-icon landscape'>\n\t\t\t\t<a href='https:\/\/liceum.kard.hlonda.pl\/index.php\/2020\/06\/28\/zakonczenie-roku-szkolnego\/zakonczenie-roku-szkolnego-163\/'><img loading=\"lazy\" decoding=\"async\" width=\"300\" height=\"225\" src=\"https:\/\/liceum.kard.hlonda.pl\/wp-content\/uploads\/2020\/06\/Zako\u0144czenie-roku-szkolnego-163-300x225.jpg\" class=\"attachment-medium size-medium\" alt=\"\" srcset=\"https:\/\/liceum.kard.hlonda.pl\/wp-content\/uploads\/2020\/06\/Zako\u0144czenie-roku-szkolnego-163-300x225.jpg 300w, https:\/\/liceum.kard.hlonda.pl\/wp-content\/uploads\/2020\/06\/Zako\u0144czenie-roku-szkolnego-163-467x350.jpg 467w, https:\/\/liceum.kard.hlonda.pl\/wp-content\/uploads\/2020\/06\/Zako\u0144czenie-roku-szkolnego-163.jpg 675w\" sizes=\"auto, (max-width: 300px) 100vw, 300px\" \/><\/a>\n\t\t\t<\/div><\/figure><figure class='gallery-item'>\n\t\t\t<div class='gallery-icon landscape'>\n\t\t\t\t<a href='https:\/\/liceum.kard.hlonda.pl\/index.php\/2020\/06\/28\/zakonczenie-roku-szkolnego\/zakonczenie-roku-szkolnego-164\/'><img loading=\"lazy\" decoding=\"async\" width=\"300\" height=\"225\" src=\"https:\/\/liceum.kard.hlonda.pl\/wp-content\/uploads\/2020\/06\/Zako\u0144czenie-roku-szkolnego-164-300x225.jpg\" class=\"attachment-medium size-medium\" alt=\"\" srcset=\"https:\/\/liceum.kard.hlonda.pl\/wp-content\/uploads\/2020\/06\/Zako\u0144czenie-roku-szkolnego-164-300x225.jpg 300w, https:\/\/liceum.kard.hlonda.pl\/wp-content\/uploads\/2020\/06\/Zako\u0144czenie-roku-szkolnego-164-467x350.jpg 467w, https:\/\/liceum.kard.hlonda.pl\/wp-content\/uploads\/2020\/06\/Zako\u0144czenie-roku-szkolnego-164.jpg 675w\" sizes=\"auto, (max-width: 300px) 100vw, 300px\" \/><\/a>\n\t\t\t<\/div><\/figure><figure class='gallery-item'>\n\t\t\t<div class='gallery-icon landscape'>\n\t\t\t\t<a href='https:\/\/liceum.kard.hlonda.pl\/index.php\/2020\/06\/28\/zakonczenie-roku-szkolnego\/zakonczenie-roku-szkolnego-165\/'><img loading=\"lazy\" decoding=\"async\" width=\"300\" height=\"225\" src=\"https:\/\/liceum.kard.hlonda.pl\/wp-content\/uploads\/2020\/06\/Zako\u0144czenie-roku-szkolnego-165-300x225.jpg\" class=\"attachment-medium size-medium\" alt=\"\" srcset=\"https:\/\/liceum.kard.hlonda.pl\/wp-content\/uploads\/2020\/06\/Zako\u0144czenie-roku-szkolnego-165-300x225.jpg 300w, https:\/\/liceum.kard.hlonda.pl\/wp-content\/uploads\/2020\/06\/Zako\u0144czenie-roku-szkolnego-165-467x350.jpg 467w, https:\/\/liceum.kard.hlonda.pl\/wp-content\/uploads\/2020\/06\/Zako\u0144czenie-roku-szkolnego-165.jpg 675w\" sizes=\"auto, (max-width: 300px) 100vw, 300px\" \/><\/a>\n\t\t\t<\/div><\/figure><figure class='gallery-item'>\n\t\t\t<div class='gallery-icon landscape'>\n\t\t\t\t<a href='https:\/\/liceum.kard.hlonda.pl\/index.php\/2020\/06\/28\/zakonczenie-roku-szkolnego\/zakonczenie-roku-szkolnego-166\/'><img loading=\"lazy\" decoding=\"async\" width=\"300\" height=\"225\" src=\"https:\/\/liceum.kard.hlonda.pl\/wp-content\/uploads\/2020\/06\/Zako\u0144czenie-roku-szkolnego-166-300x225.jpg\" class=\"attachment-medium size-medium\" alt=\"\" srcset=\"https:\/\/liceum.kard.hlonda.pl\/wp-content\/uploads\/2020\/06\/Zako\u0144czenie-roku-szkolnego-166-300x225.jpg 300w, https:\/\/liceum.kard.hlonda.pl\/wp-content\/uploads\/2020\/06\/Zako\u0144czenie-roku-szkolnego-166-467x350.jpg 467w, https:\/\/liceum.kard.hlonda.pl\/wp-content\/uploads\/2020\/06\/Zako\u0144czenie-roku-szkolnego-166.jpg 675w\" sizes=\"auto, (max-width: 300px) 100vw, 300px\" \/><\/a>\n\t\t\t<\/div><\/figure><figure class='gallery-item'>\n\t\t\t<div class='gallery-icon landscape'>\n\t\t\t\t<a href='https:\/\/liceum.kard.hlonda.pl\/index.php\/2020\/06\/28\/zakonczenie-roku-szkolnego\/zakonczenie-roku-szkolnego-167\/'><img loading=\"lazy\" decoding=\"async\" width=\"300\" height=\"225\" src=\"https:\/\/liceum.kard.hlonda.pl\/wp-content\/uploads\/2020\/06\/Zako\u0144czenie-roku-szkolnego-167-300x225.jpg\" class=\"attachment-medium size-medium\" alt=\"\" srcset=\"https:\/\/liceum.kard.hlonda.pl\/wp-content\/uploads\/2020\/06\/Zako\u0144czenie-roku-szkolnego-167-300x225.jpg 300w, https:\/\/liceum.kard.hlonda.pl\/wp-content\/uploads\/2020\/06\/Zako\u0144czenie-roku-szkolnego-167-467x350.jpg 467w, https:\/\/liceum.kard.hlonda.pl\/wp-content\/uploads\/2020\/06\/Zako\u0144czenie-roku-szkolnego-167.jpg 675w\" sizes=\"auto, (max-width: 300px) 100vw, 300px\" \/><\/a>\n\t\t\t<\/div><\/figure><figure class='gallery-item'>\n\t\t\t<div class='gallery-icon landscape'>\n\t\t\t\t<a href='https:\/\/liceum.kard.hlonda.pl\/index.php\/2020\/06\/28\/zakonczenie-roku-szkolnego\/zakonczenie-roku-szkolnego-168\/'><img loading=\"lazy\" decoding=\"async\" width=\"300\" height=\"225\" src=\"https:\/\/liceum.kard.hlonda.pl\/wp-content\/uploads\/2020\/06\/Zako\u0144czenie-roku-szkolnego-168-300x225.jpg\" class=\"attachment-medium size-medium\" alt=\"\" srcset=\"https:\/\/liceum.kard.hlonda.pl\/wp-content\/uploads\/2020\/06\/Zako\u0144czenie-roku-szkolnego-168-300x225.jpg 300w, https:\/\/liceum.kard.hlonda.pl\/wp-content\/uploads\/2020\/06\/Zako\u0144czenie-roku-szkolnego-168-467x350.jpg 467w, https:\/\/liceum.kard.hlonda.pl\/wp-content\/uploads\/2020\/06\/Zako\u0144czenie-roku-szkolnego-168.jpg 675w\" sizes=\"auto, (max-width: 300px) 100vw, 300px\" \/><\/a>\n\t\t\t<\/div><\/figure><figure class='gallery-item'>\n\t\t\t<div class='gallery-icon landscape'>\n\t\t\t\t<a href='https:\/\/liceum.kard.hlonda.pl\/index.php\/2020\/06\/28\/zakonczenie-roku-szkolnego\/zakonczenie-roku-szkolnego-169\/'><img loading=\"lazy\" decoding=\"async\" width=\"300\" height=\"225\" src=\"https:\/\/liceum.kard.hlonda.pl\/wp-content\/uploads\/2020\/06\/Zako\u0144czenie-roku-szkolnego-169-300x225.jpg\" class=\"attachment-medium size-medium\" alt=\"\" srcset=\"https:\/\/liceum.kard.hlonda.pl\/wp-content\/uploads\/2020\/06\/Zako\u0144czenie-roku-szkolnego-169-300x225.jpg 300w, https:\/\/liceum.kard.hlonda.pl\/wp-content\/uploads\/2020\/06\/Zako\u0144czenie-roku-szkolnego-169-467x350.jpg 467w, https:\/\/liceum.kard.hlonda.pl\/wp-content\/uploads\/2020\/06\/Zako\u0144czenie-roku-szkolnego-169.jpg 675w\" sizes=\"auto, (max-width: 300px) 100vw, 300px\" \/><\/a>\n\t\t\t<\/div><\/figure><figure class='gallery-item'>\n\t\t\t<div class='gallery-icon landscape'>\n\t\t\t\t<a href='https:\/\/liceum.kard.hlonda.pl\/index.php\/2020\/06\/28\/zakonczenie-roku-szkolnego\/zakonczenie-roku-szkolnego-170\/'><img loading=\"lazy\" decoding=\"async\" width=\"300\" height=\"225\" src=\"https:\/\/liceum.kard.hlonda.pl\/wp-content\/uploads\/2020\/06\/Zako\u0144czenie-roku-szkolnego-170-300x225.jpg\" class=\"attachment-medium size-medium\" alt=\"\" srcset=\"https:\/\/liceum.kard.hlonda.pl\/wp-content\/uploads\/2020\/06\/Zako\u0144czenie-roku-szkolnego-170-300x225.jpg 300w, https:\/\/liceum.kard.hlonda.pl\/wp-content\/uploads\/2020\/06\/Zako\u0144czenie-roku-szkolnego-170-467x350.jpg 467w, https:\/\/liceum.kard.hlonda.pl\/wp-content\/uploads\/2020\/06\/Zako\u0144czenie-roku-szkolnego-170.jpg 675w\" sizes=\"auto, (max-width: 300px) 100vw, 300px\" \/><\/a>\n\t\t\t<\/div><\/figure><figure class='gallery-item'>\n\t\t\t<div class='gallery-icon landscape'>\n\t\t\t\t<a href='https:\/\/liceum.kard.hlonda.pl\/index.php\/2020\/06\/28\/zakonczenie-roku-szkolnego\/zakonczenie-roku-szkolnego-171\/'><img loading=\"lazy\" decoding=\"async\" width=\"300\" height=\"225\" src=\"https:\/\/liceum.kard.hlonda.pl\/wp-content\/uploads\/2020\/06\/Zako\u0144czenie-roku-szkolnego-171-300x225.jpg\" class=\"attachment-medium size-medium\" alt=\"\" srcset=\"https:\/\/liceum.kard.hlonda.pl\/wp-content\/uploads\/2020\/06\/Zako\u0144czenie-roku-szkolnego-171-300x225.jpg 300w, https:\/\/liceum.kard.hlonda.pl\/wp-content\/uploads\/2020\/06\/Zako\u0144czenie-roku-szkolnego-171-467x350.jpg 467w, https:\/\/liceum.kard.hlonda.pl\/wp-content\/uploads\/2020\/06\/Zako\u0144czenie-roku-szkolnego-171.jpg 675w\" sizes=\"auto, (max-width: 300px) 100vw, 300px\" \/><\/a>\n\t\t\t<\/div><\/figure><figure class='gallery-item'>\n\t\t\t<div class='gallery-icon landscape'>\n\t\t\t\t<a href='https:\/\/liceum.kard.hlonda.pl\/index.php\/2020\/06\/28\/zakonczenie-roku-szkolnego\/zakonczenie-roku-szkolnego-172\/'><img loading=\"lazy\" decoding=\"async\" width=\"300\" height=\"225\" src=\"https:\/\/liceum.kard.hlonda.pl\/wp-content\/uploads\/2020\/06\/Zako\u0144czenie-roku-szkolnego-172-300x225.jpg\" class=\"attachment-medium size-medium\" alt=\"\" srcset=\"https:\/\/liceum.kard.hlonda.pl\/wp-content\/uploads\/2020\/06\/Zako\u0144czenie-roku-szkolnego-172-300x225.jpg 300w, https:\/\/liceum.kard.hlonda.pl\/wp-content\/uploads\/2020\/06\/Zako\u0144czenie-roku-szkolnego-172-467x350.jpg 467w, https:\/\/liceum.kard.hlonda.pl\/wp-content\/uploads\/2020\/06\/Zako\u0144czenie-roku-szkolnego-172.jpg 675w\" sizes=\"auto, (max-width: 300px) 100vw, 300px\" \/><\/a>\n\t\t\t<\/div><\/figure><figure class='gallery-item'>\n\t\t\t<div class='gallery-icon landscape'>\n\t\t\t\t<a href='https:\/\/liceum.kard.hlonda.pl\/index.php\/2020\/06\/28\/zakonczenie-roku-szkolnego\/zakonczenie-roku-szkolnego-173\/'><img loading=\"lazy\" decoding=\"async\" width=\"300\" height=\"225\" src=\"https:\/\/liceum.kard.hlonda.pl\/wp-content\/uploads\/2020\/06\/Zako\u0144czenie-roku-szkolnego-173-300x225.jpg\" class=\"attachment-medium size-medium\" alt=\"\" srcset=\"https:\/\/liceum.kard.hlonda.pl\/wp-content\/uploads\/2020\/06\/Zako\u0144czenie-roku-szkolnego-173-300x225.jpg 300w, https:\/\/liceum.kard.hlonda.pl\/wp-content\/uploads\/2020\/06\/Zako\u0144czenie-roku-szkolnego-173-467x350.jpg 467w, https:\/\/liceum.kard.hlonda.pl\/wp-content\/uploads\/2020\/06\/Zako\u0144czenie-roku-szkolnego-173.jpg 675w\" sizes=\"auto, (max-width: 300px) 100vw, 300px\" \/><\/a>\n\t\t\t<\/div><\/figure><figure class='gallery-item'>\n\t\t\t<div class='gallery-icon landscape'>\n\t\t\t\t<a href='https:\/\/liceum.kard.hlonda.pl\/index.php\/2020\/06\/28\/zakonczenie-roku-szkolnego\/zakonczenie-roku-szkolnego-174\/'><img loading=\"lazy\" decoding=\"async\" width=\"300\" height=\"225\" src=\"https:\/\/liceum.kard.hlonda.pl\/wp-content\/uploads\/2020\/06\/Zako\u0144czenie-roku-szkolnego-174-300x225.jpg\" class=\"attachment-medium size-medium\" alt=\"\" srcset=\"https:\/\/liceum.kard.hlonda.pl\/wp-content\/uploads\/2020\/06\/Zako\u0144czenie-roku-szkolnego-174-300x225.jpg 300w, https:\/\/liceum.kard.hlonda.pl\/wp-content\/uploads\/2020\/06\/Zako\u0144czenie-roku-szkolnego-174-467x350.jpg 467w, https:\/\/liceum.kard.hlonda.pl\/wp-content\/uploads\/2020\/06\/Zako\u0144czenie-roku-szkolnego-174.jpg 675w\" sizes=\"auto, (max-width: 300px) 100vw, 300px\" \/><\/a>\n\t\t\t<\/div><\/figure><figure class='gallery-item'>\n\t\t\t<div class='gallery-icon landscape'>\n\t\t\t\t<a href='https:\/\/liceum.kard.hlonda.pl\/index.php\/2020\/06\/28\/zakonczenie-roku-szkolnego\/zakonczenie-roku-szkolnego-175\/'><img loading=\"lazy\" decoding=\"async\" width=\"300\" height=\"225\" src=\"https:\/\/liceum.kard.hlonda.pl\/wp-content\/uploads\/2020\/06\/Zako\u0144czenie-roku-szkolnego-175-300x225.jpg\" class=\"attachment-medium size-medium\" alt=\"\" srcset=\"https:\/\/liceum.kard.hlonda.pl\/wp-content\/uploads\/2020\/06\/Zako\u0144czenie-roku-szkolnego-175-300x225.jpg 300w, https:\/\/liceum.kard.hlonda.pl\/wp-content\/uploads\/2020\/06\/Zako\u0144czenie-roku-szkolnego-175-467x350.jpg 467w, https:\/\/liceum.kard.hlonda.pl\/wp-content\/uploads\/2020\/06\/Zako\u0144czenie-roku-szkolnego-175.jpg 675w\" sizes=\"auto, (max-width: 300px) 100vw, 300px\" \/><\/a>\n\t\t\t<\/div><\/figure><figure class='gallery-item'>\n\t\t\t<div class='gallery-icon landscape'>\n\t\t\t\t<a href='https:\/\/liceum.kard.hlonda.pl\/index.php\/2020\/06\/28\/zakonczenie-roku-szkolnego\/zakonczenie-roku-szkolnego-176\/'><img loading=\"lazy\" decoding=\"async\" width=\"300\" height=\"225\" src=\"https:\/\/liceum.kard.hlonda.pl\/wp-content\/uploads\/2020\/06\/Zako\u0144czenie-roku-szkolnego-176-300x225.jpg\" class=\"attachment-medium size-medium\" alt=\"\" srcset=\"https:\/\/liceum.kard.hlonda.pl\/wp-content\/uploads\/2020\/06\/Zako\u0144czenie-roku-szkolnego-176-300x225.jpg 300w, https:\/\/liceum.kard.hlonda.pl\/wp-content\/uploads\/2020\/06\/Zako\u0144czenie-roku-szkolnego-176-467x350.jpg 467w, https:\/\/liceum.kard.hlonda.pl\/wp-content\/uploads\/2020\/06\/Zako\u0144czenie-roku-szkolnego-176.jpg 675w\" sizes=\"auto, (max-width: 300px) 100vw, 300px\" \/><\/a>\n\t\t\t<\/div><\/figure><figure class='gallery-item'>\n\t\t\t<div class='gallery-icon landscape'>\n\t\t\t\t<a href='https:\/\/liceum.kard.hlonda.pl\/index.php\/2020\/06\/28\/zakonczenie-roku-szkolnego\/zakonczenie-roku-szkolnego-177\/'><img loading=\"lazy\" decoding=\"async\" width=\"300\" height=\"225\" src=\"https:\/\/liceum.kard.hlonda.pl\/wp-content\/uploads\/2020\/06\/Zako\u0144czenie-roku-szkolnego-177-300x225.jpg\" class=\"attachment-medium size-medium\" alt=\"\" srcset=\"https:\/\/liceum.kard.hlonda.pl\/wp-content\/uploads\/2020\/06\/Zako\u0144czenie-roku-szkolnego-177-300x225.jpg 300w, https:\/\/liceum.kard.hlonda.pl\/wp-content\/uploads\/2020\/06\/Zako\u0144czenie-roku-szkolnego-177-467x350.jpg 467w, https:\/\/liceum.kard.hlonda.pl\/wp-content\/uploads\/2020\/06\/Zako\u0144czenie-roku-szkolnego-177.jpg 675w\" sizes=\"auto, (max-width: 300px) 100vw, 300px\" \/><\/a>\n\t\t\t<\/div><\/figure><figure class='gallery-item'>\n\t\t\t<div class='gallery-icon landscape'>\n\t\t\t\t<a href='https:\/\/liceum.kard.hlonda.pl\/index.php\/2020\/06\/28\/zakonczenie-roku-szkolnego\/zakonczenie-roku-szkolnego-178\/'><img loading=\"lazy\" decoding=\"async\" width=\"300\" height=\"225\" src=\"https:\/\/liceum.kard.hlonda.pl\/wp-content\/uploads\/2020\/06\/Zako\u0144czenie-roku-szkolnego-178-300x225.jpg\" class=\"attachment-medium size-medium\" alt=\"\" srcset=\"https:\/\/liceum.kard.hlonda.pl\/wp-content\/uploads\/2020\/06\/Zako\u0144czenie-roku-szkolnego-178-300x225.jpg 300w, https:\/\/liceum.kard.hlonda.pl\/wp-content\/uploads\/2020\/06\/Zako\u0144czenie-roku-szkolnego-178-467x350.jpg 467w, https:\/\/liceum.kard.hlonda.pl\/wp-content\/uploads\/2020\/06\/Zako\u0144czenie-roku-szkolnego-178.jpg 675w\" sizes=\"auto, (max-width: 300px) 100vw, 300px\" \/><\/a>\n\t\t\t<\/div><\/figure><figure class='gallery-item'>\n\t\t\t<div class='gallery-icon landscape'>\n\t\t\t\t<a href='https:\/\/liceum.kard.hlonda.pl\/index.php\/2020\/06\/28\/zakonczenie-roku-szkolnego\/zakonczenie-roku-szkolnego-179\/'><img loading=\"lazy\" decoding=\"async\" width=\"300\" height=\"225\" src=\"https:\/\/liceum.kard.hlonda.pl\/wp-content\/uploads\/2020\/06\/Zako\u0144czenie-roku-szkolnego-179-300x225.jpg\" class=\"attachment-medium size-medium\" alt=\"\" srcset=\"https:\/\/liceum.kard.hlonda.pl\/wp-content\/uploads\/2020\/06\/Zako\u0144czenie-roku-szkolnego-179-300x225.jpg 300w, https:\/\/liceum.kard.hlonda.pl\/wp-content\/uploads\/2020\/06\/Zako\u0144czenie-roku-szkolnego-179-467x350.jpg 467w, https:\/\/liceum.kard.hlonda.pl\/wp-content\/uploads\/2020\/06\/Zako\u0144czenie-roku-szkolnego-179.jpg 675w\" sizes=\"auto, (max-width: 300px) 100vw, 300px\" \/><\/a>\n\t\t\t<\/div><\/figure><figure class='gallery-item'>\n\t\t\t<div class='gallery-icon landscape'>\n\t\t\t\t<a href='https:\/\/liceum.kard.hlonda.pl\/index.php\/2020\/06\/28\/zakonczenie-roku-szkolnego\/zakonczenie-roku-szkolnego-180\/'><img loading=\"lazy\" decoding=\"async\" width=\"300\" height=\"225\" src=\"https:\/\/liceum.kard.hlonda.pl\/wp-content\/uploads\/2020\/06\/Zako\u0144czenie-roku-szkolnego-180-300x225.jpg\" class=\"attachment-medium size-medium\" alt=\"\" srcset=\"https:\/\/liceum.kard.hlonda.pl\/wp-content\/uploads\/2020\/06\/Zako\u0144czenie-roku-szkolnego-180-300x225.jpg 300w, https:\/\/liceum.kard.hlonda.pl\/wp-content\/uploads\/2020\/06\/Zako\u0144czenie-roku-szkolnego-180-467x350.jpg 467w, https:\/\/liceum.kard.hlonda.pl\/wp-content\/uploads\/2020\/06\/Zako\u0144czenie-roku-szkolnego-180.jpg 675w\" sizes=\"auto, (max-width: 300px) 100vw, 300px\" \/><\/a>\n\t\t\t<\/div><\/figure><figure class='gallery-item'>\n\t\t\t<div class='gallery-icon landscape'>\n\t\t\t\t<a href='https:\/\/liceum.kard.hlonda.pl\/index.php\/2020\/06\/28\/zakonczenie-roku-szkolnego\/zakonczenie-roku-szkolnego-181\/'><img loading=\"lazy\" decoding=\"async\" width=\"300\" height=\"225\" src=\"https:\/\/liceum.kard.hlonda.pl\/wp-content\/uploads\/2020\/06\/Zako\u0144czenie-roku-szkolnego-181-300x225.jpg\" class=\"attachment-medium size-medium\" alt=\"\" srcset=\"https:\/\/liceum.kard.hlonda.pl\/wp-content\/uploads\/2020\/06\/Zako\u0144czenie-roku-szkolnego-181-300x225.jpg 300w, https:\/\/liceum.kard.hlonda.pl\/wp-content\/uploads\/2020\/06\/Zako\u0144czenie-roku-szkolnego-181-467x350.jpg 467w, https:\/\/liceum.kard.hlonda.pl\/wp-content\/uploads\/2020\/06\/Zako\u0144czenie-roku-szkolnego-181.jpg 675w\" sizes=\"auto, (max-width: 300px) 100vw, 300px\" \/><\/a>\n\t\t\t<\/div><\/figure><figure class='gallery-item'>\n\t\t\t<div class='gallery-icon landscape'>\n\t\t\t\t<a href='https:\/\/liceum.kard.hlonda.pl\/index.php\/2020\/06\/28\/zakonczenie-roku-szkolnego\/zakonczenie-roku-szkolnego-182\/'><img loading=\"lazy\" decoding=\"async\" width=\"300\" height=\"225\" src=\"https:\/\/liceum.kard.hlonda.pl\/wp-content\/uploads\/2020\/06\/Zako\u0144czenie-roku-szkolnego-182-300x225.jpg\" class=\"attachment-medium size-medium\" alt=\"\" srcset=\"https:\/\/liceum.kard.hlonda.pl\/wp-content\/uploads\/2020\/06\/Zako\u0144czenie-roku-szkolnego-182-300x225.jpg 300w, https:\/\/liceum.kard.hlonda.pl\/wp-content\/uploads\/2020\/06\/Zako\u0144czenie-roku-szkolnego-182-467x350.jpg 467w, https:\/\/liceum.kard.hlonda.pl\/wp-content\/uploads\/2020\/06\/Zako\u0144czenie-roku-szkolnego-182.jpg 675w\" sizes=\"auto, (max-width: 300px) 100vw, 300px\" \/><\/a>\n\t\t\t<\/div><\/figure><figure class='gallery-item'>\n\t\t\t<div class='gallery-icon landscape'>\n\t\t\t\t<a href='https:\/\/liceum.kard.hlonda.pl\/index.php\/2020\/06\/28\/zakonczenie-roku-szkolnego\/zakonczenie-roku-szkolnego-183\/'><img loading=\"lazy\" decoding=\"async\" width=\"300\" height=\"168\" src=\"https:\/\/liceum.kard.hlonda.pl\/wp-content\/uploads\/2020\/06\/Zako\u0144czenie-roku-szkolnego-183-300x168.jpg\" class=\"attachment-medium size-medium\" alt=\"\" srcset=\"https:\/\/liceum.kard.hlonda.pl\/wp-content\/uploads\/2020\/06\/Zako\u0144czenie-roku-szkolnego-183-300x168.jpg 300w, https:\/\/liceum.kard.hlonda.pl\/wp-content\/uploads\/2020\/06\/Zako\u0144czenie-roku-szkolnego-183-621x350.jpg 621w, https:\/\/liceum.kard.hlonda.pl\/wp-content\/uploads\/2020\/06\/Zako\u0144czenie-roku-szkolnego-183.jpg 675w\" sizes=\"auto, (max-width: 300px) 100vw, 300px\" \/><\/a>\n\t\t\t<\/div><\/figure><figure class='gallery-item'>\n\t\t\t<div class='gallery-icon landscape'>\n\t\t\t\t<a href='https:\/\/liceum.kard.hlonda.pl\/index.php\/2020\/06\/28\/zakonczenie-roku-szkolnego\/zakonczenie-roku-szkolnego-184\/'><img loading=\"lazy\" decoding=\"async\" width=\"300\" height=\"168\" src=\"https:\/\/liceum.kard.hlonda.pl\/wp-content\/uploads\/2020\/06\/Zako\u0144czenie-roku-szkolnego-184-300x168.jpg\" class=\"attachment-medium size-medium\" alt=\"\" srcset=\"https:\/\/liceum.kard.hlonda.pl\/wp-content\/uploads\/2020\/06\/Zako\u0144czenie-roku-szkolnego-184-300x168.jpg 300w, https:\/\/liceum.kard.hlonda.pl\/wp-content\/uploads\/2020\/06\/Zako\u0144czenie-roku-szkolnego-184-621x350.jpg 621w, https:\/\/liceum.kard.hlonda.pl\/wp-content\/uploads\/2020\/06\/Zako\u0144czenie-roku-szkolnego-184.jpg 675w\" sizes=\"auto, (max-width: 300px) 100vw, 300px\" \/><\/a>\n\t\t\t<\/div><\/figure><figure class='gallery-item'>\n\t\t\t<div class='gallery-icon landscape'>\n\t\t\t\t<a href='https:\/\/liceum.kard.hlonda.pl\/index.php\/2020\/06\/28\/zakonczenie-roku-szkolnego\/zakonczenie-roku-szkolnego-185\/'><img loading=\"lazy\" decoding=\"async\" width=\"300\" height=\"225\" src=\"https:\/\/liceum.kard.hlonda.pl\/wp-content\/uploads\/2020\/06\/Zako\u0144czenie-roku-szkolnego-185-300x225.jpg\" class=\"attachment-medium size-medium\" alt=\"\" srcset=\"https:\/\/liceum.kard.hlonda.pl\/wp-content\/uploads\/2020\/06\/Zako\u0144czenie-roku-szkolnego-185-300x225.jpg 300w, https:\/\/liceum.kard.hlonda.pl\/wp-content\/uploads\/2020\/06\/Zako\u0144czenie-roku-szkolnego-185-467x350.jpg 467w, https:\/\/liceum.kard.hlonda.pl\/wp-content\/uploads\/2020\/06\/Zako\u0144czenie-roku-szkolnego-185.jpg 675w\" sizes=\"auto, (max-width: 300px) 100vw, 300px\" \/><\/a>\n\t\t\t<\/div><\/figure><figure class='gallery-item'>\n\t\t\t<div class='gallery-icon landscape'>\n\t\t\t\t<a href='https:\/\/liceum.kard.hlonda.pl\/index.php\/2020\/06\/28\/zakonczenie-roku-szkolnego\/zakonczenie-roku-szkolnego-187\/'><img loading=\"lazy\" decoding=\"async\" width=\"300\" height=\"200\" src=\"https:\/\/liceum.kard.hlonda.pl\/wp-content\/uploads\/2020\/06\/Zako\u0144czenie-roku-szkolnego-187-300x200.jpg\" class=\"attachment-medium size-medium\" alt=\"\" srcset=\"https:\/\/liceum.kard.hlonda.pl\/wp-content\/uploads\/2020\/06\/Zako\u0144czenie-roku-szkolnego-187-300x200.jpg 300w, https:\/\/liceum.kard.hlonda.pl\/wp-content\/uploads\/2020\/06\/Zako\u0144czenie-roku-szkolnego-187-525x350.jpg 525w, https:\/\/liceum.kard.hlonda.pl\/wp-content\/uploads\/2020\/06\/Zako\u0144czenie-roku-szkolnego-187.jpg 675w\" sizes=\"auto, (max-width: 300px) 100vw, 300px\" \/><\/a>\n\t\t\t<\/div><\/figure><figure class='gallery-item'>\n\t\t\t<div class='gallery-icon landscape'>\n\t\t\t\t<a href='https:\/\/liceum.kard.hlonda.pl\/index.php\/2020\/06\/28\/zakonczenie-roku-szkolnego\/zakonczenie-roku-szkolnego-188\/'><img loading=\"lazy\" decoding=\"async\" width=\"300\" height=\"200\" src=\"https:\/\/liceum.kard.hlonda.pl\/wp-content\/uploads\/2020\/06\/Zako\u0144czenie-roku-szkolnego-188-300x200.jpg\" class=\"attachment-medium size-medium\" alt=\"\" srcset=\"https:\/\/liceum.kard.hlonda.pl\/wp-content\/uploads\/2020\/06\/Zako\u0144czenie-roku-szkolnego-188-300x200.jpg 300w, https:\/\/liceum.kard.hlonda.pl\/wp-content\/uploads\/2020\/06\/Zako\u0144czenie-roku-szkolnego-188-525x350.jpg 525w, https:\/\/liceum.kard.hlonda.pl\/wp-content\/uploads\/2020\/06\/Zako\u0144czenie-roku-szkolnego-188.jpg 675w\" sizes=\"auto, (max-width: 300px) 100vw, 300px\" \/><\/a>\n\t\t\t<\/div><\/figure><figure class='gallery-item'>\n\t\t\t<div class='gallery-icon landscape'>\n\t\t\t\t<a href='https:\/\/liceum.kard.hlonda.pl\/index.php\/2020\/06\/28\/zakonczenie-roku-szkolnego\/zakonczenie-roku-szkolnego-189\/'><img loading=\"lazy\" decoding=\"async\" width=\"300\" height=\"200\" src=\"https:\/\/liceum.kard.hlonda.pl\/wp-content\/uploads\/2020\/06\/Zako\u0144czenie-roku-szkolnego-189-300x200.jpg\" class=\"attachment-medium size-medium\" alt=\"\" srcset=\"https:\/\/liceum.kard.hlonda.pl\/wp-content\/uploads\/2020\/06\/Zako\u0144czenie-roku-szkolnego-189-300x200.jpg 300w, https:\/\/liceum.kard.hlonda.pl\/wp-content\/uploads\/2020\/06\/Zako\u0144czenie-roku-szkolnego-189-525x350.jpg 525w, https:\/\/liceum.kard.hlonda.pl\/wp-content\/uploads\/2020\/06\/Zako\u0144czenie-roku-szkolnego-189.jpg 675w\" sizes=\"auto, (max-width: 300px) 100vw, 300px\" \/><\/a>\n\t\t\t<\/div><\/figure><figure class='gallery-item'>\n\t\t\t<div class='gallery-icon landscape'>\n\t\t\t\t<a href='https:\/\/liceum.kard.hlonda.pl\/index.php\/2020\/06\/28\/zakonczenie-roku-szkolnego\/zakonczenie-roku-szkolnego-190\/'><img loading=\"lazy\" decoding=\"async\" width=\"300\" height=\"200\" src=\"https:\/\/liceum.kard.hlonda.pl\/wp-content\/uploads\/2020\/06\/Zako\u0144czenie-roku-szkolnego-190-300x200.jpg\" class=\"attachment-medium size-medium\" alt=\"\" srcset=\"https:\/\/liceum.kard.hlonda.pl\/wp-content\/uploads\/2020\/06\/Zako\u0144czenie-roku-szkolnego-190-300x200.jpg 300w, https:\/\/liceum.kard.hlonda.pl\/wp-content\/uploads\/2020\/06\/Zako\u0144czenie-roku-szkolnego-190-525x350.jpg 525w, https:\/\/liceum.kard.hlonda.pl\/wp-content\/uploads\/2020\/06\/Zako\u0144czenie-roku-szkolnego-190.jpg 675w\" sizes=\"auto, (max-width: 300px) 100vw, 300px\" \/><\/a>\n\t\t\t<\/div><\/figure><figure class='gallery-item'>\n\t\t\t<div class='gallery-icon landscape'>\n\t\t\t\t<a href='https:\/\/liceum.kard.hlonda.pl\/index.php\/2020\/06\/28\/zakonczenie-roku-szkolnego\/zakonczenie-roku-szkolnego-191\/'><img loading=\"lazy\" decoding=\"async\" width=\"300\" height=\"200\" src=\"https:\/\/liceum.kard.hlonda.pl\/wp-content\/uploads\/2020\/06\/Zako\u0144czenie-roku-szkolnego-191-300x200.jpg\" class=\"attachment-medium size-medium\" alt=\"\" srcset=\"https:\/\/liceum.kard.hlonda.pl\/wp-content\/uploads\/2020\/06\/Zako\u0144czenie-roku-szkolnego-191-300x200.jpg 300w, https:\/\/liceum.kard.hlonda.pl\/wp-content\/uploads\/2020\/06\/Zako\u0144czenie-roku-szkolnego-191-525x350.jpg 525w, https:\/\/liceum.kard.hlonda.pl\/wp-content\/uploads\/2020\/06\/Zako\u0144czenie-roku-szkolnego-191.jpg 675w\" sizes=\"auto, (max-width: 300px) 100vw, 300px\" \/><\/a>\n\t\t\t<\/div><\/figure><figure class='gallery-item'>\n\t\t\t<div class='gallery-icon landscape'>\n\t\t\t\t<a href='https:\/\/liceum.kard.hlonda.pl\/index.php\/2020\/06\/28\/zakonczenie-roku-szkolnego\/zakonczenie-roku-szkolnego-192\/'><img loading=\"lazy\" decoding=\"async\" width=\"300\" height=\"200\" src=\"https:\/\/liceum.kard.hlonda.pl\/wp-content\/uploads\/2020\/06\/Zako\u0144czenie-roku-szkolnego-192-300x200.jpg\" class=\"attachment-medium size-medium\" alt=\"\" srcset=\"https:\/\/liceum.kard.hlonda.pl\/wp-content\/uploads\/2020\/06\/Zako\u0144czenie-roku-szkolnego-192-300x200.jpg 300w, https:\/\/liceum.kard.hlonda.pl\/wp-content\/uploads\/2020\/06\/Zako\u0144czenie-roku-szkolnego-192-525x350.jpg 525w, https:\/\/liceum.kard.hlonda.pl\/wp-content\/uploads\/2020\/06\/Zako\u0144czenie-roku-szkolnego-192.jpg 675w\" sizes=\"auto, (max-width: 300px) 100vw, 300px\" \/><\/a>\n\t\t\t<\/div><\/figure><figure class='gallery-item'>\n\t\t\t<div class='gallery-icon landscape'>\n\t\t\t\t<a href='https:\/\/liceum.kard.hlonda.pl\/index.php\/2020\/06\/28\/zakonczenie-roku-szkolnego\/zakonczenie-roku-szkolnego-193\/'><img loading=\"lazy\" decoding=\"async\" width=\"300\" height=\"200\" src=\"https:\/\/liceum.kard.hlonda.pl\/wp-content\/uploads\/2020\/06\/Zako\u0144czenie-roku-szkolnego-193-300x200.jpg\" class=\"attachment-medium size-medium\" alt=\"\" srcset=\"https:\/\/liceum.kard.hlonda.pl\/wp-content\/uploads\/2020\/06\/Zako\u0144czenie-roku-szkolnego-193-300x200.jpg 300w, https:\/\/liceum.kard.hlonda.pl\/wp-content\/uploads\/2020\/06\/Zako\u0144czenie-roku-szkolnego-193-525x350.jpg 525w, https:\/\/liceum.kard.hlonda.pl\/wp-content\/uploads\/2020\/06\/Zako\u0144czenie-roku-szkolnego-193.jpg 675w\" sizes=\"auto, (max-width: 300px) 100vw, 300px\" \/><\/a>\n\t\t\t<\/div><\/figure><figure class='gallery-item'>\n\t\t\t<div class='gallery-icon landscape'>\n\t\t\t\t<a href='https:\/\/liceum.kard.hlonda.pl\/index.php\/2020\/06\/28\/zakonczenie-roku-szkolnego\/zakonczenie-roku-szkolnego-194\/'><img loading=\"lazy\" decoding=\"async\" width=\"300\" height=\"200\" src=\"https:\/\/liceum.kard.hlonda.pl\/wp-content\/uploads\/2020\/06\/Zako\u0144czenie-roku-szkolnego-194-300x200.jpg\" class=\"attachment-medium size-medium\" alt=\"\" srcset=\"https:\/\/liceum.kard.hlonda.pl\/wp-content\/uploads\/2020\/06\/Zako\u0144czenie-roku-szkolnego-194-300x200.jpg 300w, https:\/\/liceum.kard.hlonda.pl\/wp-content\/uploads\/2020\/06\/Zako\u0144czenie-roku-szkolnego-194-525x350.jpg 525w, https:\/\/liceum.kard.hlonda.pl\/wp-content\/uploads\/2020\/06\/Zako\u0144czenie-roku-szkolnego-194.jpg 675w\" sizes=\"auto, (max-width: 300px) 100vw, 300px\" \/><\/a>\n\t\t\t<\/div><\/figure><figure class='gallery-item'>\n\t\t\t<div class='gallery-icon landscape'>\n\t\t\t\t<a href='https:\/\/liceum.kard.hlonda.pl\/index.php\/2020\/06\/28\/zakonczenie-roku-szkolnego\/zakonczenie-roku-szkolnego-195\/'><img loading=\"lazy\" decoding=\"async\" width=\"300\" height=\"200\" src=\"https:\/\/liceum.kard.hlonda.pl\/wp-content\/uploads\/2020\/06\/Zako\u0144czenie-roku-szkolnego-195-300x200.jpg\" class=\"attachment-medium size-medium\" alt=\"\" srcset=\"https:\/\/liceum.kard.hlonda.pl\/wp-content\/uploads\/2020\/06\/Zako\u0144czenie-roku-szkolnego-195-300x200.jpg 300w, https:\/\/liceum.kard.hlonda.pl\/wp-content\/uploads\/2020\/06\/Zako\u0144czenie-roku-szkolnego-195-525x350.jpg 525w, https:\/\/liceum.kard.hlonda.pl\/wp-content\/uploads\/2020\/06\/Zako\u0144czenie-roku-szkolnego-195.jpg 675w\" sizes=\"auto, (max-width: 300px) 100vw, 300px\" \/><\/a>\n\t\t\t<\/div><\/figure><figure class='gallery-item'>\n\t\t\t<div class='gallery-icon landscape'>\n\t\t\t\t<a href='https:\/\/liceum.kard.hlonda.pl\/index.php\/2020\/06\/28\/zakonczenie-roku-szkolnego\/zakonczenie-roku-szkolnego-196\/'><img loading=\"lazy\" decoding=\"async\" width=\"300\" height=\"200\" src=\"https:\/\/liceum.kard.hlonda.pl\/wp-content\/uploads\/2020\/06\/Zako\u0144czenie-roku-szkolnego-196-300x200.jpg\" class=\"attachment-medium size-medium\" alt=\"\" srcset=\"https:\/\/liceum.kard.hlonda.pl\/wp-content\/uploads\/2020\/06\/Zako\u0144czenie-roku-szkolnego-196-300x200.jpg 300w, https:\/\/liceum.kard.hlonda.pl\/wp-content\/uploads\/2020\/06\/Zako\u0144czenie-roku-szkolnego-196-525x350.jpg 525w, https:\/\/liceum.kard.hlonda.pl\/wp-content\/uploads\/2020\/06\/Zako\u0144czenie-roku-szkolnego-196.jpg 675w\" sizes=\"auto, (max-width: 300px) 100vw, 300px\" \/><\/a>\n\t\t\t<\/div><\/figure><figure class='gallery-item'>\n\t\t\t<div class='gallery-icon landscape'>\n\t\t\t\t<a href='https:\/\/liceum.kard.hlonda.pl\/index.php\/2020\/06\/28\/zakonczenie-roku-szkolnego\/zakonczenie-roku-szkolnego-197\/'><img loading=\"lazy\" decoding=\"async\" width=\"300\" height=\"225\" src=\"https:\/\/liceum.kard.hlonda.pl\/wp-content\/uploads\/2020\/06\/Zako\u0144czenie-roku-szkolnego-197-300x225.jpg\" class=\"attachment-medium size-medium\" alt=\"\" srcset=\"https:\/\/liceum.kard.hlonda.pl\/wp-content\/uploads\/2020\/06\/Zako\u0144czenie-roku-szkolnego-197-300x225.jpg 300w, https:\/\/liceum.kard.hlonda.pl\/wp-content\/uploads\/2020\/06\/Zako\u0144czenie-roku-szkolnego-197-467x350.jpg 467w, https:\/\/liceum.kard.hlonda.pl\/wp-content\/uploads\/2020\/06\/Zako\u0144czenie-roku-szkolnego-197.jpg 675w\" sizes=\"auto, (max-width: 300px) 100vw, 300px\" \/><\/a>\n\t\t\t<\/div><\/figure><figure class='gallery-item'>\n\t\t\t<div class='gallery-icon portrait'>\n\t\t\t\t<a href='https:\/\/liceum.kard.hlonda.pl\/index.php\/2020\/06\/28\/zakonczenie-roku-szkolnego\/zakonczenie-roku-szkolnego-198\/'><img loading=\"lazy\" decoding=\"async\" width=\"225\" height=\"300\" src=\"https:\/\/liceum.kard.hlonda.pl\/wp-content\/uploads\/2020\/06\/Zako\u0144czenie-roku-szkolnego-198-225x300.jpg\" class=\"attachment-medium size-medium\" alt=\"\" srcset=\"https:\/\/liceum.kard.hlonda.pl\/wp-content\/uploads\/2020\/06\/Zako\u0144czenie-roku-szkolnego-198-225x300.jpg 225w, https:\/\/liceum.kard.hlonda.pl\/wp-content\/uploads\/2020\/06\/Zako\u0144czenie-roku-szkolnego-198-263x350.jpg 263w, https:\/\/liceum.kard.hlonda.pl\/wp-content\/uploads\/2020\/06\/Zako\u0144czenie-roku-szkolnego-198.jpg 675w\" sizes=\"auto, (max-width: 225px) 100vw, 225px\" \/><\/a>\n\t\t\t<\/div><\/figure><figure class='gallery-item'>\n\t\t\t<div class='gallery-icon landscape'>\n\t\t\t\t<a href='https:\/\/liceum.kard.hlonda.pl\/index.php\/2020\/06\/28\/zakonczenie-roku-szkolnego\/zakonczenie-roku-szkolnego-199\/'><img loading=\"lazy\" decoding=\"async\" width=\"300\" height=\"213\" src=\"https:\/\/liceum.kard.hlonda.pl\/wp-content\/uploads\/2020\/06\/Zako\u0144czenie-roku-szkolnego-199-300x213.jpg\" class=\"attachment-medium size-medium\" alt=\"\" srcset=\"https:\/\/liceum.kard.hlonda.pl\/wp-content\/uploads\/2020\/06\/Zako\u0144czenie-roku-szkolnego-199-300x213.jpg 300w, https:\/\/liceum.kard.hlonda.pl\/wp-content\/uploads\/2020\/06\/Zako\u0144czenie-roku-szkolnego-199-492x350.jpg 492w, https:\/\/liceum.kard.hlonda.pl\/wp-content\/uploads\/2020\/06\/Zako\u0144czenie-roku-szkolnego-199.jpg 675w\" sizes=\"auto, (max-width: 300px) 100vw, 300px\" \/><\/a>\n\t\t\t<\/div><\/figure><figure class='gallery-item'>\n\t\t\t<div class='gallery-icon landscape'>\n\t\t\t\t<a href='https:\/\/liceum.kard.hlonda.pl\/index.php\/2020\/06\/28\/zakonczenie-roku-szkolnego\/zakonczenie-roku-szkolnego-200\/'><img loading=\"lazy\" decoding=\"async\" width=\"300\" height=\"225\" src=\"https:\/\/liceum.kard.hlonda.pl\/wp-content\/uploads\/2020\/06\/Zako\u0144czenie-roku-szkolnego-200-300x225.jpg\" class=\"attachment-medium size-medium\" alt=\"\" srcset=\"https:\/\/liceum.kard.hlonda.pl\/wp-content\/uploads\/2020\/06\/Zako\u0144czenie-roku-szkolnego-200-300x225.jpg 300w, https:\/\/liceum.kard.hlonda.pl\/wp-content\/uploads\/2020\/06\/Zako\u0144czenie-roku-szkolnego-200-467x350.jpg 467w, https:\/\/liceum.kard.hlonda.pl\/wp-content\/uploads\/2020\/06\/Zako\u0144czenie-roku-szkolnego-200.jpg 675w\" sizes=\"auto, (max-width: 300px) 100vw, 300px\" \/><\/a>\n\t\t\t<\/div><\/figure><figure class='gallery-item'>\n\t\t\t<div class='gallery-icon landscape'>\n\t\t\t\t<a href='https:\/\/liceum.kard.hlonda.pl\/index.php\/2020\/06\/28\/zakonczenie-roku-szkolnego\/zakonczenie-roku-szkolnego-201\/'><img loading=\"lazy\" decoding=\"async\" width=\"300\" height=\"225\" src=\"https:\/\/liceum.kard.hlonda.pl\/wp-content\/uploads\/2020\/06\/Zako\u0144czenie-roku-szkolnego-201-300x225.jpg\" class=\"attachment-medium size-medium\" alt=\"\" srcset=\"https:\/\/liceum.kard.hlonda.pl\/wp-content\/uploads\/2020\/06\/Zako\u0144czenie-roku-szkolnego-201-300x225.jpg 300w, https:\/\/liceum.kard.hlonda.pl\/wp-content\/uploads\/2020\/06\/Zako\u0144czenie-roku-szkolnego-201-467x350.jpg 467w, https:\/\/liceum.kard.hlonda.pl\/wp-content\/uploads\/2020\/06\/Zako\u0144czenie-roku-szkolnego-201.jpg 675w\" sizes=\"auto, (max-width: 300px) 100vw, 300px\" \/><\/a>\n\t\t\t<\/div><\/figure><figure class='gallery-item'>\n\t\t\t<div class='gallery-icon landscape'>\n\t\t\t\t<a href='https:\/\/liceum.kard.hlonda.pl\/index.php\/2020\/06\/28\/zakonczenie-roku-szkolnego\/zakonczenie-roku-szkolnego-202\/'><img loading=\"lazy\" decoding=\"async\" width=\"300\" height=\"225\" src=\"https:\/\/liceum.kard.hlonda.pl\/wp-content\/uploads\/2020\/06\/Zako\u0144czenie-roku-szkolnego-202-300x225.jpg\" class=\"attachment-medium size-medium\" alt=\"\" srcset=\"https:\/\/liceum.kard.hlonda.pl\/wp-content\/uploads\/2020\/06\/Zako\u0144czenie-roku-szkolnego-202-300x225.jpg 300w, https:\/\/liceum.kard.hlonda.pl\/wp-content\/uploads\/2020\/06\/Zako\u0144czenie-roku-szkolnego-202-467x350.jpg 467w, https:\/\/liceum.kard.hlonda.pl\/wp-content\/uploads\/2020\/06\/Zako\u0144czenie-roku-szkolnego-202.jpg 675w\" sizes=\"auto, (max-width: 300px) 100vw, 300px\" \/><\/a>\n\t\t\t<\/div><\/figure><figure class='gallery-item'>\n\t\t\t<div class='gallery-icon landscape'>\n\t\t\t\t<a href='https:\/\/liceum.kard.hlonda.pl\/index.php\/2020\/06\/28\/zakonczenie-roku-szkolnego\/zakonczenie-roku-szkolnego-203\/'><img loading=\"lazy\" decoding=\"async\" width=\"300\" height=\"225\" src=\"https:\/\/liceum.kard.hlonda.pl\/wp-content\/uploads\/2020\/06\/Zako\u0144czenie-roku-szkolnego-203-300x225.jpg\" class=\"attachment-medium size-medium\" alt=\"\" srcset=\"https:\/\/liceum.kard.hlonda.pl\/wp-content\/uploads\/2020\/06\/Zako\u0144czenie-roku-szkolnego-203-300x225.jpg 300w, https:\/\/liceum.kard.hlonda.pl\/wp-content\/uploads\/2020\/06\/Zako\u0144czenie-roku-szkolnego-203-467x350.jpg 467w, https:\/\/liceum.kard.hlonda.pl\/wp-content\/uploads\/2020\/06\/Zako\u0144czenie-roku-szkolnego-203.jpg 675w\" sizes=\"auto, (max-width: 300px) 100vw, 300px\" \/><\/a>\n\t\t\t<\/div><\/figure><figure class='gallery-item'>\n\t\t\t<div class='gallery-icon landscape'>\n\t\t\t\t<a href='https:\/\/liceum.kard.hlonda.pl\/index.php\/2020\/06\/28\/zakonczenie-roku-szkolnego\/zakonczenie-roku-szkolnego-204\/'><img loading=\"lazy\" decoding=\"async\" width=\"300\" height=\"225\" src=\"https:\/\/liceum.kard.hlonda.pl\/wp-content\/uploads\/2020\/06\/Zako\u0144czenie-roku-szkolnego-204-300x225.jpg\" class=\"attachment-medium size-medium\" alt=\"\" srcset=\"https:\/\/liceum.kard.hlonda.pl\/wp-content\/uploads\/2020\/06\/Zako\u0144czenie-roku-szkolnego-204-300x225.jpg 300w, https:\/\/liceum.kard.hlonda.pl\/wp-content\/uploads\/2020\/06\/Zako\u0144czenie-roku-szkolnego-204-467x350.jpg 467w, https:\/\/liceum.kard.hlonda.pl\/wp-content\/uploads\/2020\/06\/Zako\u0144czenie-roku-szkolnego-204.jpg 675w\" sizes=\"auto, (max-width: 300px) 100vw, 300px\" \/><\/a>\n\t\t\t<\/div><\/figure><figure class='gallery-item'>\n\t\t\t<div class='gallery-icon landscape'>\n\t\t\t\t<a href='https:\/\/liceum.kard.hlonda.pl\/index.php\/2020\/06\/28\/zakonczenie-roku-szkolnego\/zakonczenie-roku-szkolnego-205\/'><img loading=\"lazy\" decoding=\"async\" width=\"300\" height=\"225\" src=\"https:\/\/liceum.kard.hlonda.pl\/wp-content\/uploads\/2020\/06\/Zako\u0144czenie-roku-szkolnego-205-300x225.jpg\" class=\"attachment-medium size-medium\" alt=\"\" srcset=\"https:\/\/liceum.kard.hlonda.pl\/wp-content\/uploads\/2020\/06\/Zako\u0144czenie-roku-szkolnego-205-300x225.jpg 300w, https:\/\/liceum.kard.hlonda.pl\/wp-content\/uploads\/2020\/06\/Zako\u0144czenie-roku-szkolnego-205-467x350.jpg 467w, https:\/\/liceum.kard.hlonda.pl\/wp-content\/uploads\/2020\/06\/Zako\u0144czenie-roku-szkolnego-205.jpg 675w\" sizes=\"auto, (max-width: 300px) 100vw, 300px\" \/><\/a>\n\t\t\t<\/div><\/figure><figure class='gallery-item'>\n\t\t\t<div class='gallery-icon landscape'>\n\t\t\t\t<a href='https:\/\/liceum.kard.hlonda.pl\/index.php\/2020\/06\/28\/zakonczenie-roku-szkolnego\/zakonczenie-roku-szkolnego-206\/'><img loading=\"lazy\" decoding=\"async\" width=\"300\" height=\"225\" src=\"https:\/\/liceum.kard.hlonda.pl\/wp-content\/uploads\/2020\/06\/Zako\u0144czenie-roku-szkolnego-206-300x225.jpg\" class=\"attachment-medium size-medium\" alt=\"\" srcset=\"https:\/\/liceum.kard.hlonda.pl\/wp-content\/uploads\/2020\/06\/Zako\u0144czenie-roku-szkolnego-206-300x225.jpg 300w, https:\/\/liceum.kard.hlonda.pl\/wp-content\/uploads\/2020\/06\/Zako\u0144czenie-roku-szkolnego-206-467x350.jpg 467w, https:\/\/liceum.kard.hlonda.pl\/wp-content\/uploads\/2020\/06\/Zako\u0144czenie-roku-szkolnego-206.jpg 675w\" sizes=\"auto, (max-width: 300px) 100vw, 300px\" \/><\/a>\n\t\t\t<\/div><\/figure><figure class='gallery-item'>\n\t\t\t<div class='gallery-icon landscape'>\n\t\t\t\t<a href='https:\/\/liceum.kard.hlonda.pl\/index.php\/2020\/06\/28\/zakonczenie-roku-szkolnego\/zakonczenie-roku-szkolnego-207\/'><img loading=\"lazy\" decoding=\"async\" width=\"300\" height=\"225\" src=\"https:\/\/liceum.kard.hlonda.pl\/wp-content\/uploads\/2020\/06\/Zako\u0144czenie-roku-szkolnego-207-300x225.jpg\" class=\"attachment-medium size-medium\" alt=\"\" srcset=\"https:\/\/liceum.kard.hlonda.pl\/wp-content\/uploads\/2020\/06\/Zako\u0144czenie-roku-szkolnego-207-300x225.jpg 300w, https:\/\/liceum.kard.hlonda.pl\/wp-content\/uploads\/2020\/06\/Zako\u0144czenie-roku-szkolnego-207-467x350.jpg 467w, https:\/\/liceum.kard.hlonda.pl\/wp-content\/uploads\/2020\/06\/Zako\u0144czenie-roku-szkolnego-207.jpg 675w\" sizes=\"auto, (max-width: 300px) 100vw, 300px\" \/><\/a>\n\t\t\t<\/div><\/figure><figure class='gallery-item'>\n\t\t\t<div class='gallery-icon landscape'>\n\t\t\t\t<a href='https:\/\/liceum.kard.hlonda.pl\/index.php\/2020\/06\/28\/zakonczenie-roku-szkolnego\/zakonczenie-roku-szkolnego-208\/'><img loading=\"lazy\" decoding=\"async\" width=\"300\" height=\"150\" src=\"https:\/\/liceum.kard.hlonda.pl\/wp-content\/uploads\/2020\/06\/Zako\u0144czenie-roku-szkolnego-208-300x150.jpg\" class=\"attachment-medium size-medium\" alt=\"\" srcset=\"https:\/\/liceum.kard.hlonda.pl\/wp-content\/uploads\/2020\/06\/Zako\u0144czenie-roku-szkolnego-208-300x150.jpg 300w, https:\/\/liceum.kard.hlonda.pl\/wp-content\/uploads\/2020\/06\/Zako\u0144czenie-roku-szkolnego-208-621x310.jpg 621w, https:\/\/liceum.kard.hlonda.pl\/wp-content\/uploads\/2020\/06\/Zako\u0144czenie-roku-szkolnego-208-640x323.jpg 640w, https:\/\/liceum.kard.hlonda.pl\/wp-content\/uploads\/2020\/06\/Zako\u0144czenie-roku-szkolnego-208.jpg 647w\" sizes=\"auto, (max-width: 300px) 100vw, 300px\" \/><\/a>\n\t\t\t<\/div><\/figure><figure class='gallery-item'>\n\t\t\t<div class='gallery-icon landscape'>\n\t\t\t\t<a href='https:\/\/liceum.kard.hlonda.pl\/index.php\/2020\/06\/28\/zakonczenie-roku-szkolnego\/zakonczenie-roku-szkolnego-39-2\/'><img loading=\"lazy\" decoding=\"async\" width=\"300\" height=\"225\" src=\"https:\/\/liceum.kard.hlonda.pl\/wp-content\/uploads\/2020\/06\/Zako\u0144czenie-roku-szkolnego-39-1-300x225.jpg\" class=\"attachment-medium size-medium\" alt=\"\" srcset=\"https:\/\/liceum.kard.hlonda.pl\/wp-content\/uploads\/2020\/06\/Zako\u0144czenie-roku-szkolnego-39-1-300x225.jpg 300w, https:\/\/liceum.kard.hlonda.pl\/wp-content\/uploads\/2020\/06\/Zako\u0144czenie-roku-szkolnego-39-1-467x350.jpg 467w, https:\/\/liceum.kard.hlonda.pl\/wp-content\/uploads\/2020\/06\/Zako\u0144czenie-roku-szkolnego-39-1.jpg 675w\" sizes=\"auto, (max-width: 300px) 100vw, 300px\" \/><\/a>\n\t\t\t<\/div><\/figure><figure class='gallery-item'>\n\t\t\t<div class='gallery-icon landscape'>\n\t\t\t\t<a href='https:\/\/liceum.kard.hlonda.pl\/index.php\/2020\/06\/28\/zakonczenie-roku-szkolnego\/zakonczenie-roku-szkolnego-85\/'><img loading=\"lazy\" decoding=\"async\" width=\"300\" height=\"225\" src=\"https:\/\/liceum.kard.hlonda.pl\/wp-content\/uploads\/2020\/06\/Zako\u0144czenie-roku-szkolnego-85-300x225.jpg\" class=\"attachment-medium size-medium\" alt=\"\" srcset=\"https:\/\/liceum.kard.hlonda.pl\/wp-content\/uploads\/2020\/06\/Zako\u0144czenie-roku-szkolnego-85-300x225.jpg 300w, https:\/\/liceum.kard.hlonda.pl\/wp-content\/uploads\/2020\/06\/Zako\u0144czenie-roku-szkolnego-85-467x350.jpg 467w, https:\/\/liceum.kard.hlonda.pl\/wp-content\/uploads\/2020\/06\/Zako\u0144czenie-roku-szkolnego-85.jpg 675w\" sizes=\"auto, (max-width: 300px) 100vw, 300px\" \/><\/a>\n\t\t\t<\/div><\/figure><figure class='gallery-item'>\n\t\t\t<div class='gallery-icon landscape'>\n\t\t\t\t<a href='https:\/\/liceum.kard.hlonda.pl\/index.php\/2020\/06\/28\/zakonczenie-roku-szkolnego\/zakonczenie-roku-szkolnego-186\/'><img loading=\"lazy\" decoding=\"async\" width=\"300\" height=\"225\" src=\"https:\/\/liceum.kard.hlonda.pl\/wp-content\/uploads\/2020\/06\/Zako\u0144czenie-roku-szkolnego-186-300x225.jpg\" class=\"attachment-medium size-medium\" alt=\"\" srcset=\"https:\/\/liceum.kard.hlonda.pl\/wp-content\/uploads\/2020\/06\/Zako\u0144czenie-roku-szkolnego-186-300x225.jpg 300w, https:\/\/liceum.kard.hlonda.pl\/wp-content\/uploads\/2020\/06\/Zako\u0144czenie-roku-szkolnego-186-467x350.jpg 467w, https:\/\/liceum.kard.hlonda.pl\/wp-content\/uploads\/2020\/06\/Zako\u0144czenie-roku-szkolnego-186.jpg 675w\" sizes=\"auto, (max-width: 300px) 100vw, 300px\" \/><\/a>\n\t\t\t<\/div><\/figure>\n\t\t<\/div>\n\n","protected":false},"excerpt":{"rendered":"<p>Nadszed\u0142 ten dzie\u0144, dzie\u0144 roku niezwyk\u0142ego, jakiego przebiegu nikt z nas nie by\u0142 w stanie sobie wyobrazi\u0107. Jeszcze w styczniu raczej nikt nie przewidywa\u0142 takiego scenariusza wydarze\u0144. A jednak sta\u0142 si\u0119 on faktem. Jednak wszystko dobre, co si\u0119 dobrze ko\u0144czy. 26 czerwca mogli\u015bmy znowu spotka\u0107 si\u0119 w murach naszej szko\u0142y. &hellip;<\/p>\n","protected":false},"author":1,"featured_media":555,"comment_status":"closed","ping_status":"closed","sticky":false,"template":"","format":"standard","meta":{"footnotes":""},"categories":[1],"tags":[],"class_list":["post-406","post","type-post","status-publish","format-standard","has-post-thumbnail","hentry","category-bez-kategorii"],"_links":{"self":[{"href":"https:\/\/liceum.kard.hlonda.pl\/index.php\/wp-json\/wp\/v2\/posts\/406","targetHints":{"allow":["GET"]}}],"collection":[{"href":"https:\/\/liceum.kard.hlonda.pl\/index.php\/wp-json\/wp\/v2\/posts"}],"about":[{"href":"https:\/\/liceum.kard.hlonda.pl\/index.php\/wp-json\/wp\/v2\/types\/post"}],"author":[{"embeddable":true,"href":"https:\/\/liceum.kard.hlonda.pl\/index.php\/wp-json\/wp\/v2\/users\/1"}],"replies":[{"embeddable":true,"href":"https:\/\/liceum.kard.hlonda.pl\/index.php\/wp-json\/wp\/v2\/comments?post=406"}],"version-history":[{"count":1,"href":"https:\/\/liceum.kard.hlonda.pl\/index.php\/wp-json\/wp\/v2\/posts\/406\/revisions"}],"predecessor-version":[{"id":616,"href":"https:\/\/liceum.kard.hlonda.pl\/index.php\/wp-json\/wp\/v2\/posts\/406\/revisions\/616"}],"wp:featuredmedia":[{"embeddable":true,"href":"https:\/\/liceum.kard.hlonda.pl\/index.php\/wp-json\/wp\/v2\/media\/555"}],"wp:attachment":[{"href":"https:\/\/liceum.kard.hlonda.pl\/index.php\/wp-json\/wp\/v2\/media?parent=406"}],"wp:term":[{"taxonomy":"category","embeddable":true,"href":"https:\/\/liceum.kard.hlonda.pl\/index.php\/wp-json\/wp\/v2\/categories?post=406"},{"taxonomy":"post_tag","embeddable":true,"href":"https:\/\/liceum.kard.hlonda.pl\/index.php\/wp-json\/wp\/v2\/tags?post=406"}],"curies":[{"name":"wp","href":"https:\/\/api.w.org\/{rel}","templated":true}]}}