{"id":5225,"date":"2025-06-27T23:03:22","date_gmt":"2025-06-27T21:03:22","guid":{"rendered":"https:\/\/liceum.kard.hlonda.pl\/?p=5225"},"modified":"2025-06-27T23:03:22","modified_gmt":"2025-06-27T21:03:22","slug":"zakonczenie-roku-szkolnego-2024-2025-2","status":"publish","type":"post","link":"https:\/\/liceum.kard.hlonda.pl\/index.php\/2025\/06\/27\/zakonczenie-roku-szkolnego-2024-2025-2\/","title":{"rendered":"Zako\u0144czenie Roku Szkolnego 2024\/2025"},"content":{"rendered":"<p style=\"text-align: justify;\">27 czerwca zar\u00f3wno uczniowie, jak i nauczyciele z rado\u015bci\u0105 powitali rozpoczynaj\u0105ce si\u0119 wakacje. Tego dnia zako\u0144czyli\u015bmy rok szkolny 2024\/2025. Zgodnie z tradycj\u0105 rozpocz\u0119li\u015bmy uroczyst\u0105 msz\u0105 \u015bwi\u0119t\u0105 w kaplicy u si\u00f3str Zgromadzenia ss. Mi\u0142osierdzia \u015bw. Wincentego a Paulo. Eucharystii przewodniczy\u0142 ksi\u0105dz Superior Domu G\u0142\u00f3wnego Towarzystwa Chrystusowego dla Polonii Zagranicznej w Poznaniu, Ryszard Szymanik. Towarzyszyli mu ks. Piotr i ks. Marek. Nast\u0119pnie udali\u015bmy si\u0119 do szko\u0142y, gdzie uczniowie otrzymali \u015bwiadectwa. Zanim to nast\u0105pi\u0142o, przem\u00f3wienia wyg\u0142osili: ksi\u0105dz Superior Ryszard Szymanik, Pani Dyrektor Barbara Zi\u00f3\u0142kowska oraz Prezes Katolickiego Stowarzyszenia Wychowawc\u00f3w &#8211; Odzia\u0142 w Poznaniu &#8211; Pan Andrzej \u015awi\u0119cichowski.<br \/>\nPo rozdaniu \u015bwiadectw z wyr\u00f3\u017cnieniem uczestniczyli\u015bmy w cz\u0119\u015bci artystycznej.<br \/>\nNa koniec wychowawcy spotkali si\u0119 ze swoimi klasami i rozdali pozosta\u0142e \u015bwiadectwa.<br \/>\n\u017byczmy sobie bezpiecznych i udanych wakacji! Dobrego wypoczynku!<br \/>\nZapraszam do fotorelacji!<\/p>\n<div id='gallery-1' class='gallery galleryid-5225 gallery-columns-4 gallery-size-thumbnail'><figure class='gallery-item'>\n\t\t\t<div class='gallery-icon landscape'>\n\t\t\t\t<a href='https:\/\/liceum.kard.hlonda.pl\/index.php\/2025\/06\/27\/zakonczenie-roku-szkolnego-2024-2025-2\/uroczyste_zakoczenie_roku_szkolnego_2024_2025_1\/'><img loading=\"lazy\" decoding=\"async\" width=\"150\" height=\"150\" src=\"https:\/\/liceum.kard.hlonda.pl\/wp-content\/uploads\/2025\/06\/uroczyste_zakoczenie_roku_szkolnego_2024_2025_1-150x150.jpg\" class=\"attachment-thumbnail size-thumbnail\" alt=\"\" \/><\/a>\n\t\t\t<\/div><\/figure><figure class='gallery-item'>\n\t\t\t<div class='gallery-icon landscape'>\n\t\t\t\t<a href='https:\/\/liceum.kard.hlonda.pl\/index.php\/2025\/06\/27\/zakonczenie-roku-szkolnego-2024-2025-2\/uroczyste_zakoczenie_roku_szkolnego_2024_2025_2\/'><img loading=\"lazy\" decoding=\"async\" width=\"150\" height=\"150\" src=\"https:\/\/liceum.kard.hlonda.pl\/wp-content\/uploads\/2025\/06\/uroczyste_zakoczenie_roku_szkolnego_2024_2025_2-150x150.jpg\" class=\"attachment-thumbnail size-thumbnail\" alt=\"\" \/><\/a>\n\t\t\t<\/div><\/figure><figure class='gallery-item'>\n\t\t\t<div class='gallery-icon landscape'>\n\t\t\t\t<a href='https:\/\/liceum.kard.hlonda.pl\/index.php\/2025\/06\/27\/zakonczenie-roku-szkolnego-2024-2025-2\/uroczyste_zakoczenie_roku_szkolnego_2024_2025_3\/'><img loading=\"lazy\" decoding=\"async\" width=\"150\" height=\"150\" src=\"https:\/\/liceum.kard.hlonda.pl\/wp-content\/uploads\/2025\/06\/uroczyste_zakoczenie_roku_szkolnego_2024_2025_3-150x150.jpg\" class=\"attachment-thumbnail size-thumbnail\" alt=\"\" \/><\/a>\n\t\t\t<\/div><\/figure><figure class='gallery-item'>\n\t\t\t<div class='gallery-icon landscape'>\n\t\t\t\t<a href='https:\/\/liceum.kard.hlonda.pl\/index.php\/2025\/06\/27\/zakonczenie-roku-szkolnego-2024-2025-2\/uroczyste_zakoczenie_roku_szkolnego_2024_2025_4\/'><img loading=\"lazy\" decoding=\"async\" width=\"150\" height=\"150\" src=\"https:\/\/liceum.kard.hlonda.pl\/wp-content\/uploads\/2025\/06\/uroczyste_zakoczenie_roku_szkolnego_2024_2025_4-150x150.jpg\" class=\"attachment-thumbnail size-thumbnail\" alt=\"\" \/><\/a>\n\t\t\t<\/div><\/figure><figure class='gallery-item'>\n\t\t\t<div class='gallery-icon landscape'>\n\t\t\t\t<a href='https:\/\/liceum.kard.hlonda.pl\/index.php\/2025\/06\/27\/zakonczenie-roku-szkolnego-2024-2025-2\/uroczyste_zakoczenie_roku_szkolnego_2024_2025_5\/'><img loading=\"lazy\" decoding=\"async\" width=\"150\" height=\"150\" src=\"https:\/\/liceum.kard.hlonda.pl\/wp-content\/uploads\/2025\/06\/uroczyste_zakoczenie_roku_szkolnego_2024_2025_5-150x150.jpg\" class=\"attachment-thumbnail size-thumbnail\" alt=\"\" \/><\/a>\n\t\t\t<\/div><\/figure><figure class='gallery-item'>\n\t\t\t<div class='gallery-icon landscape'>\n\t\t\t\t<a href='https:\/\/liceum.kard.hlonda.pl\/index.php\/2025\/06\/27\/zakonczenie-roku-szkolnego-2024-2025-2\/uroczyste_zakoczenie_roku_szkolnego_2024_2025_6\/'><img loading=\"lazy\" decoding=\"async\" width=\"150\" height=\"150\" src=\"https:\/\/liceum.kard.hlonda.pl\/wp-content\/uploads\/2025\/06\/uroczyste_zakoczenie_roku_szkolnego_2024_2025_6-150x150.jpg\" class=\"attachment-thumbnail size-thumbnail\" alt=\"\" \/><\/a>\n\t\t\t<\/div><\/figure><figure class='gallery-item'>\n\t\t\t<div class='gallery-icon landscape'>\n\t\t\t\t<a href='https:\/\/liceum.kard.hlonda.pl\/index.php\/2025\/06\/27\/zakonczenie-roku-szkolnego-2024-2025-2\/uroczyste_zakoczenie_roku_szkolnego_2024_2025_7\/'><img loading=\"lazy\" decoding=\"async\" width=\"150\" height=\"150\" src=\"https:\/\/liceum.kard.hlonda.pl\/wp-content\/uploads\/2025\/06\/uroczyste_zakoczenie_roku_szkolnego_2024_2025_7-150x150.jpg\" class=\"attachment-thumbnail size-thumbnail\" alt=\"\" \/><\/a>\n\t\t\t<\/div><\/figure><figure class='gallery-item'>\n\t\t\t<div class='gallery-icon landscape'>\n\t\t\t\t<a href='https:\/\/liceum.kard.hlonda.pl\/index.php\/2025\/06\/27\/zakonczenie-roku-szkolnego-2024-2025-2\/uroczyste_zakoczenie_roku_szkolnego_2024_2025_8\/'><img loading=\"lazy\" decoding=\"async\" width=\"150\" height=\"150\" src=\"https:\/\/liceum.kard.hlonda.pl\/wp-content\/uploads\/2025\/06\/uroczyste_zakoczenie_roku_szkolnego_2024_2025_8-150x150.jpg\" class=\"attachment-thumbnail size-thumbnail\" alt=\"\" \/><\/a>\n\t\t\t<\/div><\/figure><figure class='gallery-item'>\n\t\t\t<div class='gallery-icon landscape'>\n\t\t\t\t<a href='https:\/\/liceum.kard.hlonda.pl\/index.php\/2025\/06\/27\/zakonczenie-roku-szkolnego-2024-2025-2\/uroczyste_zakoczenie_roku_szkolnego_2024_2025_9\/'><img loading=\"lazy\" decoding=\"async\" width=\"150\" height=\"150\" src=\"https:\/\/liceum.kard.hlonda.pl\/wp-content\/uploads\/2025\/06\/uroczyste_zakoczenie_roku_szkolnego_2024_2025_9-150x150.jpg\" class=\"attachment-thumbnail size-thumbnail\" alt=\"\" \/><\/a>\n\t\t\t<\/div><\/figure><figure class='gallery-item'>\n\t\t\t<div class='gallery-icon landscape'>\n\t\t\t\t<a href='https:\/\/liceum.kard.hlonda.pl\/index.php\/2025\/06\/27\/zakonczenie-roku-szkolnego-2024-2025-2\/uroczyste_zakoczenie_roku_szkolnego_2024_2025_10\/'><img loading=\"lazy\" decoding=\"async\" width=\"150\" height=\"150\" src=\"https:\/\/liceum.kard.hlonda.pl\/wp-content\/uploads\/2025\/06\/uroczyste_zakoczenie_roku_szkolnego_2024_2025_10-150x150.jpg\" class=\"attachment-thumbnail size-thumbnail\" alt=\"\" \/><\/a>\n\t\t\t<\/div><\/figure><figure class='gallery-item'>\n\t\t\t<div class='gallery-icon landscape'>\n\t\t\t\t<a href='https:\/\/liceum.kard.hlonda.pl\/index.php\/2025\/06\/27\/zakonczenie-roku-szkolnego-2024-2025-2\/uroczyste_zakoczenie_roku_szkolnego_2024_2025_11\/'><img loading=\"lazy\" decoding=\"async\" width=\"150\" height=\"150\" src=\"https:\/\/liceum.kard.hlonda.pl\/wp-content\/uploads\/2025\/06\/uroczyste_zakoczenie_roku_szkolnego_2024_2025_11-150x150.jpg\" class=\"attachment-thumbnail size-thumbnail\" alt=\"\" \/><\/a>\n\t\t\t<\/div><\/figure><figure class='gallery-item'>\n\t\t\t<div class='gallery-icon landscape'>\n\t\t\t\t<a href='https:\/\/liceum.kard.hlonda.pl\/index.php\/2025\/06\/27\/zakonczenie-roku-szkolnego-2024-2025-2\/uroczyste_zakoczenie_roku_szkolnego_2024_2025_12\/'><img loading=\"lazy\" decoding=\"async\" width=\"150\" height=\"150\" src=\"https:\/\/liceum.kard.hlonda.pl\/wp-content\/uploads\/2025\/06\/uroczyste_zakoczenie_roku_szkolnego_2024_2025_12-150x150.jpg\" class=\"attachment-thumbnail size-thumbnail\" alt=\"\" \/><\/a>\n\t\t\t<\/div><\/figure><figure class='gallery-item'>\n\t\t\t<div class='gallery-icon landscape'>\n\t\t\t\t<a href='https:\/\/liceum.kard.hlonda.pl\/index.php\/2025\/06\/27\/zakonczenie-roku-szkolnego-2024-2025-2\/uroczyste_zakoczenie_roku_szkolnego_2024_2025_13\/'><img loading=\"lazy\" decoding=\"async\" width=\"150\" height=\"150\" src=\"https:\/\/liceum.kard.hlonda.pl\/wp-content\/uploads\/2025\/06\/uroczyste_zakoczenie_roku_szkolnego_2024_2025_13-150x150.jpg\" class=\"attachment-thumbnail size-thumbnail\" alt=\"\" \/><\/a>\n\t\t\t<\/div><\/figure><figure class='gallery-item'>\n\t\t\t<div class='gallery-icon portrait'>\n\t\t\t\t<a href='https:\/\/liceum.kard.hlonda.pl\/index.php\/2025\/06\/27\/zakonczenie-roku-szkolnego-2024-2025-2\/uroczyste_zakoczenie_roku_szkolnego_2024_2025_14\/'><img loading=\"lazy\" decoding=\"async\" width=\"150\" height=\"150\" src=\"https:\/\/liceum.kard.hlonda.pl\/wp-content\/uploads\/2025\/06\/uroczyste_zakoczenie_roku_szkolnego_2024_2025_14-150x150.jpg\" class=\"attachment-thumbnail size-thumbnail\" alt=\"\" \/><\/a>\n\t\t\t<\/div><\/figure><figure class='gallery-item'>\n\t\t\t<div class='gallery-icon landscape'>\n\t\t\t\t<a href='https:\/\/liceum.kard.hlonda.pl\/index.php\/2025\/06\/27\/zakonczenie-roku-szkolnego-2024-2025-2\/uroczyste_zakoczenie_roku_szkolnego_2024_2025_15\/'><img loading=\"lazy\" decoding=\"async\" width=\"150\" height=\"150\" src=\"https:\/\/liceum.kard.hlonda.pl\/wp-content\/uploads\/2025\/06\/uroczyste_zakoczenie_roku_szkolnego_2024_2025_15-150x150.jpg\" class=\"attachment-thumbnail size-thumbnail\" alt=\"\" \/><\/a>\n\t\t\t<\/div><\/figure><figure class='gallery-item'>\n\t\t\t<div class='gallery-icon landscape'>\n\t\t\t\t<a href='https:\/\/liceum.kard.hlonda.pl\/index.php\/2025\/06\/27\/zakonczenie-roku-szkolnego-2024-2025-2\/uroczyste_zakoczenie_roku_szkolnego_2024_2025_16\/'><img loading=\"lazy\" decoding=\"async\" width=\"150\" height=\"150\" src=\"https:\/\/liceum.kard.hlonda.pl\/wp-content\/uploads\/2025\/06\/uroczyste_zakoczenie_roku_szkolnego_2024_2025_16-150x150.jpg\" class=\"attachment-thumbnail size-thumbnail\" alt=\"\" \/><\/a>\n\t\t\t<\/div><\/figure><figure class='gallery-item'>\n\t\t\t<div class='gallery-icon landscape'>\n\t\t\t\t<a href='https:\/\/liceum.kard.hlonda.pl\/index.php\/2025\/06\/27\/zakonczenie-roku-szkolnego-2024-2025-2\/uroczyste_zakoczenie_roku_szkolnego_2024_2025_17\/'><img loading=\"lazy\" decoding=\"async\" width=\"150\" height=\"150\" src=\"https:\/\/liceum.kard.hlonda.pl\/wp-content\/uploads\/2025\/06\/uroczyste_zakoczenie_roku_szkolnego_2024_2025_17-150x150.jpg\" class=\"attachment-thumbnail size-thumbnail\" alt=\"\" \/><\/a>\n\t\t\t<\/div><\/figure><figure class='gallery-item'>\n\t\t\t<div class='gallery-icon landscape'>\n\t\t\t\t<a href='https:\/\/liceum.kard.hlonda.pl\/index.php\/2025\/06\/27\/zakonczenie-roku-szkolnego-2024-2025-2\/uroczyste_zakoczenie_roku_szkolnego_2024_2025_18\/'><img loading=\"lazy\" decoding=\"async\" width=\"150\" height=\"150\" src=\"https:\/\/liceum.kard.hlonda.pl\/wp-content\/uploads\/2025\/06\/uroczyste_zakoczenie_roku_szkolnego_2024_2025_18-150x150.jpg\" class=\"attachment-thumbnail size-thumbnail\" alt=\"\" \/><\/a>\n\t\t\t<\/div><\/figure><figure class='gallery-item'>\n\t\t\t<div class='gallery-icon landscape'>\n\t\t\t\t<a href='https:\/\/liceum.kard.hlonda.pl\/index.php\/2025\/06\/27\/zakonczenie-roku-szkolnego-2024-2025-2\/uroczyste_zakoczenie_roku_szkolnego_2024_2025_19\/'><img loading=\"lazy\" decoding=\"async\" width=\"150\" height=\"150\" src=\"https:\/\/liceum.kard.hlonda.pl\/wp-content\/uploads\/2025\/06\/uroczyste_zakoczenie_roku_szkolnego_2024_2025_19-150x150.jpg\" class=\"attachment-thumbnail size-thumbnail\" alt=\"\" \/><\/a>\n\t\t\t<\/div><\/figure><figure class='gallery-item'>\n\t\t\t<div class='gallery-icon landscape'>\n\t\t\t\t<a href='https:\/\/liceum.kard.hlonda.pl\/index.php\/2025\/06\/27\/zakonczenie-roku-szkolnego-2024-2025-2\/uroczyste_zakoczenie_roku_szkolnego_2024_2025_20\/'><img loading=\"lazy\" decoding=\"async\" width=\"150\" height=\"150\" src=\"https:\/\/liceum.kard.hlonda.pl\/wp-content\/uploads\/2025\/06\/uroczyste_zakoczenie_roku_szkolnego_2024_2025_20-150x150.jpg\" class=\"attachment-thumbnail size-thumbnail\" alt=\"\" \/><\/a>\n\t\t\t<\/div><\/figure><figure class='gallery-item'>\n\t\t\t<div class='gallery-icon landscape'>\n\t\t\t\t<a href='https:\/\/liceum.kard.hlonda.pl\/index.php\/2025\/06\/27\/zakonczenie-roku-szkolnego-2024-2025-2\/uroczyste_zakoczenie_roku_szkolnego_2024_2025_21\/'><img loading=\"lazy\" decoding=\"async\" width=\"150\" height=\"150\" src=\"https:\/\/liceum.kard.hlonda.pl\/wp-content\/uploads\/2025\/06\/uroczyste_zakoczenie_roku_szkolnego_2024_2025_21-150x150.jpg\" class=\"attachment-thumbnail size-thumbnail\" alt=\"\" \/><\/a>\n\t\t\t<\/div><\/figure><figure class='gallery-item'>\n\t\t\t<div class='gallery-icon landscape'>\n\t\t\t\t<a href='https:\/\/liceum.kard.hlonda.pl\/index.php\/2025\/06\/27\/zakonczenie-roku-szkolnego-2024-2025-2\/uroczyste_zakoczenie_roku_szkolnego_2024_2025_22\/'><img loading=\"lazy\" decoding=\"async\" width=\"150\" height=\"150\" src=\"https:\/\/liceum.kard.hlonda.pl\/wp-content\/uploads\/2025\/06\/uroczyste_zakoczenie_roku_szkolnego_2024_2025_22-150x150.jpg\" class=\"attachment-thumbnail size-thumbnail\" alt=\"\" \/><\/a>\n\t\t\t<\/div><\/figure><figure class='gallery-item'>\n\t\t\t<div class='gallery-icon landscape'>\n\t\t\t\t<a href='https:\/\/liceum.kard.hlonda.pl\/index.php\/2025\/06\/27\/zakonczenie-roku-szkolnego-2024-2025-2\/uroczyste_zakoczenie_roku_szkolnego_2024_2025_23\/'><img loading=\"lazy\" decoding=\"async\" width=\"150\" height=\"150\" src=\"https:\/\/liceum.kard.hlonda.pl\/wp-content\/uploads\/2025\/06\/uroczyste_zakoczenie_roku_szkolnego_2024_2025_23-150x150.jpg\" class=\"attachment-thumbnail size-thumbnail\" alt=\"\" \/><\/a>\n\t\t\t<\/div><\/figure><figure class='gallery-item'>\n\t\t\t<div class='gallery-icon landscape'>\n\t\t\t\t<a href='https:\/\/liceum.kard.hlonda.pl\/index.php\/2025\/06\/27\/zakonczenie-roku-szkolnego-2024-2025-2\/uroczyste_zakoczenie_roku_szkolnego_2024_2025_24\/'><img loading=\"lazy\" decoding=\"async\" width=\"150\" height=\"150\" src=\"https:\/\/liceum.kard.hlonda.pl\/wp-content\/uploads\/2025\/06\/uroczyste_zakoczenie_roku_szkolnego_2024_2025_24-150x150.jpg\" class=\"attachment-thumbnail size-thumbnail\" alt=\"\" \/><\/a>\n\t\t\t<\/div><\/figure><figure class='gallery-item'>\n\t\t\t<div class='gallery-icon landscape'>\n\t\t\t\t<a href='https:\/\/liceum.kard.hlonda.pl\/index.php\/2025\/06\/27\/zakonczenie-roku-szkolnego-2024-2025-2\/uroczyste_zakoczenie_roku_szkolnego_2024_2025_25\/'><img loading=\"lazy\" decoding=\"async\" width=\"150\" height=\"150\" src=\"https:\/\/liceum.kard.hlonda.pl\/wp-content\/uploads\/2025\/06\/uroczyste_zakoczenie_roku_szkolnego_2024_2025_25-150x150.jpg\" class=\"attachment-thumbnail size-thumbnail\" alt=\"\" \/><\/a>\n\t\t\t<\/div><\/figure><figure class='gallery-item'>\n\t\t\t<div class='gallery-icon landscape'>\n\t\t\t\t<a href='https:\/\/liceum.kard.hlonda.pl\/index.php\/2025\/06\/27\/zakonczenie-roku-szkolnego-2024-2025-2\/uroczyste_zakoczenie_roku_szkolnego_2024_2025_26\/'><img loading=\"lazy\" decoding=\"async\" width=\"150\" height=\"150\" src=\"https:\/\/liceum.kard.hlonda.pl\/wp-content\/uploads\/2025\/06\/uroczyste_zakoczenie_roku_szkolnego_2024_2025_26-150x150.jpg\" class=\"attachment-thumbnail size-thumbnail\" alt=\"\" \/><\/a>\n\t\t\t<\/div><\/figure><figure class='gallery-item'>\n\t\t\t<div class='gallery-icon portrait'>\n\t\t\t\t<a href='https:\/\/liceum.kard.hlonda.pl\/index.php\/2025\/06\/27\/zakonczenie-roku-szkolnego-2024-2025-2\/uroczyste_zakoczenie_roku_szkolnego_2024_2025_27\/'><img loading=\"lazy\" decoding=\"async\" width=\"150\" height=\"150\" src=\"https:\/\/liceum.kard.hlonda.pl\/wp-content\/uploads\/2025\/06\/uroczyste_zakoczenie_roku_szkolnego_2024_2025_27-150x150.jpg\" class=\"attachment-thumbnail size-thumbnail\" alt=\"\" \/><\/a>\n\t\t\t<\/div><\/figure><figure class='gallery-item'>\n\t\t\t<div class='gallery-icon landscape'>\n\t\t\t\t<a href='https:\/\/liceum.kard.hlonda.pl\/index.php\/2025\/06\/27\/zakonczenie-roku-szkolnego-2024-2025-2\/uroczyste_zakoczenie_roku_szkolnego_2024_2025_28\/'><img loading=\"lazy\" decoding=\"async\" width=\"150\" height=\"150\" src=\"https:\/\/liceum.kard.hlonda.pl\/wp-content\/uploads\/2025\/06\/uroczyste_zakoczenie_roku_szkolnego_2024_2025_28-150x150.jpg\" class=\"attachment-thumbnail size-thumbnail\" alt=\"\" \/><\/a>\n\t\t\t<\/div><\/figure><figure class='gallery-item'>\n\t\t\t<div class='gallery-icon landscape'>\n\t\t\t\t<a href='https:\/\/liceum.kard.hlonda.pl\/index.php\/2025\/06\/27\/zakonczenie-roku-szkolnego-2024-2025-2\/uroczyste_zakoczenie_roku_szkolnego_2024_2025_29\/'><img loading=\"lazy\" decoding=\"async\" width=\"150\" height=\"150\" src=\"https:\/\/liceum.kard.hlonda.pl\/wp-content\/uploads\/2025\/06\/uroczyste_zakoczenie_roku_szkolnego_2024_2025_29-150x150.jpg\" class=\"attachment-thumbnail size-thumbnail\" alt=\"\" \/><\/a>\n\t\t\t<\/div><\/figure><figure class='gallery-item'>\n\t\t\t<div class='gallery-icon landscape'>\n\t\t\t\t<a href='https:\/\/liceum.kard.hlonda.pl\/index.php\/2025\/06\/27\/zakonczenie-roku-szkolnego-2024-2025-2\/uroczyste_zakoczenie_roku_szkolnego_2024_2025_30\/'><img loading=\"lazy\" decoding=\"async\" width=\"150\" height=\"150\" src=\"https:\/\/liceum.kard.hlonda.pl\/wp-content\/uploads\/2025\/06\/uroczyste_zakoczenie_roku_szkolnego_2024_2025_30-150x150.jpg\" class=\"attachment-thumbnail size-thumbnail\" alt=\"\" \/><\/a>\n\t\t\t<\/div><\/figure><figure class='gallery-item'>\n\t\t\t<div class='gallery-icon landscape'>\n\t\t\t\t<a href='https:\/\/liceum.kard.hlonda.pl\/index.php\/2025\/06\/27\/zakonczenie-roku-szkolnego-2024-2025-2\/uroczyste_zakoczenie_roku_szkolnego_2024_2025_31\/'><img loading=\"lazy\" decoding=\"async\" width=\"150\" height=\"150\" src=\"https:\/\/liceum.kard.hlonda.pl\/wp-content\/uploads\/2025\/06\/uroczyste_zakoczenie_roku_szkolnego_2024_2025_31-150x150.jpg\" class=\"attachment-thumbnail size-thumbnail\" alt=\"\" \/><\/a>\n\t\t\t<\/div><\/figure><figure class='gallery-item'>\n\t\t\t<div class='gallery-icon landscape'>\n\t\t\t\t<a href='https:\/\/liceum.kard.hlonda.pl\/index.php\/2025\/06\/27\/zakonczenie-roku-szkolnego-2024-2025-2\/uroczyste_zakoczenie_roku_szkolnego_2024_2025_32\/'><img loading=\"lazy\" decoding=\"async\" width=\"150\" height=\"150\" src=\"https:\/\/liceum.kard.hlonda.pl\/wp-content\/uploads\/2025\/06\/uroczyste_zakoczenie_roku_szkolnego_2024_2025_32-150x150.jpg\" class=\"attachment-thumbnail size-thumbnail\" alt=\"\" \/><\/a>\n\t\t\t<\/div><\/figure><figure class='gallery-item'>\n\t\t\t<div class='gallery-icon landscape'>\n\t\t\t\t<a href='https:\/\/liceum.kard.hlonda.pl\/index.php\/2025\/06\/27\/zakonczenie-roku-szkolnego-2024-2025-2\/uroczyste_zakoczenie_roku_szkolnego_2024_2025_33\/'><img loading=\"lazy\" decoding=\"async\" width=\"150\" height=\"150\" src=\"https:\/\/liceum.kard.hlonda.pl\/wp-content\/uploads\/2025\/06\/uroczyste_zakoczenie_roku_szkolnego_2024_2025_33-150x150.jpg\" class=\"attachment-thumbnail size-thumbnail\" alt=\"\" \/><\/a>\n\t\t\t<\/div><\/figure><figure class='gallery-item'>\n\t\t\t<div class='gallery-icon landscape'>\n\t\t\t\t<a href='https:\/\/liceum.kard.hlonda.pl\/index.php\/2025\/06\/27\/zakonczenie-roku-szkolnego-2024-2025-2\/uroczyste_zakoczenie_roku_szkolnego_2024_2025_34\/'><img loading=\"lazy\" decoding=\"async\" width=\"150\" height=\"150\" src=\"https:\/\/liceum.kard.hlonda.pl\/wp-content\/uploads\/2025\/06\/uroczyste_zakoczenie_roku_szkolnego_2024_2025_34-150x150.jpg\" class=\"attachment-thumbnail size-thumbnail\" alt=\"\" \/><\/a>\n\t\t\t<\/div><\/figure><figure class='gallery-item'>\n\t\t\t<div class='gallery-icon landscape'>\n\t\t\t\t<a href='https:\/\/liceum.kard.hlonda.pl\/index.php\/2025\/06\/27\/zakonczenie-roku-szkolnego-2024-2025-2\/uroczyste_zakoczenie_roku_szkolnego_2024_2025_35\/'><img loading=\"lazy\" decoding=\"async\" width=\"150\" height=\"150\" src=\"https:\/\/liceum.kard.hlonda.pl\/wp-content\/uploads\/2025\/06\/uroczyste_zakoczenie_roku_szkolnego_2024_2025_35-150x150.jpg\" class=\"attachment-thumbnail size-thumbnail\" alt=\"\" \/><\/a>\n\t\t\t<\/div><\/figure><figure class='gallery-item'>\n\t\t\t<div class='gallery-icon landscape'>\n\t\t\t\t<a href='https:\/\/liceum.kard.hlonda.pl\/index.php\/2025\/06\/27\/zakonczenie-roku-szkolnego-2024-2025-2\/uroczyste_zakoczenie_roku_szkolnego_2024_2025_36\/'><img loading=\"lazy\" decoding=\"async\" width=\"150\" height=\"150\" src=\"https:\/\/liceum.kard.hlonda.pl\/wp-content\/uploads\/2025\/06\/uroczyste_zakoczenie_roku_szkolnego_2024_2025_36-150x150.jpg\" class=\"attachment-thumbnail size-thumbnail\" alt=\"\" \/><\/a>\n\t\t\t<\/div><\/figure><figure class='gallery-item'>\n\t\t\t<div class='gallery-icon landscape'>\n\t\t\t\t<a href='https:\/\/liceum.kard.hlonda.pl\/index.php\/2025\/06\/27\/zakonczenie-roku-szkolnego-2024-2025-2\/uroczyste_zakoczenie_roku_szkolnego_2024_2025_37\/'><img loading=\"lazy\" decoding=\"async\" width=\"150\" height=\"150\" src=\"https:\/\/liceum.kard.hlonda.pl\/wp-content\/uploads\/2025\/06\/uroczyste_zakoczenie_roku_szkolnego_2024_2025_37-150x150.jpg\" class=\"attachment-thumbnail size-thumbnail\" alt=\"\" \/><\/a>\n\t\t\t<\/div><\/figure><figure class='gallery-item'>\n\t\t\t<div class='gallery-icon landscape'>\n\t\t\t\t<a href='https:\/\/liceum.kard.hlonda.pl\/index.php\/2025\/06\/27\/zakonczenie-roku-szkolnego-2024-2025-2\/uroczyste_zakoczenie_roku_szkolnego_2024_2025_38\/'><img loading=\"lazy\" decoding=\"async\" width=\"150\" height=\"150\" src=\"https:\/\/liceum.kard.hlonda.pl\/wp-content\/uploads\/2025\/06\/uroczyste_zakoczenie_roku_szkolnego_2024_2025_38-150x150.jpg\" class=\"attachment-thumbnail size-thumbnail\" alt=\"\" \/><\/a>\n\t\t\t<\/div><\/figure><figure class='gallery-item'>\n\t\t\t<div class='gallery-icon landscape'>\n\t\t\t\t<a href='https:\/\/liceum.kard.hlonda.pl\/index.php\/2025\/06\/27\/zakonczenie-roku-szkolnego-2024-2025-2\/uroczyste_zakoczenie_roku_szkolnego_2024_2025_39\/'><img loading=\"lazy\" decoding=\"async\" width=\"150\" height=\"150\" src=\"https:\/\/liceum.kard.hlonda.pl\/wp-content\/uploads\/2025\/06\/uroczyste_zakoczenie_roku_szkolnego_2024_2025_39-150x150.jpg\" class=\"attachment-thumbnail size-thumbnail\" alt=\"\" \/><\/a>\n\t\t\t<\/div><\/figure><figure class='gallery-item'>\n\t\t\t<div class='gallery-icon landscape'>\n\t\t\t\t<a href='https:\/\/liceum.kard.hlonda.pl\/index.php\/2025\/06\/27\/zakonczenie-roku-szkolnego-2024-2025-2\/uroczyste_zakoczenie_roku_szkolnego_2024_2025_40\/'><img loading=\"lazy\" decoding=\"async\" width=\"150\" height=\"150\" src=\"https:\/\/liceum.kard.hlonda.pl\/wp-content\/uploads\/2025\/06\/uroczyste_zakoczenie_roku_szkolnego_2024_2025_40-150x150.jpg\" class=\"attachment-thumbnail size-thumbnail\" alt=\"\" \/><\/a>\n\t\t\t<\/div><\/figure><figure class='gallery-item'>\n\t\t\t<div class='gallery-icon landscape'>\n\t\t\t\t<a href='https:\/\/liceum.kard.hlonda.pl\/index.php\/2025\/06\/27\/zakonczenie-roku-szkolnego-2024-2025-2\/uroczyste_zakoczenie_roku_szkolnego_2024_2025_41\/'><img loading=\"lazy\" decoding=\"async\" width=\"150\" height=\"150\" src=\"https:\/\/liceum.kard.hlonda.pl\/wp-content\/uploads\/2025\/06\/uroczyste_zakoczenie_roku_szkolnego_2024_2025_41-150x150.jpg\" class=\"attachment-thumbnail size-thumbnail\" alt=\"\" \/><\/a>\n\t\t\t<\/div><\/figure><figure class='gallery-item'>\n\t\t\t<div class='gallery-icon landscape'>\n\t\t\t\t<a href='https:\/\/liceum.kard.hlonda.pl\/index.php\/2025\/06\/27\/zakonczenie-roku-szkolnego-2024-2025-2\/uroczyste_zakoczenie_roku_szkolnego_2024_2025_42\/'><img loading=\"lazy\" decoding=\"async\" width=\"150\" height=\"150\" src=\"https:\/\/liceum.kard.hlonda.pl\/wp-content\/uploads\/2025\/06\/uroczyste_zakoczenie_roku_szkolnego_2024_2025_42-150x150.jpg\" class=\"attachment-thumbnail size-thumbnail\" alt=\"\" \/><\/a>\n\t\t\t<\/div><\/figure><figure class='gallery-item'>\n\t\t\t<div class='gallery-icon landscape'>\n\t\t\t\t<a href='https:\/\/liceum.kard.hlonda.pl\/index.php\/2025\/06\/27\/zakonczenie-roku-szkolnego-2024-2025-2\/uroczyste_zakoczenie_roku_szkolnego_2024_2025_43\/'><img loading=\"lazy\" decoding=\"async\" width=\"150\" height=\"150\" src=\"https:\/\/liceum.kard.hlonda.pl\/wp-content\/uploads\/2025\/06\/uroczyste_zakoczenie_roku_szkolnego_2024_2025_43-150x150.jpg\" class=\"attachment-thumbnail size-thumbnail\" alt=\"\" \/><\/a>\n\t\t\t<\/div><\/figure><figure class='gallery-item'>\n\t\t\t<div class='gallery-icon landscape'>\n\t\t\t\t<a href='https:\/\/liceum.kard.hlonda.pl\/index.php\/2025\/06\/27\/zakonczenie-roku-szkolnego-2024-2025-2\/uroczyste_zakoczenie_roku_szkolnego_2024_2025_44\/'><img loading=\"lazy\" decoding=\"async\" width=\"150\" height=\"150\" src=\"https:\/\/liceum.kard.hlonda.pl\/wp-content\/uploads\/2025\/06\/uroczyste_zakoczenie_roku_szkolnego_2024_2025_44-150x150.jpg\" class=\"attachment-thumbnail size-thumbnail\" alt=\"\" \/><\/a>\n\t\t\t<\/div><\/figure><figure class='gallery-item'>\n\t\t\t<div class='gallery-icon landscape'>\n\t\t\t\t<a href='https:\/\/liceum.kard.hlonda.pl\/index.php\/2025\/06\/27\/zakonczenie-roku-szkolnego-2024-2025-2\/uroczyste_zakoczenie_roku_szkolnego_2024_2025_45\/'><img loading=\"lazy\" decoding=\"async\" width=\"150\" height=\"150\" src=\"https:\/\/liceum.kard.hlonda.pl\/wp-content\/uploads\/2025\/06\/uroczyste_zakoczenie_roku_szkolnego_2024_2025_45-150x150.jpg\" class=\"attachment-thumbnail size-thumbnail\" alt=\"\" \/><\/a>\n\t\t\t<\/div><\/figure><figure class='gallery-item'>\n\t\t\t<div class='gallery-icon landscape'>\n\t\t\t\t<a href='https:\/\/liceum.kard.hlonda.pl\/index.php\/2025\/06\/27\/zakonczenie-roku-szkolnego-2024-2025-2\/uroczyste_zakoczenie_roku_szkolnego_2024_2025_46\/'><img loading=\"lazy\" decoding=\"async\" width=\"150\" height=\"150\" src=\"https:\/\/liceum.kard.hlonda.pl\/wp-content\/uploads\/2025\/06\/uroczyste_zakoczenie_roku_szkolnego_2024_2025_46-150x150.jpg\" class=\"attachment-thumbnail size-thumbnail\" alt=\"\" \/><\/a>\n\t\t\t<\/div><\/figure><figure class='gallery-item'>\n\t\t\t<div class='gallery-icon portrait'>\n\t\t\t\t<a href='https:\/\/liceum.kard.hlonda.pl\/index.php\/2025\/06\/27\/zakonczenie-roku-szkolnego-2024-2025-2\/uroczyste_zakoczenie_roku_szkolnego_2024_2025_47\/'><img loading=\"lazy\" decoding=\"async\" width=\"150\" height=\"150\" src=\"https:\/\/liceum.kard.hlonda.pl\/wp-content\/uploads\/2025\/06\/uroczyste_zakoczenie_roku_szkolnego_2024_2025_47-150x150.jpg\" class=\"attachment-thumbnail size-thumbnail\" alt=\"\" \/><\/a>\n\t\t\t<\/div><\/figure><figure class='gallery-item'>\n\t\t\t<div class='gallery-icon landscape'>\n\t\t\t\t<a href='https:\/\/liceum.kard.hlonda.pl\/index.php\/2025\/06\/27\/zakonczenie-roku-szkolnego-2024-2025-2\/uroczyste_zakoczenie_roku_szkolnego_2024_2025_48\/'><img loading=\"lazy\" decoding=\"async\" width=\"150\" height=\"150\" src=\"https:\/\/liceum.kard.hlonda.pl\/wp-content\/uploads\/2025\/06\/uroczyste_zakoczenie_roku_szkolnego_2024_2025_48-150x150.jpg\" class=\"attachment-thumbnail size-thumbnail\" alt=\"\" \/><\/a>\n\t\t\t<\/div><\/figure><figure class='gallery-item'>\n\t\t\t<div class='gallery-icon portrait'>\n\t\t\t\t<a href='https:\/\/liceum.kard.hlonda.pl\/index.php\/2025\/06\/27\/zakonczenie-roku-szkolnego-2024-2025-2\/uroczyste_zakoczenie_roku_szkolnego_2024_2025_49\/'><img loading=\"lazy\" decoding=\"async\" width=\"150\" height=\"150\" src=\"https:\/\/liceum.kard.hlonda.pl\/wp-content\/uploads\/2025\/06\/uroczyste_zakoczenie_roku_szkolnego_2024_2025_49-150x150.jpg\" class=\"attachment-thumbnail size-thumbnail\" alt=\"\" \/><\/a>\n\t\t\t<\/div><\/figure><figure class='gallery-item'>\n\t\t\t<div class='gallery-icon landscape'>\n\t\t\t\t<a href='https:\/\/liceum.kard.hlonda.pl\/index.php\/2025\/06\/27\/zakonczenie-roku-szkolnego-2024-2025-2\/uroczyste_zakoczenie_roku_szkolnego_2024_2025_50\/'><img loading=\"lazy\" decoding=\"async\" width=\"150\" height=\"150\" src=\"https:\/\/liceum.kard.hlonda.pl\/wp-content\/uploads\/2025\/06\/uroczyste_zakoczenie_roku_szkolnego_2024_2025_50-150x150.jpg\" class=\"attachment-thumbnail size-thumbnail\" alt=\"\" \/><\/a>\n\t\t\t<\/div><\/figure><figure class='gallery-item'>\n\t\t\t<div class='gallery-icon portrait'>\n\t\t\t\t<a href='https:\/\/liceum.kard.hlonda.pl\/index.php\/2025\/06\/27\/zakonczenie-roku-szkolnego-2024-2025-2\/uroczyste_zakoczenie_roku_szkolnego_2024_2025_51\/'><img loading=\"lazy\" decoding=\"async\" width=\"150\" height=\"150\" src=\"https:\/\/liceum.kard.hlonda.pl\/wp-content\/uploads\/2025\/06\/uroczyste_zakoczenie_roku_szkolnego_2024_2025_51-150x150.jpg\" class=\"attachment-thumbnail size-thumbnail\" alt=\"\" \/><\/a>\n\t\t\t<\/div><\/figure><figure class='gallery-item'>\n\t\t\t<div class='gallery-icon landscape'>\n\t\t\t\t<a href='https:\/\/liceum.kard.hlonda.pl\/index.php\/2025\/06\/27\/zakonczenie-roku-szkolnego-2024-2025-2\/uroczyste_zakoczenie_roku_szkolnego_2024_2025_52\/'><img loading=\"lazy\" decoding=\"async\" width=\"150\" height=\"150\" src=\"https:\/\/liceum.kard.hlonda.pl\/wp-content\/uploads\/2025\/06\/uroczyste_zakoczenie_roku_szkolnego_2024_2025_52-150x150.jpg\" class=\"attachment-thumbnail size-thumbnail\" alt=\"\" \/><\/a>\n\t\t\t<\/div><\/figure><figure class='gallery-item'>\n\t\t\t<div class='gallery-icon portrait'>\n\t\t\t\t<a href='https:\/\/liceum.kard.hlonda.pl\/index.php\/2025\/06\/27\/zakonczenie-roku-szkolnego-2024-2025-2\/uroczyste_zakoczenie_roku_szkolnego_2024_2025_53\/'><img loading=\"lazy\" decoding=\"async\" width=\"150\" height=\"150\" src=\"https:\/\/liceum.kard.hlonda.pl\/wp-content\/uploads\/2025\/06\/uroczyste_zakoczenie_roku_szkolnego_2024_2025_53-150x150.jpg\" class=\"attachment-thumbnail size-thumbnail\" alt=\"\" \/><\/a>\n\t\t\t<\/div><\/figure><figure class='gallery-item'>\n\t\t\t<div class='gallery-icon landscape'>\n\t\t\t\t<a href='https:\/\/liceum.kard.hlonda.pl\/index.php\/2025\/06\/27\/zakonczenie-roku-szkolnego-2024-2025-2\/uroczyste_zakoczenie_roku_szkolnego_2024_2025_54\/'><img loading=\"lazy\" decoding=\"async\" width=\"150\" height=\"150\" src=\"https:\/\/liceum.kard.hlonda.pl\/wp-content\/uploads\/2025\/06\/uroczyste_zakoczenie_roku_szkolnego_2024_2025_54-150x150.jpg\" class=\"attachment-thumbnail size-thumbnail\" alt=\"\" \/><\/a>\n\t\t\t<\/div><\/figure><figure class='gallery-item'>\n\t\t\t<div class='gallery-icon landscape'>\n\t\t\t\t<a href='https:\/\/liceum.kard.hlonda.pl\/index.php\/2025\/06\/27\/zakonczenie-roku-szkolnego-2024-2025-2\/uroczyste_zakoczenie_roku_szkolnego_2024_2025_55\/'><img loading=\"lazy\" decoding=\"async\" width=\"150\" height=\"150\" src=\"https:\/\/liceum.kard.hlonda.pl\/wp-content\/uploads\/2025\/06\/uroczyste_zakoczenie_roku_szkolnego_2024_2025_55-150x150.jpg\" class=\"attachment-thumbnail size-thumbnail\" alt=\"\" \/><\/a>\n\t\t\t<\/div><\/figure><figure class='gallery-item'>\n\t\t\t<div class='gallery-icon portrait'>\n\t\t\t\t<a href='https:\/\/liceum.kard.hlonda.pl\/index.php\/2025\/06\/27\/zakonczenie-roku-szkolnego-2024-2025-2\/uroczyste_zakoczenie_roku_szkolnego_2024_2025_56\/'><img loading=\"lazy\" decoding=\"async\" width=\"150\" height=\"150\" src=\"https:\/\/liceum.kard.hlonda.pl\/wp-content\/uploads\/2025\/06\/uroczyste_zakoczenie_roku_szkolnego_2024_2025_56-150x150.jpg\" class=\"attachment-thumbnail size-thumbnail\" alt=\"\" \/><\/a>\n\t\t\t<\/div><\/figure><figure class='gallery-item'>\n\t\t\t<div class='gallery-icon landscape'>\n\t\t\t\t<a href='https:\/\/liceum.kard.hlonda.pl\/index.php\/2025\/06\/27\/zakonczenie-roku-szkolnego-2024-2025-2\/uroczyste_zakoczenie_roku_szkolnego_2024_2025_57\/'><img loading=\"lazy\" decoding=\"async\" width=\"150\" height=\"150\" src=\"https:\/\/liceum.kard.hlonda.pl\/wp-content\/uploads\/2025\/06\/uroczyste_zakoczenie_roku_szkolnego_2024_2025_57-150x150.jpg\" class=\"attachment-thumbnail size-thumbnail\" alt=\"\" \/><\/a>\n\t\t\t<\/div><\/figure><figure class='gallery-item'>\n\t\t\t<div class='gallery-icon landscape'>\n\t\t\t\t<a href='https:\/\/liceum.kard.hlonda.pl\/index.php\/2025\/06\/27\/zakonczenie-roku-szkolnego-2024-2025-2\/uroczyste_zakoczenie_roku_szkolnego_2024_2025_58\/'><img loading=\"lazy\" decoding=\"async\" width=\"150\" height=\"150\" src=\"https:\/\/liceum.kard.hlonda.pl\/wp-content\/uploads\/2025\/06\/uroczyste_zakoczenie_roku_szkolnego_2024_2025_58-150x150.jpg\" class=\"attachment-thumbnail size-thumbnail\" alt=\"\" \/><\/a>\n\t\t\t<\/div><\/figure><figure class='gallery-item'>\n\t\t\t<div class='gallery-icon landscape'>\n\t\t\t\t<a href='https:\/\/liceum.kard.hlonda.pl\/index.php\/2025\/06\/27\/zakonczenie-roku-szkolnego-2024-2025-2\/uroczyste_zakoczenie_roku_szkolnego_2024_2025_59\/'><img loading=\"lazy\" decoding=\"async\" width=\"150\" height=\"150\" src=\"https:\/\/liceum.kard.hlonda.pl\/wp-content\/uploads\/2025\/06\/uroczyste_zakoczenie_roku_szkolnego_2024_2025_59-150x150.jpg\" class=\"attachment-thumbnail size-thumbnail\" alt=\"\" \/><\/a>\n\t\t\t<\/div><\/figure><figure class='gallery-item'>\n\t\t\t<div class='gallery-icon landscape'>\n\t\t\t\t<a href='https:\/\/liceum.kard.hlonda.pl\/index.php\/2025\/06\/27\/zakonczenie-roku-szkolnego-2024-2025-2\/uroczyste_zakoczenie_roku_szkolnego_2024_2025_60\/'><img loading=\"lazy\" decoding=\"async\" width=\"150\" height=\"150\" src=\"https:\/\/liceum.kard.hlonda.pl\/wp-content\/uploads\/2025\/06\/uroczyste_zakoczenie_roku_szkolnego_2024_2025_60-150x150.jpg\" class=\"attachment-thumbnail size-thumbnail\" alt=\"\" \/><\/a>\n\t\t\t<\/div><\/figure><figure class='gallery-item'>\n\t\t\t<div class='gallery-icon landscape'>\n\t\t\t\t<a href='https:\/\/liceum.kard.hlonda.pl\/index.php\/2025\/06\/27\/zakonczenie-roku-szkolnego-2024-2025-2\/uroczyste_zakoczenie_roku_szkolnego_2024_2025_61\/'><img loading=\"lazy\" decoding=\"async\" width=\"150\" height=\"150\" src=\"https:\/\/liceum.kard.hlonda.pl\/wp-content\/uploads\/2025\/06\/uroczyste_zakoczenie_roku_szkolnego_2024_2025_61-150x150.jpg\" class=\"attachment-thumbnail size-thumbnail\" alt=\"\" \/><\/a>\n\t\t\t<\/div><\/figure><figure class='gallery-item'>\n\t\t\t<div class='gallery-icon landscape'>\n\t\t\t\t<a href='https:\/\/liceum.kard.hlonda.pl\/index.php\/2025\/06\/27\/zakonczenie-roku-szkolnego-2024-2025-2\/uroczyste_zakoczenie_roku_szkolnego_2024_2025_62\/'><img loading=\"lazy\" decoding=\"async\" width=\"150\" height=\"150\" src=\"https:\/\/liceum.kard.hlonda.pl\/wp-content\/uploads\/2025\/06\/uroczyste_zakoczenie_roku_szkolnego_2024_2025_62-150x150.jpg\" class=\"attachment-thumbnail size-thumbnail\" alt=\"\" \/><\/a>\n\t\t\t<\/div><\/figure><figure class='gallery-item'>\n\t\t\t<div class='gallery-icon landscape'>\n\t\t\t\t<a href='https:\/\/liceum.kard.hlonda.pl\/index.php\/2025\/06\/27\/zakonczenie-roku-szkolnego-2024-2025-2\/uroczyste_zakoczenie_roku_szkolnego_2024_2025_63\/'><img loading=\"lazy\" decoding=\"async\" width=\"150\" height=\"150\" src=\"https:\/\/liceum.kard.hlonda.pl\/wp-content\/uploads\/2025\/06\/uroczyste_zakoczenie_roku_szkolnego_2024_2025_63-150x150.jpg\" class=\"attachment-thumbnail size-thumbnail\" alt=\"\" \/><\/a>\n\t\t\t<\/div><\/figure><figure class='gallery-item'>\n\t\t\t<div class='gallery-icon landscape'>\n\t\t\t\t<a href='https:\/\/liceum.kard.hlonda.pl\/index.php\/2025\/06\/27\/zakonczenie-roku-szkolnego-2024-2025-2\/uroczyste_zakoczenie_roku_szkolnego_2024_2025_64\/'><img loading=\"lazy\" decoding=\"async\" width=\"150\" height=\"150\" src=\"https:\/\/liceum.kard.hlonda.pl\/wp-content\/uploads\/2025\/06\/uroczyste_zakoczenie_roku_szkolnego_2024_2025_64-150x150.jpg\" class=\"attachment-thumbnail size-thumbnail\" alt=\"\" \/><\/a>\n\t\t\t<\/div><\/figure><figure class='gallery-item'>\n\t\t\t<div class='gallery-icon landscape'>\n\t\t\t\t<a href='https:\/\/liceum.kard.hlonda.pl\/index.php\/2025\/06\/27\/zakonczenie-roku-szkolnego-2024-2025-2\/uroczyste_zakoczenie_roku_szkolnego_2024_2025_65\/'><img loading=\"lazy\" decoding=\"async\" width=\"150\" height=\"150\" src=\"https:\/\/liceum.kard.hlonda.pl\/wp-content\/uploads\/2025\/06\/uroczyste_zakoczenie_roku_szkolnego_2024_2025_65-150x150.jpg\" class=\"attachment-thumbnail size-thumbnail\" alt=\"\" \/><\/a>\n\t\t\t<\/div><\/figure><figure class='gallery-item'>\n\t\t\t<div class='gallery-icon portrait'>\n\t\t\t\t<a href='https:\/\/liceum.kard.hlonda.pl\/index.php\/2025\/06\/27\/zakonczenie-roku-szkolnego-2024-2025-2\/uroczyste_zakoczenie_roku_szkolnego_2024_2025_66\/'><img loading=\"lazy\" decoding=\"async\" width=\"150\" height=\"150\" src=\"https:\/\/liceum.kard.hlonda.pl\/wp-content\/uploads\/2025\/06\/uroczyste_zakoczenie_roku_szkolnego_2024_2025_66-150x150.jpg\" class=\"attachment-thumbnail size-thumbnail\" alt=\"\" \/><\/a>\n\t\t\t<\/div><\/figure><figure class='gallery-item'>\n\t\t\t<div class='gallery-icon landscape'>\n\t\t\t\t<a href='https:\/\/liceum.kard.hlonda.pl\/index.php\/2025\/06\/27\/zakonczenie-roku-szkolnego-2024-2025-2\/uroczyste_zakoczenie_roku_szkolnego_2024_2025_67\/'><img loading=\"lazy\" decoding=\"async\" width=\"150\" height=\"150\" src=\"https:\/\/liceum.kard.hlonda.pl\/wp-content\/uploads\/2025\/06\/uroczyste_zakoczenie_roku_szkolnego_2024_2025_67-150x150.jpg\" class=\"attachment-thumbnail size-thumbnail\" alt=\"\" \/><\/a>\n\t\t\t<\/div><\/figure><figure class='gallery-item'>\n\t\t\t<div class='gallery-icon landscape'>\n\t\t\t\t<a href='https:\/\/liceum.kard.hlonda.pl\/index.php\/2025\/06\/27\/zakonczenie-roku-szkolnego-2024-2025-2\/uroczyste_zakoczenie_roku_szkolnego_2024_2025_68\/'><img loading=\"lazy\" decoding=\"async\" width=\"150\" height=\"150\" src=\"https:\/\/liceum.kard.hlonda.pl\/wp-content\/uploads\/2025\/06\/uroczyste_zakoczenie_roku_szkolnego_2024_2025_68-150x150.jpg\" class=\"attachment-thumbnail size-thumbnail\" alt=\"\" \/><\/a>\n\t\t\t<\/div><\/figure><figure class='gallery-item'>\n\t\t\t<div class='gallery-icon landscape'>\n\t\t\t\t<a href='https:\/\/liceum.kard.hlonda.pl\/index.php\/2025\/06\/27\/zakonczenie-roku-szkolnego-2024-2025-2\/uroczyste_zakoczenie_roku_szkolnego_2024_2025_69\/'><img loading=\"lazy\" decoding=\"async\" width=\"150\" height=\"150\" src=\"https:\/\/liceum.kard.hlonda.pl\/wp-content\/uploads\/2025\/06\/uroczyste_zakoczenie_roku_szkolnego_2024_2025_69-150x150.jpg\" class=\"attachment-thumbnail size-thumbnail\" alt=\"\" \/><\/a>\n\t\t\t<\/div><\/figure><figure class='gallery-item'>\n\t\t\t<div class='gallery-icon landscape'>\n\t\t\t\t<a href='https:\/\/liceum.kard.hlonda.pl\/index.php\/2025\/06\/27\/zakonczenie-roku-szkolnego-2024-2025-2\/uroczyste_zakoczenie_roku_szkolnego_2024_2025_70\/'><img loading=\"lazy\" decoding=\"async\" width=\"150\" height=\"150\" src=\"https:\/\/liceum.kard.hlonda.pl\/wp-content\/uploads\/2025\/06\/uroczyste_zakoczenie_roku_szkolnego_2024_2025_70-150x150.jpg\" class=\"attachment-thumbnail size-thumbnail\" alt=\"\" \/><\/a>\n\t\t\t<\/div><\/figure><figure class='gallery-item'>\n\t\t\t<div class='gallery-icon landscape'>\n\t\t\t\t<a href='https:\/\/liceum.kard.hlonda.pl\/index.php\/2025\/06\/27\/zakonczenie-roku-szkolnego-2024-2025-2\/uroczyste_zakoczenie_roku_szkolnego_2024_2025_71\/'><img loading=\"lazy\" decoding=\"async\" width=\"150\" height=\"150\" src=\"https:\/\/liceum.kard.hlonda.pl\/wp-content\/uploads\/2025\/06\/uroczyste_zakoczenie_roku_szkolnego_2024_2025_71-150x150.jpg\" class=\"attachment-thumbnail size-thumbnail\" alt=\"\" \/><\/a>\n\t\t\t<\/div><\/figure><figure class='gallery-item'>\n\t\t\t<div class='gallery-icon landscape'>\n\t\t\t\t<a href='https:\/\/liceum.kard.hlonda.pl\/index.php\/2025\/06\/27\/zakonczenie-roku-szkolnego-2024-2025-2\/uroczyste_zakoczenie_roku_szkolnego_2024_2025_72\/'><img loading=\"lazy\" decoding=\"async\" width=\"150\" height=\"150\" src=\"https:\/\/liceum.kard.hlonda.pl\/wp-content\/uploads\/2025\/06\/uroczyste_zakoczenie_roku_szkolnego_2024_2025_72-150x150.jpg\" class=\"attachment-thumbnail size-thumbnail\" alt=\"\" \/><\/a>\n\t\t\t<\/div><\/figure><figure class='gallery-item'>\n\t\t\t<div class='gallery-icon landscape'>\n\t\t\t\t<a href='https:\/\/liceum.kard.hlonda.pl\/index.php\/2025\/06\/27\/zakonczenie-roku-szkolnego-2024-2025-2\/uroczyste_zakoczenie_roku_szkolnego_2024_2025_73\/'><img loading=\"lazy\" decoding=\"async\" width=\"150\" height=\"150\" src=\"https:\/\/liceum.kard.hlonda.pl\/wp-content\/uploads\/2025\/06\/uroczyste_zakoczenie_roku_szkolnego_2024_2025_73-150x150.jpg\" class=\"attachment-thumbnail size-thumbnail\" alt=\"\" \/><\/a>\n\t\t\t<\/div><\/figure><figure class='gallery-item'>\n\t\t\t<div class='gallery-icon landscape'>\n\t\t\t\t<a href='https:\/\/liceum.kard.hlonda.pl\/index.php\/2025\/06\/27\/zakonczenie-roku-szkolnego-2024-2025-2\/uroczyste_zakoczenie_roku_szkolnego_2024_2025_74\/'><img loading=\"lazy\" decoding=\"async\" width=\"150\" height=\"150\" src=\"https:\/\/liceum.kard.hlonda.pl\/wp-content\/uploads\/2025\/06\/uroczyste_zakoczenie_roku_szkolnego_2024_2025_74-150x150.jpg\" class=\"attachment-thumbnail size-thumbnail\" alt=\"\" \/><\/a>\n\t\t\t<\/div><\/figure><figure class='gallery-item'>\n\t\t\t<div class='gallery-icon portrait'>\n\t\t\t\t<a href='https:\/\/liceum.kard.hlonda.pl\/index.php\/2025\/06\/27\/zakonczenie-roku-szkolnego-2024-2025-2\/uroczyste_zakoczenie_roku_szkolnego_2024_2025_75\/'><img loading=\"lazy\" decoding=\"async\" width=\"150\" height=\"150\" src=\"https:\/\/liceum.kard.hlonda.pl\/wp-content\/uploads\/2025\/06\/uroczyste_zakoczenie_roku_szkolnego_2024_2025_75-150x150.jpg\" class=\"attachment-thumbnail size-thumbnail\" alt=\"\" \/><\/a>\n\t\t\t<\/div><\/figure><figure class='gallery-item'>\n\t\t\t<div class='gallery-icon portrait'>\n\t\t\t\t<a href='https:\/\/liceum.kard.hlonda.pl\/index.php\/2025\/06\/27\/zakonczenie-roku-szkolnego-2024-2025-2\/uroczyste_zakoczenie_roku_szkolnego_2024_2025_76\/'><img loading=\"lazy\" decoding=\"async\" width=\"150\" height=\"150\" src=\"https:\/\/liceum.kard.hlonda.pl\/wp-content\/uploads\/2025\/06\/uroczyste_zakoczenie_roku_szkolnego_2024_2025_76-150x150.jpg\" class=\"attachment-thumbnail size-thumbnail\" alt=\"\" \/><\/a>\n\t\t\t<\/div><\/figure><figure class='gallery-item'>\n\t\t\t<div class='gallery-icon landscape'>\n\t\t\t\t<a href='https:\/\/liceum.kard.hlonda.pl\/index.php\/2025\/06\/27\/zakonczenie-roku-szkolnego-2024-2025-2\/uroczyste_zakoczenie_roku_szkolnego_2024_2025_77\/'><img loading=\"lazy\" decoding=\"async\" width=\"150\" height=\"150\" src=\"https:\/\/liceum.kard.hlonda.pl\/wp-content\/uploads\/2025\/06\/uroczyste_zakoczenie_roku_szkolnego_2024_2025_77-150x150.jpg\" class=\"attachment-thumbnail size-thumbnail\" alt=\"\" \/><\/a>\n\t\t\t<\/div><\/figure><figure class='gallery-item'>\n\t\t\t<div class='gallery-icon landscape'>\n\t\t\t\t<a href='https:\/\/liceum.kard.hlonda.pl\/index.php\/2025\/06\/27\/zakonczenie-roku-szkolnego-2024-2025-2\/uroczyste_zakoczenie_roku_szkolnego_2024_2025_78\/'><img loading=\"lazy\" decoding=\"async\" width=\"150\" height=\"150\" src=\"https:\/\/liceum.kard.hlonda.pl\/wp-content\/uploads\/2025\/06\/uroczyste_zakoczenie_roku_szkolnego_2024_2025_78-150x150.jpg\" class=\"attachment-thumbnail size-thumbnail\" alt=\"\" \/><\/a>\n\t\t\t<\/div><\/figure><figure class='gallery-item'>\n\t\t\t<div class='gallery-icon landscape'>\n\t\t\t\t<a href='https:\/\/liceum.kard.hlonda.pl\/index.php\/2025\/06\/27\/zakonczenie-roku-szkolnego-2024-2025-2\/uroczyste_zakoczenie_roku_szkolnego_2024_2025_79\/'><img loading=\"lazy\" decoding=\"async\" width=\"150\" height=\"150\" src=\"https:\/\/liceum.kard.hlonda.pl\/wp-content\/uploads\/2025\/06\/uroczyste_zakoczenie_roku_szkolnego_2024_2025_79-150x150.jpg\" class=\"attachment-thumbnail size-thumbnail\" alt=\"\" \/><\/a>\n\t\t\t<\/div><\/figure><figure class='gallery-item'>\n\t\t\t<div class='gallery-icon landscape'>\n\t\t\t\t<a href='https:\/\/liceum.kard.hlonda.pl\/index.php\/2025\/06\/27\/zakonczenie-roku-szkolnego-2024-2025-2\/uroczyste_zakoczenie_roku_szkolnego_2024_2025_80\/'><img loading=\"lazy\" decoding=\"async\" width=\"150\" height=\"150\" src=\"https:\/\/liceum.kard.hlonda.pl\/wp-content\/uploads\/2025\/06\/uroczyste_zakoczenie_roku_szkolnego_2024_2025_80-150x150.jpg\" class=\"attachment-thumbnail size-thumbnail\" alt=\"\" \/><\/a>\n\t\t\t<\/div><\/figure><figure class='gallery-item'>\n\t\t\t<div class='gallery-icon landscape'>\n\t\t\t\t<a href='https:\/\/liceum.kard.hlonda.pl\/index.php\/2025\/06\/27\/zakonczenie-roku-szkolnego-2024-2025-2\/uroczyste_zakoczenie_roku_szkolnego_2024_2025_81\/'><img loading=\"lazy\" decoding=\"async\" width=\"150\" height=\"150\" src=\"https:\/\/liceum.kard.hlonda.pl\/wp-content\/uploads\/2025\/06\/uroczyste_zakoczenie_roku_szkolnego_2024_2025_81-150x150.jpg\" class=\"attachment-thumbnail size-thumbnail\" alt=\"\" \/><\/a>\n\t\t\t<\/div><\/figure><figure class='gallery-item'>\n\t\t\t<div class='gallery-icon landscape'>\n\t\t\t\t<a href='https:\/\/liceum.kard.hlonda.pl\/index.php\/2025\/06\/27\/zakonczenie-roku-szkolnego-2024-2025-2\/uroczyste_zakoczenie_roku_szkolnego_2024_2025_82\/'><img loading=\"lazy\" decoding=\"async\" width=\"150\" height=\"150\" src=\"https:\/\/liceum.kard.hlonda.pl\/wp-content\/uploads\/2025\/06\/uroczyste_zakoczenie_roku_szkolnego_2024_2025_82-150x150.jpg\" class=\"attachment-thumbnail size-thumbnail\" alt=\"\" \/><\/a>\n\t\t\t<\/div><\/figure><figure class='gallery-item'>\n\t\t\t<div class='gallery-icon landscape'>\n\t\t\t\t<a href='https:\/\/liceum.kard.hlonda.pl\/index.php\/2025\/06\/27\/zakonczenie-roku-szkolnego-2024-2025-2\/uroczyste_zakoczenie_roku_szkolnego_2024_2025_83\/'><img loading=\"lazy\" decoding=\"async\" width=\"150\" height=\"150\" src=\"https:\/\/liceum.kard.hlonda.pl\/wp-content\/uploads\/2025\/06\/uroczyste_zakoczenie_roku_szkolnego_2024_2025_83-150x150.jpg\" class=\"attachment-thumbnail size-thumbnail\" alt=\"\" \/><\/a>\n\t\t\t<\/div><\/figure><figure class='gallery-item'>\n\t\t\t<div class='gallery-icon landscape'>\n\t\t\t\t<a href='https:\/\/liceum.kard.hlonda.pl\/index.php\/2025\/06\/27\/zakonczenie-roku-szkolnego-2024-2025-2\/uroczyste_zakoczenie_roku_szkolnego_2024_2025_84\/'><img loading=\"lazy\" decoding=\"async\" width=\"150\" height=\"150\" src=\"https:\/\/liceum.kard.hlonda.pl\/wp-content\/uploads\/2025\/06\/uroczyste_zakoczenie_roku_szkolnego_2024_2025_84-150x150.jpg\" class=\"attachment-thumbnail size-thumbnail\" alt=\"\" \/><\/a>\n\t\t\t<\/div><\/figure><figure class='gallery-item'>\n\t\t\t<div class='gallery-icon landscape'>\n\t\t\t\t<a href='https:\/\/liceum.kard.hlonda.pl\/index.php\/2025\/06\/27\/zakonczenie-roku-szkolnego-2024-2025-2\/uroczyste_zakoczenie_roku_szkolnego_2024_2025_85\/'><img loading=\"lazy\" decoding=\"async\" width=\"150\" height=\"150\" src=\"https:\/\/liceum.kard.hlonda.pl\/wp-content\/uploads\/2025\/06\/uroczyste_zakoczenie_roku_szkolnego_2024_2025_85-150x150.jpg\" class=\"attachment-thumbnail size-thumbnail\" alt=\"\" \/><\/a>\n\t\t\t<\/div><\/figure><figure class='gallery-item'>\n\t\t\t<div class='gallery-icon landscape'>\n\t\t\t\t<a href='https:\/\/liceum.kard.hlonda.pl\/index.php\/2025\/06\/27\/zakonczenie-roku-szkolnego-2024-2025-2\/uroczyste_zakoczenie_roku_szkolnego_2024_2025_86\/'><img loading=\"lazy\" decoding=\"async\" width=\"150\" height=\"150\" src=\"https:\/\/liceum.kard.hlonda.pl\/wp-content\/uploads\/2025\/06\/uroczyste_zakoczenie_roku_szkolnego_2024_2025_86-150x150.jpg\" class=\"attachment-thumbnail size-thumbnail\" alt=\"\" \/><\/a>\n\t\t\t<\/div><\/figure><figure class='gallery-item'>\n\t\t\t<div class='gallery-icon landscape'>\n\t\t\t\t<a href='https:\/\/liceum.kard.hlonda.pl\/index.php\/2025\/06\/27\/zakonczenie-roku-szkolnego-2024-2025-2\/uroczyste_zakoczenie_roku_szkolnego_2024_2025_87\/'><img loading=\"lazy\" decoding=\"async\" width=\"150\" height=\"150\" src=\"https:\/\/liceum.kard.hlonda.pl\/wp-content\/uploads\/2025\/06\/uroczyste_zakoczenie_roku_szkolnego_2024_2025_87-150x150.jpg\" class=\"attachment-thumbnail size-thumbnail\" alt=\"\" \/><\/a>\n\t\t\t<\/div><\/figure><figure class='gallery-item'>\n\t\t\t<div class='gallery-icon landscape'>\n\t\t\t\t<a href='https:\/\/liceum.kard.hlonda.pl\/index.php\/2025\/06\/27\/zakonczenie-roku-szkolnego-2024-2025-2\/uroczyste_zakoczenie_roku_szkolnego_2024_2025_88\/'><img loading=\"lazy\" decoding=\"async\" width=\"150\" height=\"150\" src=\"https:\/\/liceum.kard.hlonda.pl\/wp-content\/uploads\/2025\/06\/uroczyste_zakoczenie_roku_szkolnego_2024_2025_88-150x150.jpg\" class=\"attachment-thumbnail size-thumbnail\" alt=\"\" \/><\/a>\n\t\t\t<\/div><\/figure><figure class='gallery-item'>\n\t\t\t<div class='gallery-icon landscape'>\n\t\t\t\t<a href='https:\/\/liceum.kard.hlonda.pl\/index.php\/2025\/06\/27\/zakonczenie-roku-szkolnego-2024-2025-2\/uroczyste_zakoczenie_roku_szkolnego_2024_2025_89\/'><img loading=\"lazy\" decoding=\"async\" width=\"150\" height=\"150\" src=\"https:\/\/liceum.kard.hlonda.pl\/wp-content\/uploads\/2025\/06\/uroczyste_zakoczenie_roku_szkolnego_2024_2025_89-150x150.jpg\" class=\"attachment-thumbnail size-thumbnail\" alt=\"\" \/><\/a>\n\t\t\t<\/div><\/figure><figure class='gallery-item'>\n\t\t\t<div class='gallery-icon landscape'>\n\t\t\t\t<a href='https:\/\/liceum.kard.hlonda.pl\/index.php\/2025\/06\/27\/zakonczenie-roku-szkolnego-2024-2025-2\/uroczyste_zakoczenie_roku_szkolnego_2024_2025_90\/'><img loading=\"lazy\" decoding=\"async\" width=\"150\" height=\"150\" src=\"https:\/\/liceum.kard.hlonda.pl\/wp-content\/uploads\/2025\/06\/uroczyste_zakoczenie_roku_szkolnego_2024_2025_90-150x150.jpg\" class=\"attachment-thumbnail size-thumbnail\" alt=\"\" \/><\/a>\n\t\t\t<\/div><\/figure>\n\t\t<\/div>\n\n","protected":false},"excerpt":{"rendered":"<p>27 czerwca zar\u00f3wno uczniowie, jak i nauczyciele z rado\u015bci\u0105 powitali rozpoczynaj\u0105ce si\u0119 wakacje. Tego dnia zako\u0144czyli\u015bmy rok szkolny 2024\/2025. Zgodnie z tradycj\u0105 rozpocz\u0119li\u015bmy uroczyst\u0105 msz\u0105 \u015bwi\u0119t\u0105 w kaplicy u si\u00f3str Zgromadzenia ss. Mi\u0142osierdzia \u015bw. Wincentego a Paulo. Eucharystii przewodniczy\u0142 ksi\u0105dz Superior Domu G\u0142\u00f3wnego Towarzystwa Chrystusowego dla Polonii Zagranicznej w Poznaniu, &hellip;<\/p>\n","protected":false},"author":1,"featured_media":5263,"comment_status":"closed","ping_status":"closed","sticky":false,"template":"","format":"standard","meta":{"footnotes":""},"categories":[1],"tags":[],"class_list":["post-5225","post","type-post","status-publish","format-standard","has-post-thumbnail","hentry","category-bez-kategorii"],"_links":{"self":[{"href":"https:\/\/liceum.kard.hlonda.pl\/index.php\/wp-json\/wp\/v2\/posts\/5225","targetHints":{"allow":["GET"]}}],"collection":[{"href":"https:\/\/liceum.kard.hlonda.pl\/index.php\/wp-json\/wp\/v2\/posts"}],"about":[{"href":"https:\/\/liceum.kard.hlonda.pl\/index.php\/wp-json\/wp\/v2\/types\/post"}],"author":[{"embeddable":true,"href":"https:\/\/liceum.kard.hlonda.pl\/index.php\/wp-json\/wp\/v2\/users\/1"}],"replies":[{"embeddable":true,"href":"https:\/\/liceum.kard.hlonda.pl\/index.php\/wp-json\/wp\/v2\/comments?post=5225"}],"version-history":[{"count":1,"href":"https:\/\/liceum.kard.hlonda.pl\/index.php\/wp-json\/wp\/v2\/posts\/5225\/revisions"}],"predecessor-version":[{"id":5316,"href":"https:\/\/liceum.kard.hlonda.pl\/index.php\/wp-json\/wp\/v2\/posts\/5225\/revisions\/5316"}],"wp:featuredmedia":[{"embeddable":true,"href":"https:\/\/liceum.kard.hlonda.pl\/index.php\/wp-json\/wp\/v2\/media\/5263"}],"wp:attachment":[{"href":"https:\/\/liceum.kard.hlonda.pl\/index.php\/wp-json\/wp\/v2\/media?parent=5225"}],"wp:term":[{"taxonomy":"category","embeddable":true,"href":"https:\/\/liceum.kard.hlonda.pl\/index.php\/wp-json\/wp\/v2\/categories?post=5225"},{"taxonomy":"post_tag","embeddable":true,"href":"https:\/\/liceum.kard.hlonda.pl\/index.php\/wp-json\/wp\/v2\/tags?post=5225"}],"curies":[{"name":"wp","href":"https:\/\/api.w.org\/{rel}","templated":true}]}}