{"id":625,"date":"2020-08-25T21:58:09","date_gmt":"2020-08-25T19:58:09","guid":{"rendered":"http:\/\/liceum.kard.hlonda.pl\/?p=625"},"modified":"2020-08-29T08:38:27","modified_gmt":"2020-08-29T06:38:27","slug":"rozpoczecie-roku-szkolnego-2020-2021","status":"publish","type":"post","link":"https:\/\/liceum.kard.hlonda.pl\/index.php\/2020\/08\/25\/rozpoczecie-roku-szkolnego-2020-2021\/","title":{"rendered":"ROZPOCZ\u0118CIE ROKU SZKOLNEGO 2020\/2021"},"content":{"rendered":"<h4 style=\"text-align: center;\">Inauguracja Roku Szkolnego 2020\/2021 dla ca\u0142ej spo\u0142eczno\u015bci Liceum Og\u00f3lnokszta\u0142c\u0105cego rozpocznie si\u0119 1 wrze\u015bnia 2020 r. o godz. 10.00 Msz\u0105 \u015awi\u0119t\u0105 odprawion\u0105 w kaplicy si\u00f3str Mi\u0142osierdzia.<\/h4>\n<p style=\"text-align: center;\"><strong>Po Mszy \u015awi\u0119tej odb\u0119d\u0105 si\u0119 spotkania z wychowawcami w salach:<\/strong><\/p>\n<p style=\"text-align: center;\">klasa I LOP &#8211; sala 20<br \/>\nklasa II LOP &#8211; sala 22<br \/>\nklasa II LOG &#8211; sala 18<\/p>\n<p style=\"text-align: center;\"><strong>W tym dniu obowi\u0105zuje str\u00f3j galowy.<\/strong><\/p>\n<h4 style=\"text-align: center;\"><span style=\"color: #ff0000;\">Przypominamy \u017ce obowi\u0105zuje przestrzeganie zasad sanitarnych w zwi\u0105zku pandemi\u0105 i uprzejmie prosimy o zabranie maseczek.<\/span><\/h4>\n<p>&nbsp;<\/p>\n","protected":false},"excerpt":{"rendered":"<p>Inauguracja Roku Szkolnego 2020\/2021 dla ca\u0142ej spo\u0142eczno\u015bci Liceum Og\u00f3lnokszta\u0142c\u0105cego rozpocznie si\u0119 1 wrze\u015bnia 2020 r. o godz. 10.00 Msz\u0105 \u015awi\u0119t\u0105 odprawion\u0105 w kaplicy si\u00f3str Mi\u0142osierdzia. Po Mszy \u015awi\u0119tej odb\u0119d\u0105 si\u0119 spotkania z wychowawcami w salach: klasa I LOP &#8211; sala 20 klasa II LOP &#8211; sala 22 klasa II LOG &hellip;<\/p>\n","protected":false},"author":1,"featured_media":0,"comment_status":"closed","ping_status":"closed","sticky":false,"template":"","format":"standard","meta":{"footnotes":""},"categories":[1],"tags":[],"class_list":["post-625","post","type-post","status-publish","format-standard","hentry","category-bez-kategorii"],"_links":{"self":[{"href":"https:\/\/liceum.kard.hlonda.pl\/index.php\/wp-json\/wp\/v2\/posts\/625","targetHints":{"allow":["GET"]}}],"collection":[{"href":"https:\/\/liceum.kard.hlonda.pl\/index.php\/wp-json\/wp\/v2\/posts"}],"about":[{"href":"https:\/\/liceum.kard.hlonda.pl\/index.php\/wp-json\/wp\/v2\/types\/post"}],"author":[{"embeddable":true,"href":"https:\/\/liceum.kard.hlonda.pl\/index.php\/wp-json\/wp\/v2\/users\/1"}],"replies":[{"embeddable":true,"href":"https:\/\/liceum.kard.hlonda.pl\/index.php\/wp-json\/wp\/v2\/comments?post=625"}],"version-history":[{"count":4,"href":"https:\/\/liceum.kard.hlonda.pl\/index.php\/wp-json\/wp\/v2\/posts\/625\/revisions"}],"predecessor-version":[{"id":631,"href":"https:\/\/liceum.kard.hlonda.pl\/index.php\/wp-json\/wp\/v2\/posts\/625\/revisions\/631"}],"wp:attachment":[{"href":"https:\/\/liceum.kard.hlonda.pl\/index.php\/wp-json\/wp\/v2\/media?parent=625"}],"wp:term":[{"taxonomy":"category","embeddable":true,"href":"https:\/\/liceum.kard.hlonda.pl\/index.php\/wp-json\/wp\/v2\/categories?post=625"},{"taxonomy":"post_tag","embeddable":true,"href":"https:\/\/liceum.kard.hlonda.pl\/index.php\/wp-json\/wp\/v2\/tags?post=625"}],"curies":[{"name":"wp","href":"https:\/\/api.w.org\/{rel}","templated":true}]}}