{"id":632,"date":"2020-08-29T08:40:27","date_gmt":"2020-08-29T06:40:27","guid":{"rendered":"http:\/\/liceum.kard.hlonda.pl\/?p=632"},"modified":"2020-08-29T08:40:27","modified_gmt":"2020-08-29T06:40:27","slug":"komunikaty-powiatowej-stacji-sanitarno-epidemiologicznej-w-poznaniu","status":"publish","type":"post","link":"https:\/\/liceum.kard.hlonda.pl\/index.php\/2020\/08\/29\/komunikaty-powiatowej-stacji-sanitarno-epidemiologicznej-w-poznaniu\/","title":{"rendered":"Komunikaty Powiatowej Stacji Sanitarno-Epidemiologicznej w Poznaniu"},"content":{"rendered":"<p style=\"text-align: center;\"><iframe loading=\"lazy\" src=\"https:\/\/www.youtube.com\/embed\/CEl7eBx2wsE\" width=\"560\" height=\"315\" frameborder=\"0\" allowfullscreen=\"allowfullscreen\"><\/iframe><\/p>\n<ul>\n<li style=\"text-align: center;\">Powiatowa Stacja Sanitarno -Epidemiologiczna w Poznaniu <span style=\"color: #ff0000;\">609 794 670<\/span><\/li>\n<li style=\"text-align: center;\">Wojew\u00f3dzka Stacja Sanitarno\u2013Epidemiologiczna w Poznaniu <span style=\"color: #ff0000;\">61 656 80 50<\/span><\/li>\n<li style=\"text-align: center;\">Tel. do s\u0142u\u017cb medycznych<span style=\"color: #ff0000;\"> 999, 112<\/span><\/li>\n<li style=\"text-align: center;\">Infolinia NFZ w sprawie koronawirusa <span style=\"color: #ff0000;\">800 190 590<\/span><\/li>\n<\/ul>\n<hr \/>\n<ul>\n<li style=\"text-align: center;\">Najbli\u017cszy oddzia\u0142 zaka\u017any<br \/>\nUl. \u017belazna 2, 60-101 Pozna\u0144<br \/>\nCzynne ca\u0142\u0105 dob\u0119 Telefon: 61 873 93 68<\/li>\n<\/ul>\n<p style=\"text-align: center;\"><strong><span style=\"color: #ff0000;\"><a style=\"color: #ff0000;\" href=\"https:\/\/dokumenty.men.gov.pl\/\/Wytyczne_dla_szkol_i_placowek_-_wrzesien_2020.pdf\" target=\"_blank\" rel=\"noopener noreferrer\" data-saferedirecturl=\"https:\/\/zasobygwp.pl\/redirect?sig=ffad9f179036b914116c4f26d1c4a5d78bcf7b660b4383246c8abe5227275f65&amp;url=aHR0cHM6Ly9kb2t1bWVudHkubWVuLmdvdi5wbC8vV3l0eWN6bmVfZGxhX3N6a29sX2lfcGxhY293ZWtfLV93cnplc2llbl8yMDIwLnBkZg==&amp;platform=desktop&amp;brand=o2\">Wytyczne dla szk\u00f3\u0142 i plac\u00f3wek &#8211; wrzesie\u0144 2020 pdf<\/a><\/span><\/strong><\/p>\n<hr \/>\n<div id='gallery-1' class='gallery galleryid-632 gallery-columns-3 gallery-size-medium'><figure class='gallery-item'>\n\t\t\t<div class='gallery-icon portrait'>\n\t\t\t\t<a href='https:\/\/liceum.kard.hlonda.pl\/index.php\/2020\/08\/29\/komunikaty-powiatowej-stacji-sanitarno-epidemiologicznej-w-poznaniu\/10zasadplakat_rodzice_plakat\/'><img loading=\"lazy\" decoding=\"async\" width=\"212\" height=\"300\" src=\"https:\/\/liceum.kard.hlonda.pl\/wp-content\/uploads\/2020\/08\/10zasadplakat_rodzice_plakat-212x300.jpeg\" class=\"attachment-medium size-medium\" alt=\"\" srcset=\"https:\/\/liceum.kard.hlonda.pl\/wp-content\/uploads\/2020\/08\/10zasadplakat_rodzice_plakat-212x300.jpeg 212w, https:\/\/liceum.kard.hlonda.pl\/wp-content\/uploads\/2020\/08\/10zasadplakat_rodzice_plakat-247x350.jpeg 247w, https:\/\/liceum.kard.hlonda.pl\/wp-content\/uploads\/2020\/08\/10zasadplakat_rodzice_plakat.jpeg 636w\" sizes=\"auto, (max-width: 212px) 100vw, 212px\" \/><\/a>\n\t\t\t<\/div><\/figure><figure class='gallery-item'>\n\t\t\t<div class='gallery-icon portrait'>\n\t\t\t\t<a href='https:\/\/liceum.kard.hlonda.pl\/index.php\/2020\/08\/29\/komunikaty-powiatowej-stacji-sanitarno-epidemiologicznej-w-poznaniu\/10zasadplakat_uczniowie_plakat\/'><img loading=\"lazy\" decoding=\"async\" width=\"212\" height=\"300\" src=\"https:\/\/liceum.kard.hlonda.pl\/wp-content\/uploads\/2020\/08\/10zasadplakat_uczniowie_plakat-212x300.jpeg\" class=\"attachment-medium size-medium\" alt=\"\" srcset=\"https:\/\/liceum.kard.hlonda.pl\/wp-content\/uploads\/2020\/08\/10zasadplakat_uczniowie_plakat-212x300.jpeg 212w, https:\/\/liceum.kard.hlonda.pl\/wp-content\/uploads\/2020\/08\/10zasadplakat_uczniowie_plakat-247x350.jpeg 247w, https:\/\/liceum.kard.hlonda.pl\/wp-content\/uploads\/2020\/08\/10zasadplakat_uczniowie_plakat.jpeg 636w\" sizes=\"auto, (max-width: 212px) 100vw, 212px\" \/><\/a>\n\t\t\t<\/div><\/figure><figure class='gallery-item'>\n\t\t\t<div class='gallery-icon portrait'>\n\t\t\t\t<a href='https:\/\/liceum.kard.hlonda.pl\/index.php\/2020\/08\/29\/komunikaty-powiatowej-stacji-sanitarno-epidemiologicznej-w-poznaniu\/plakat_kv_dla_dzieci\/'><img loading=\"lazy\" decoding=\"async\" width=\"212\" height=\"300\" src=\"https:\/\/liceum.kard.hlonda.pl\/wp-content\/uploads\/2020\/08\/plakat_kv_dla_dzieci-212x300.jpg\" class=\"attachment-medium size-medium\" alt=\"\" srcset=\"https:\/\/liceum.kard.hlonda.pl\/wp-content\/uploads\/2020\/08\/plakat_kv_dla_dzieci-212x300.jpg 212w, https:\/\/liceum.kard.hlonda.pl\/wp-content\/uploads\/2020\/08\/plakat_kv_dla_dzieci-247x350.jpg 247w, https:\/\/liceum.kard.hlonda.pl\/wp-content\/uploads\/2020\/08\/plakat_kv_dla_dzieci.jpg 543w\" sizes=\"auto, (max-width: 212px) 100vw, 212px\" \/><\/a>\n\t\t\t<\/div><\/figure>\n\t\t<\/div>\n\n<p>&nbsp;<\/p>\n","protected":false},"excerpt":{"rendered":"<p>Powiatowa Stacja Sanitarno -Epidemiologiczna w Poznaniu 609 794 670 Wojew\u00f3dzka Stacja Sanitarno\u2013Epidemiologiczna w Poznaniu 61 656 80 50 Tel. do s\u0142u\u017cb medycznych 999, 112 Infolinia NFZ w sprawie koronawirusa 800 190 590 Najbli\u017cszy oddzia\u0142 zaka\u017any Ul. \u017belazna 2, 60-101 Pozna\u0144 Czynne ca\u0142\u0105 dob\u0119 Telefon: 61 873 93 68 Wytyczne dla &hellip;<\/p>\n","protected":false},"author":1,"featured_media":635,"comment_status":"closed","ping_status":"closed","sticky":false,"template":"","format":"standard","meta":{"footnotes":""},"categories":[1],"tags":[],"class_list":["post-632","post","type-post","status-publish","format-standard","has-post-thumbnail","hentry","category-bez-kategorii"],"_links":{"self":[{"href":"https:\/\/liceum.kard.hlonda.pl\/index.php\/wp-json\/wp\/v2\/posts\/632","targetHints":{"allow":["GET"]}}],"collection":[{"href":"https:\/\/liceum.kard.hlonda.pl\/index.php\/wp-json\/wp\/v2\/posts"}],"about":[{"href":"https:\/\/liceum.kard.hlonda.pl\/index.php\/wp-json\/wp\/v2\/types\/post"}],"author":[{"embeddable":true,"href":"https:\/\/liceum.kard.hlonda.pl\/index.php\/wp-json\/wp\/v2\/users\/1"}],"replies":[{"embeddable":true,"href":"https:\/\/liceum.kard.hlonda.pl\/index.php\/wp-json\/wp\/v2\/comments?post=632"}],"version-history":[{"count":1,"href":"https:\/\/liceum.kard.hlonda.pl\/index.php\/wp-json\/wp\/v2\/posts\/632\/revisions"}],"predecessor-version":[{"id":636,"href":"https:\/\/liceum.kard.hlonda.pl\/index.php\/wp-json\/wp\/v2\/posts\/632\/revisions\/636"}],"wp:featuredmedia":[{"embeddable":true,"href":"https:\/\/liceum.kard.hlonda.pl\/index.php\/wp-json\/wp\/v2\/media\/635"}],"wp:attachment":[{"href":"https:\/\/liceum.kard.hlonda.pl\/index.php\/wp-json\/wp\/v2\/media?parent=632"}],"wp:term":[{"taxonomy":"category","embeddable":true,"href":"https:\/\/liceum.kard.hlonda.pl\/index.php\/wp-json\/wp\/v2\/categories?post=632"},{"taxonomy":"post_tag","embeddable":true,"href":"https:\/\/liceum.kard.hlonda.pl\/index.php\/wp-json\/wp\/v2\/tags?post=632"}],"curies":[{"name":"wp","href":"https:\/\/api.w.org\/{rel}","templated":true}]}}