{"id":658,"date":"2020-09-06T21:19:57","date_gmt":"2020-09-06T19:19:57","guid":{"rendered":"http:\/\/liceum.kard.hlonda.pl\/?p=658"},"modified":"2020-09-06T21:19:57","modified_gmt":"2020-09-06T19:19:57","slug":"komunikat","status":"publish","type":"post","link":"https:\/\/liceum.kard.hlonda.pl\/index.php\/2020\/09\/06\/komunikat\/","title":{"rendered":"KOMUNIKAT!!!"},"content":{"rendered":"<h4 style=\"text-align: center;\">9 wrze\u015bnia 2020 r. odb\u0119d\u0105 si\u0119 zebrania wychowawc\u00f3w z rodzicami<\/h4>\n<p><strong>Klasy I \u2013 II liceum godz. 19:00<\/strong><\/p>\n<p style=\"padding-left: 40px;\">Klasa I LOP sala 20 p. Ewa Giernacka<\/p>\n<p style=\"padding-left: 40px;\">Klasa II LOP sala 22 p. Piotr Kwiatkowski<\/p>\n<p style=\"padding-left: 40px;\">Klasa II LOG sala 18 p. Anna Wi\u015bla\u0144ska-Dohnal<\/p>\n","protected":false},"excerpt":{"rendered":"<p>9 wrze\u015bnia 2020 r. odb\u0119d\u0105 si\u0119 zebrania wychowawc\u00f3w z rodzicami Klasy I \u2013 II liceum godz. 19:00 Klasa I LOP sala 20 p. Ewa Giernacka Klasa II LOP sala 22 p. Piotr Kwiatkowski Klasa II LOG sala 18 p. Anna Wi\u015bla\u0144ska-Dohnal<\/p>\n","protected":false},"author":1,"featured_media":0,"comment_status":"closed","ping_status":"closed","sticky":false,"template":"","format":"standard","meta":{"footnotes":""},"categories":[1],"tags":[],"class_list":["post-658","post","type-post","status-publish","format-standard","hentry","category-bez-kategorii"],"_links":{"self":[{"href":"https:\/\/liceum.kard.hlonda.pl\/index.php\/wp-json\/wp\/v2\/posts\/658","targetHints":{"allow":["GET"]}}],"collection":[{"href":"https:\/\/liceum.kard.hlonda.pl\/index.php\/wp-json\/wp\/v2\/posts"}],"about":[{"href":"https:\/\/liceum.kard.hlonda.pl\/index.php\/wp-json\/wp\/v2\/types\/post"}],"author":[{"embeddable":true,"href":"https:\/\/liceum.kard.hlonda.pl\/index.php\/wp-json\/wp\/v2\/users\/1"}],"replies":[{"embeddable":true,"href":"https:\/\/liceum.kard.hlonda.pl\/index.php\/wp-json\/wp\/v2\/comments?post=658"}],"version-history":[{"count":1,"href":"https:\/\/liceum.kard.hlonda.pl\/index.php\/wp-json\/wp\/v2\/posts\/658\/revisions"}],"predecessor-version":[{"id":659,"href":"https:\/\/liceum.kard.hlonda.pl\/index.php\/wp-json\/wp\/v2\/posts\/658\/revisions\/659"}],"wp:attachment":[{"href":"https:\/\/liceum.kard.hlonda.pl\/index.php\/wp-json\/wp\/v2\/media?parent=658"}],"wp:term":[{"taxonomy":"category","embeddable":true,"href":"https:\/\/liceum.kard.hlonda.pl\/index.php\/wp-json\/wp\/v2\/categories?post=658"},{"taxonomy":"post_tag","embeddable":true,"href":"https:\/\/liceum.kard.hlonda.pl\/index.php\/wp-json\/wp\/v2\/tags?post=658"}],"curies":[{"name":"wp","href":"https:\/\/api.w.org\/{rel}","templated":true}]}}