{"id":67,"date":"2019-09-03T00:19:13","date_gmt":"2019-09-02T22:19:13","guid":{"rendered":"http:\/\/liceum.kard.hlonda.pl\/?p=67"},"modified":"2019-09-11T21:27:19","modified_gmt":"2019-09-11T19:27:19","slug":"inauguracja-roku-szkolnego-2019-2020-2","status":"publish","type":"post","link":"https:\/\/liceum.kard.hlonda.pl\/index.php\/2019\/09\/03\/inauguracja-roku-szkolnego-2019-2020-2\/","title":{"rendered":"Inauguracja Roku Szkolnego 2019\/2020"},"content":{"rendered":"<p>Rozpocz\u0119cie roku szkolnego 2019\/2020 odby\u0142o si\u0119 w kaplicy si\u00f3str Mi\u0142osierdzia Bo\u017cego uroczyst\u0105 Msz\u0105 \u015awi\u0119t\u0105, kt\u00f3r\u0105 celebrowali ks. proboszcz Tomasz Buli\u0144ski, ks. dr Pawe\u0142 Jasina i ks. Rados\u0142aw \u015alendak. Nast\u0119pnie uczniowie, licznie przybyli rodzice i nauczyciele udali si\u0119 do szko\u0142y.<\/p>\n<p>Inauguracyjne rozpocz\u0119cie roku szkolnego i oficjalne powitanie uczyni\u0142a pani dyrektor Barbara Zi\u00f3\u0142kowska. Cz\u0119\u015b\u0107 s\u0142owno-artystyczn\u0105 przygotowali uczniowie klasy VIII a piosenk\u0119 ,,Lato odchodzi z ptakami\u201d za\u015bpiewa\u0142a Gracja (nasz szkolny talent).<\/p>\n<p>W drugiej cz\u0119\u015bci uroczysto\u015bci ks.dr Pawe\u0142 Jasina przybli\u017cy\u0142 zebranym osobom posta\u0107 ,,wielkiego cz\u0142owieka\u2019\u2019 kardyna\u0142a Augusta Hlonda. S\u0142owo skierowa\u0142 szczeg\u00f3lnie do uczni\u00f3w klas pierwszych nowo utworzonego Liceum Og\u00f3lnokszta\u0142c\u0105cego, kt\u00f3rzy w tym roku rozpoczynaj\u0105 nauk\u0119 w tym\u017ce Liceum im.kard. Augusta Hlonda. Trzeba doda\u0107 \u2013 wspania\u0142y patron.<\/p>\n<p>Trzecia cz\u0119\u015b\u0107 uroczysto\u015bci szkolnej mia\u0142a charakter patriotyczny \u2013 pami\u0119tamy szczeg\u00f3lnie we wrze\u015bniu, \u017ce by\u0142 taki czas. . . Pan prof. Jacek Kowalski za\u015bpiewa\u0142 kilka utwor\u00f3w: ,,Wojenko, wojenko\u201d, ,,Pie\u015b\u0144 konfederat\u00f3w barskich\u201d oraz inne a tak\u017ce zaprosi\u0142 ca\u0142\u0105 spo\u0142eczno\u015b\u0107 szko\u0142y do \u015bpiewania \u2013 wielkie podzi\u0119kowanie.<\/p>\n<p>Nast\u0119pnie uczniowie spotkali si\u0119 z wychowawcami w klasach.<\/p>\n<p style=\"text-align: right;\">Szcz\u0119\u015b\u0107 Bo\u017ce<\/p>\n<p>Uroczyste otwarcie Publicznego Liceum Og\u00f3lnokszta\u0142c\u0105cego KSW im. Kard. Augusta Hlonda<br \/>\nFotorelacja:<\/p>\n<div id='gallery-1' class='gallery galleryid-67 gallery-columns-3 gallery-size-medium'><figure class='gallery-item'>\n\t\t\t<div class='gallery-icon landscape'>\n\t\t\t\t<a href='https:\/\/liceum.kard.hlonda.pl\/index.php\/2019\/09\/03\/inauguracja-roku-szkolnego-2019-2020-2\/img_4199\/'><img loading=\"lazy\" decoding=\"async\" width=\"300\" height=\"200\" src=\"https:\/\/liceum.kard.hlonda.pl\/wp-content\/uploads\/2019\/09\/IMG_4199-300x200.jpg\" class=\"attachment-medium size-medium\" alt=\"\" srcset=\"https:\/\/liceum.kard.hlonda.pl\/wp-content\/uploads\/2019\/09\/IMG_4199-300x200.jpg 300w, https:\/\/liceum.kard.hlonda.pl\/wp-content\/uploads\/2019\/09\/IMG_4199-768x512.jpg 768w, https:\/\/liceum.kard.hlonda.pl\/wp-content\/uploads\/2019\/09\/IMG_4199-1024x683.jpg 1024w, https:\/\/liceum.kard.hlonda.pl\/wp-content\/uploads\/2019\/09\/IMG_4199-525x350.jpg 525w, https:\/\/liceum.kard.hlonda.pl\/wp-content\/uploads\/2019\/09\/IMG_4199.jpg 1200w\" sizes=\"auto, (max-width: 300px) 100vw, 300px\" \/><\/a>\n\t\t\t<\/div><\/figure><figure class='gallery-item'>\n\t\t\t<div class='gallery-icon landscape'>\n\t\t\t\t<a href='https:\/\/liceum.kard.hlonda.pl\/index.php\/2019\/09\/03\/inauguracja-roku-szkolnego-2019-2020-2\/img_4203\/'><img loading=\"lazy\" decoding=\"async\" width=\"300\" height=\"200\" src=\"https:\/\/liceum.kard.hlonda.pl\/wp-content\/uploads\/2019\/09\/IMG_4203-300x200.jpg\" class=\"attachment-medium size-medium\" alt=\"\" srcset=\"https:\/\/liceum.kard.hlonda.pl\/wp-content\/uploads\/2019\/09\/IMG_4203-300x200.jpg 300w, https:\/\/liceum.kard.hlonda.pl\/wp-content\/uploads\/2019\/09\/IMG_4203-768x512.jpg 768w, https:\/\/liceum.kard.hlonda.pl\/wp-content\/uploads\/2019\/09\/IMG_4203-1024x683.jpg 1024w, https:\/\/liceum.kard.hlonda.pl\/wp-content\/uploads\/2019\/09\/IMG_4203-525x350.jpg 525w, https:\/\/liceum.kard.hlonda.pl\/wp-content\/uploads\/2019\/09\/IMG_4203.jpg 1200w\" sizes=\"auto, (max-width: 300px) 100vw, 300px\" \/><\/a>\n\t\t\t<\/div><\/figure><figure class='gallery-item'>\n\t\t\t<div class='gallery-icon landscape'>\n\t\t\t\t<a href='https:\/\/liceum.kard.hlonda.pl\/index.php\/2019\/09\/03\/inauguracja-roku-szkolnego-2019-2020-2\/img_4205\/'><img loading=\"lazy\" decoding=\"async\" width=\"300\" height=\"200\" src=\"https:\/\/liceum.kard.hlonda.pl\/wp-content\/uploads\/2019\/09\/IMG_4205-300x200.jpg\" class=\"attachment-medium size-medium\" alt=\"\" srcset=\"https:\/\/liceum.kard.hlonda.pl\/wp-content\/uploads\/2019\/09\/IMG_4205-300x200.jpg 300w, https:\/\/liceum.kard.hlonda.pl\/wp-content\/uploads\/2019\/09\/IMG_4205-768x512.jpg 768w, https:\/\/liceum.kard.hlonda.pl\/wp-content\/uploads\/2019\/09\/IMG_4205-1024x683.jpg 1024w, https:\/\/liceum.kard.hlonda.pl\/wp-content\/uploads\/2019\/09\/IMG_4205-525x350.jpg 525w, https:\/\/liceum.kard.hlonda.pl\/wp-content\/uploads\/2019\/09\/IMG_4205.jpg 1200w\" sizes=\"auto, (max-width: 300px) 100vw, 300px\" \/><\/a>\n\t\t\t<\/div><\/figure><figure class='gallery-item'>\n\t\t\t<div class='gallery-icon landscape'>\n\t\t\t\t<a href='https:\/\/liceum.kard.hlonda.pl\/index.php\/2019\/09\/03\/inauguracja-roku-szkolnego-2019-2020-2\/img_4229\/'><img loading=\"lazy\" decoding=\"async\" width=\"300\" height=\"200\" src=\"https:\/\/liceum.kard.hlonda.pl\/wp-content\/uploads\/2019\/09\/IMG_4229-300x200.jpg\" class=\"attachment-medium size-medium\" alt=\"\" srcset=\"https:\/\/liceum.kard.hlonda.pl\/wp-content\/uploads\/2019\/09\/IMG_4229-300x200.jpg 300w, https:\/\/liceum.kard.hlonda.pl\/wp-content\/uploads\/2019\/09\/IMG_4229-768x512.jpg 768w, https:\/\/liceum.kard.hlonda.pl\/wp-content\/uploads\/2019\/09\/IMG_4229-1024x683.jpg 1024w, https:\/\/liceum.kard.hlonda.pl\/wp-content\/uploads\/2019\/09\/IMG_4229-525x350.jpg 525w, https:\/\/liceum.kard.hlonda.pl\/wp-content\/uploads\/2019\/09\/IMG_4229.jpg 1200w\" sizes=\"auto, (max-width: 300px) 100vw, 300px\" \/><\/a>\n\t\t\t<\/div><\/figure><figure class='gallery-item'>\n\t\t\t<div class='gallery-icon landscape'>\n\t\t\t\t<a href='https:\/\/liceum.kard.hlonda.pl\/index.php\/2019\/09\/03\/inauguracja-roku-szkolnego-2019-2020-2\/img_4255\/'><img loading=\"lazy\" decoding=\"async\" width=\"300\" height=\"200\" src=\"https:\/\/liceum.kard.hlonda.pl\/wp-content\/uploads\/2019\/09\/IMG_4255-300x200.jpg\" class=\"attachment-medium size-medium\" alt=\"\" srcset=\"https:\/\/liceum.kard.hlonda.pl\/wp-content\/uploads\/2019\/09\/IMG_4255-300x200.jpg 300w, https:\/\/liceum.kard.hlonda.pl\/wp-content\/uploads\/2019\/09\/IMG_4255-768x512.jpg 768w, https:\/\/liceum.kard.hlonda.pl\/wp-content\/uploads\/2019\/09\/IMG_4255-1024x683.jpg 1024w, https:\/\/liceum.kard.hlonda.pl\/wp-content\/uploads\/2019\/09\/IMG_4255-525x350.jpg 525w, https:\/\/liceum.kard.hlonda.pl\/wp-content\/uploads\/2019\/09\/IMG_4255.jpg 1200w\" sizes=\"auto, (max-width: 300px) 100vw, 300px\" \/><\/a>\n\t\t\t<\/div><\/figure><figure class='gallery-item'>\n\t\t\t<div class='gallery-icon landscape'>\n\t\t\t\t<a href='https:\/\/liceum.kard.hlonda.pl\/index.php\/2019\/09\/03\/inauguracja-roku-szkolnego-2019-2020-2\/img_4230\/'><img loading=\"lazy\" decoding=\"async\" width=\"300\" height=\"200\" src=\"https:\/\/liceum.kard.hlonda.pl\/wp-content\/uploads\/2019\/09\/IMG_4230-300x200.jpg\" class=\"attachment-medium size-medium\" alt=\"\" srcset=\"https:\/\/liceum.kard.hlonda.pl\/wp-content\/uploads\/2019\/09\/IMG_4230-300x200.jpg 300w, https:\/\/liceum.kard.hlonda.pl\/wp-content\/uploads\/2019\/09\/IMG_4230-768x512.jpg 768w, https:\/\/liceum.kard.hlonda.pl\/wp-content\/uploads\/2019\/09\/IMG_4230-1024x683.jpg 1024w, https:\/\/liceum.kard.hlonda.pl\/wp-content\/uploads\/2019\/09\/IMG_4230-525x350.jpg 525w, https:\/\/liceum.kard.hlonda.pl\/wp-content\/uploads\/2019\/09\/IMG_4230.jpg 1200w\" sizes=\"auto, (max-width: 300px) 100vw, 300px\" \/><\/a>\n\t\t\t<\/div><\/figure><figure class='gallery-item'>\n\t\t\t<div class='gallery-icon landscape'>\n\t\t\t\t<a href='https:\/\/liceum.kard.hlonda.pl\/index.php\/2019\/09\/03\/inauguracja-roku-szkolnego-2019-2020-2\/img_4231\/'><img loading=\"lazy\" decoding=\"async\" width=\"300\" height=\"200\" src=\"https:\/\/liceum.kard.hlonda.pl\/wp-content\/uploads\/2019\/09\/IMG_4231-300x200.jpg\" class=\"attachment-medium size-medium\" alt=\"\" srcset=\"https:\/\/liceum.kard.hlonda.pl\/wp-content\/uploads\/2019\/09\/IMG_4231-300x200.jpg 300w, https:\/\/liceum.kard.hlonda.pl\/wp-content\/uploads\/2019\/09\/IMG_4231-768x512.jpg 768w, https:\/\/liceum.kard.hlonda.pl\/wp-content\/uploads\/2019\/09\/IMG_4231-1024x683.jpg 1024w, https:\/\/liceum.kard.hlonda.pl\/wp-content\/uploads\/2019\/09\/IMG_4231-525x350.jpg 525w, https:\/\/liceum.kard.hlonda.pl\/wp-content\/uploads\/2019\/09\/IMG_4231.jpg 1200w\" sizes=\"auto, (max-width: 300px) 100vw, 300px\" \/><\/a>\n\t\t\t<\/div><\/figure><figure class='gallery-item'>\n\t\t\t<div class='gallery-icon landscape'>\n\t\t\t\t<a href='https:\/\/liceum.kard.hlonda.pl\/index.php\/2019\/09\/03\/inauguracja-roku-szkolnego-2019-2020-2\/img_4232\/'><img loading=\"lazy\" decoding=\"async\" width=\"300\" height=\"200\" src=\"https:\/\/liceum.kard.hlonda.pl\/wp-content\/uploads\/2019\/09\/IMG_4232-300x200.jpg\" class=\"attachment-medium size-medium\" alt=\"\" srcset=\"https:\/\/liceum.kard.hlonda.pl\/wp-content\/uploads\/2019\/09\/IMG_4232-300x200.jpg 300w, https:\/\/liceum.kard.hlonda.pl\/wp-content\/uploads\/2019\/09\/IMG_4232-768x512.jpg 768w, https:\/\/liceum.kard.hlonda.pl\/wp-content\/uploads\/2019\/09\/IMG_4232-1024x683.jpg 1024w, https:\/\/liceum.kard.hlonda.pl\/wp-content\/uploads\/2019\/09\/IMG_4232-525x350.jpg 525w, https:\/\/liceum.kard.hlonda.pl\/wp-content\/uploads\/2019\/09\/IMG_4232.jpg 1200w\" sizes=\"auto, (max-width: 300px) 100vw, 300px\" \/><\/a>\n\t\t\t<\/div><\/figure><figure class='gallery-item'>\n\t\t\t<div class='gallery-icon landscape'>\n\t\t\t\t<a href='https:\/\/liceum.kard.hlonda.pl\/index.php\/2019\/09\/03\/inauguracja-roku-szkolnego-2019-2020-2\/img_4236\/'><img loading=\"lazy\" decoding=\"async\" width=\"300\" height=\"200\" src=\"https:\/\/liceum.kard.hlonda.pl\/wp-content\/uploads\/2019\/09\/IMG_4236-300x200.jpg\" class=\"attachment-medium size-medium\" alt=\"\" srcset=\"https:\/\/liceum.kard.hlonda.pl\/wp-content\/uploads\/2019\/09\/IMG_4236-300x200.jpg 300w, https:\/\/liceum.kard.hlonda.pl\/wp-content\/uploads\/2019\/09\/IMG_4236-768x512.jpg 768w, https:\/\/liceum.kard.hlonda.pl\/wp-content\/uploads\/2019\/09\/IMG_4236-1024x683.jpg 1024w, https:\/\/liceum.kard.hlonda.pl\/wp-content\/uploads\/2019\/09\/IMG_4236-525x350.jpg 525w, https:\/\/liceum.kard.hlonda.pl\/wp-content\/uploads\/2019\/09\/IMG_4236.jpg 1200w\" sizes=\"auto, (max-width: 300px) 100vw, 300px\" \/><\/a>\n\t\t\t<\/div><\/figure><figure class='gallery-item'>\n\t\t\t<div class='gallery-icon landscape'>\n\t\t\t\t<a href='https:\/\/liceum.kard.hlonda.pl\/index.php\/2019\/09\/03\/inauguracja-roku-szkolnego-2019-2020-2\/img_4244\/'><img loading=\"lazy\" decoding=\"async\" width=\"300\" height=\"200\" src=\"https:\/\/liceum.kard.hlonda.pl\/wp-content\/uploads\/2019\/09\/IMG_4244-300x200.jpg\" class=\"attachment-medium size-medium\" alt=\"\" srcset=\"https:\/\/liceum.kard.hlonda.pl\/wp-content\/uploads\/2019\/09\/IMG_4244-300x200.jpg 300w, https:\/\/liceum.kard.hlonda.pl\/wp-content\/uploads\/2019\/09\/IMG_4244-768x512.jpg 768w, https:\/\/liceum.kard.hlonda.pl\/wp-content\/uploads\/2019\/09\/IMG_4244-1024x683.jpg 1024w, https:\/\/liceum.kard.hlonda.pl\/wp-content\/uploads\/2019\/09\/IMG_4244-525x350.jpg 525w, https:\/\/liceum.kard.hlonda.pl\/wp-content\/uploads\/2019\/09\/IMG_4244.jpg 1200w\" sizes=\"auto, (max-width: 300px) 100vw, 300px\" \/><\/a>\n\t\t\t<\/div><\/figure><figure class='gallery-item'>\n\t\t\t<div class='gallery-icon landscape'>\n\t\t\t\t<a href='https:\/\/liceum.kard.hlonda.pl\/index.php\/2019\/09\/03\/inauguracja-roku-szkolnego-2019-2020-2\/img_4248\/'><img loading=\"lazy\" decoding=\"async\" width=\"300\" height=\"200\" src=\"https:\/\/liceum.kard.hlonda.pl\/wp-content\/uploads\/2019\/09\/IMG_4248-300x200.jpg\" class=\"attachment-medium size-medium\" alt=\"\" srcset=\"https:\/\/liceum.kard.hlonda.pl\/wp-content\/uploads\/2019\/09\/IMG_4248-300x200.jpg 300w, https:\/\/liceum.kard.hlonda.pl\/wp-content\/uploads\/2019\/09\/IMG_4248-768x512.jpg 768w, https:\/\/liceum.kard.hlonda.pl\/wp-content\/uploads\/2019\/09\/IMG_4248-1024x683.jpg 1024w, https:\/\/liceum.kard.hlonda.pl\/wp-content\/uploads\/2019\/09\/IMG_4248-525x350.jpg 525w, https:\/\/liceum.kard.hlonda.pl\/wp-content\/uploads\/2019\/09\/IMG_4248.jpg 1200w\" sizes=\"auto, (max-width: 300px) 100vw, 300px\" \/><\/a>\n\t\t\t<\/div><\/figure><figure class='gallery-item'>\n\t\t\t<div class='gallery-icon landscape'>\n\t\t\t\t<a href='https:\/\/liceum.kard.hlonda.pl\/index.php\/2019\/09\/03\/inauguracja-roku-szkolnego-2019-2020-2\/img_4269\/'><img loading=\"lazy\" decoding=\"async\" width=\"300\" height=\"200\" src=\"https:\/\/liceum.kard.hlonda.pl\/wp-content\/uploads\/2019\/09\/IMG_4269-300x200.jpg\" class=\"attachment-medium size-medium\" alt=\"\" srcset=\"https:\/\/liceum.kard.hlonda.pl\/wp-content\/uploads\/2019\/09\/IMG_4269-300x200.jpg 300w, https:\/\/liceum.kard.hlonda.pl\/wp-content\/uploads\/2019\/09\/IMG_4269-768x512.jpg 768w, https:\/\/liceum.kard.hlonda.pl\/wp-content\/uploads\/2019\/09\/IMG_4269-1024x683.jpg 1024w, https:\/\/liceum.kard.hlonda.pl\/wp-content\/uploads\/2019\/09\/IMG_4269-525x350.jpg 525w, https:\/\/liceum.kard.hlonda.pl\/wp-content\/uploads\/2019\/09\/IMG_4269.jpg 1200w\" sizes=\"auto, (max-width: 300px) 100vw, 300px\" \/><\/a>\n\t\t\t<\/div><\/figure><figure class='gallery-item'>\n\t\t\t<div class='gallery-icon landscape'>\n\t\t\t\t<a href='https:\/\/liceum.kard.hlonda.pl\/index.php\/2019\/09\/03\/inauguracja-roku-szkolnego-2019-2020-2\/img_4251\/'><img loading=\"lazy\" decoding=\"async\" width=\"300\" height=\"200\" src=\"https:\/\/liceum.kard.hlonda.pl\/wp-content\/uploads\/2019\/09\/IMG_4251-300x200.jpg\" class=\"attachment-medium size-medium\" alt=\"\" srcset=\"https:\/\/liceum.kard.hlonda.pl\/wp-content\/uploads\/2019\/09\/IMG_4251-300x200.jpg 300w, https:\/\/liceum.kard.hlonda.pl\/wp-content\/uploads\/2019\/09\/IMG_4251-768x512.jpg 768w, https:\/\/liceum.kard.hlonda.pl\/wp-content\/uploads\/2019\/09\/IMG_4251-1024x683.jpg 1024w, https:\/\/liceum.kard.hlonda.pl\/wp-content\/uploads\/2019\/09\/IMG_4251-525x350.jpg 525w, https:\/\/liceum.kard.hlonda.pl\/wp-content\/uploads\/2019\/09\/IMG_4251.jpg 1200w\" sizes=\"auto, (max-width: 300px) 100vw, 300px\" \/><\/a>\n\t\t\t<\/div><\/figure><figure class='gallery-item'>\n\t\t\t<div class='gallery-icon landscape'>\n\t\t\t\t<a href='https:\/\/liceum.kard.hlonda.pl\/index.php\/2019\/09\/03\/inauguracja-roku-szkolnego-2019-2020-2\/img_4254\/'><img loading=\"lazy\" decoding=\"async\" width=\"300\" height=\"200\" src=\"https:\/\/liceum.kard.hlonda.pl\/wp-content\/uploads\/2019\/09\/IMG_4254-300x200.jpg\" class=\"attachment-medium size-medium\" alt=\"\" srcset=\"https:\/\/liceum.kard.hlonda.pl\/wp-content\/uploads\/2019\/09\/IMG_4254-300x200.jpg 300w, https:\/\/liceum.kard.hlonda.pl\/wp-content\/uploads\/2019\/09\/IMG_4254-768x512.jpg 768w, https:\/\/liceum.kard.hlonda.pl\/wp-content\/uploads\/2019\/09\/IMG_4254-1024x683.jpg 1024w, https:\/\/liceum.kard.hlonda.pl\/wp-content\/uploads\/2019\/09\/IMG_4254-525x350.jpg 525w, https:\/\/liceum.kard.hlonda.pl\/wp-content\/uploads\/2019\/09\/IMG_4254.jpg 1200w\" sizes=\"auto, (max-width: 300px) 100vw, 300px\" \/><\/a>\n\t\t\t<\/div><\/figure><figure class='gallery-item'>\n\t\t\t<div class='gallery-icon landscape'>\n\t\t\t\t<a href='https:\/\/liceum.kard.hlonda.pl\/index.php\/2019\/09\/03\/inauguracja-roku-szkolnego-2019-2020-2\/img_4266\/'><img loading=\"lazy\" decoding=\"async\" width=\"300\" height=\"200\" src=\"https:\/\/liceum.kard.hlonda.pl\/wp-content\/uploads\/2019\/09\/IMG_4266-300x200.jpg\" class=\"attachment-medium size-medium\" alt=\"\" srcset=\"https:\/\/liceum.kard.hlonda.pl\/wp-content\/uploads\/2019\/09\/IMG_4266-300x200.jpg 300w, https:\/\/liceum.kard.hlonda.pl\/wp-content\/uploads\/2019\/09\/IMG_4266-768x512.jpg 768w, https:\/\/liceum.kard.hlonda.pl\/wp-content\/uploads\/2019\/09\/IMG_4266-1024x683.jpg 1024w, https:\/\/liceum.kard.hlonda.pl\/wp-content\/uploads\/2019\/09\/IMG_4266-525x350.jpg 525w, https:\/\/liceum.kard.hlonda.pl\/wp-content\/uploads\/2019\/09\/IMG_4266.jpg 1200w\" sizes=\"auto, (max-width: 300px) 100vw, 300px\" \/><\/a>\n\t\t\t<\/div><\/figure><figure class='gallery-item'>\n\t\t\t<div class='gallery-icon landscape'>\n\t\t\t\t<a href='https:\/\/liceum.kard.hlonda.pl\/index.php\/2019\/09\/03\/inauguracja-roku-szkolnego-2019-2020-2\/img_4270\/'><img loading=\"lazy\" decoding=\"async\" width=\"300\" height=\"200\" src=\"https:\/\/liceum.kard.hlonda.pl\/wp-content\/uploads\/2019\/09\/IMG_4270-300x200.jpg\" class=\"attachment-medium size-medium\" alt=\"\" srcset=\"https:\/\/liceum.kard.hlonda.pl\/wp-content\/uploads\/2019\/09\/IMG_4270-300x200.jpg 300w, https:\/\/liceum.kard.hlonda.pl\/wp-content\/uploads\/2019\/09\/IMG_4270-768x512.jpg 768w, https:\/\/liceum.kard.hlonda.pl\/wp-content\/uploads\/2019\/09\/IMG_4270-1024x683.jpg 1024w, https:\/\/liceum.kard.hlonda.pl\/wp-content\/uploads\/2019\/09\/IMG_4270-525x350.jpg 525w, https:\/\/liceum.kard.hlonda.pl\/wp-content\/uploads\/2019\/09\/IMG_4270.jpg 1200w\" sizes=\"auto, (max-width: 300px) 100vw, 300px\" \/><\/a>\n\t\t\t<\/div><\/figure>\n\t\t<\/div>\n\n","protected":false},"excerpt":{"rendered":"<p>Rozpocz\u0119cie roku szkolnego 2019\/2020 odby\u0142o si\u0119 w kaplicy si\u00f3str Mi\u0142osierdzia Bo\u017cego uroczyst\u0105 Msz\u0105 \u015awi\u0119t\u0105, kt\u00f3r\u0105 celebrowali ks. proboszcz Tomasz Buli\u0144ski, ks. dr Pawe\u0142 Jasina i ks. Rados\u0142aw \u015alendak. Nast\u0119pnie uczniowie, licznie przybyli rodzice i nauczyciele udali si\u0119 do szko\u0142y. Inauguracyjne rozpocz\u0119cie roku szkolnego i oficjalne powitanie uczyni\u0142a pani dyrektor Barbara &hellip;<\/p>\n","protected":false},"author":1,"featured_media":71,"comment_status":"closed","ping_status":"closed","sticky":false,"template":"","format":"standard","meta":{"footnotes":""},"categories":[1],"tags":[],"class_list":["post-67","post","type-post","status-publish","format-standard","has-post-thumbnail","hentry","category-bez-kategorii"],"_links":{"self":[{"href":"https:\/\/liceum.kard.hlonda.pl\/index.php\/wp-json\/wp\/v2\/posts\/67","targetHints":{"allow":["GET"]}}],"collection":[{"href":"https:\/\/liceum.kard.hlonda.pl\/index.php\/wp-json\/wp\/v2\/posts"}],"about":[{"href":"https:\/\/liceum.kard.hlonda.pl\/index.php\/wp-json\/wp\/v2\/types\/post"}],"author":[{"embeddable":true,"href":"https:\/\/liceum.kard.hlonda.pl\/index.php\/wp-json\/wp\/v2\/users\/1"}],"replies":[{"embeddable":true,"href":"https:\/\/liceum.kard.hlonda.pl\/index.php\/wp-json\/wp\/v2\/comments?post=67"}],"version-history":[{"count":2,"href":"https:\/\/liceum.kard.hlonda.pl\/index.php\/wp-json\/wp\/v2\/posts\/67\/revisions"}],"predecessor-version":[{"id":95,"href":"https:\/\/liceum.kard.hlonda.pl\/index.php\/wp-json\/wp\/v2\/posts\/67\/revisions\/95"}],"wp:featuredmedia":[{"embeddable":true,"href":"https:\/\/liceum.kard.hlonda.pl\/index.php\/wp-json\/wp\/v2\/media\/71"}],"wp:attachment":[{"href":"https:\/\/liceum.kard.hlonda.pl\/index.php\/wp-json\/wp\/v2\/media?parent=67"}],"wp:term":[{"taxonomy":"category","embeddable":true,"href":"https:\/\/liceum.kard.hlonda.pl\/index.php\/wp-json\/wp\/v2\/categories?post=67"},{"taxonomy":"post_tag","embeddable":true,"href":"https:\/\/liceum.kard.hlonda.pl\/index.php\/wp-json\/wp\/v2\/tags?post=67"}],"curies":[{"name":"wp","href":"https:\/\/api.w.org\/{rel}","templated":true}]}}