{"id":710,"date":"2020-10-05T01:51:13","date_gmt":"2020-10-04T23:51:13","guid":{"rendered":"http:\/\/liceum.kard.hlonda.pl\/?p=710"},"modified":"2020-10-06T22:28:27","modified_gmt":"2020-10-06T20:28:27","slug":"pierwszy-piatek-miesiaca","status":"publish","type":"post","link":"https:\/\/liceum.kard.hlonda.pl\/index.php\/2020\/10\/05\/pierwszy-piatek-miesiaca\/","title":{"rendered":"Pierwszy Pi\u0105tek Miesi\u0105ca"},"content":{"rendered":"<p style=\"text-align: justify;\">Pi\u0105tek w mijaj\u0105cym tygodniu by\u0142 dniem szczeg\u00f3lnym \u2013 by\u0142 to kolejny pierwszy pi\u0105tek miesi\u0105ca. My\u015bl\u0119, \u017ce warto w tym miejscu przytoczy\u0107 opis dotycz\u0105cy tej nieco zapomnianej i zaniedbywanej tradycji, z kt\u00f3r\u0105 zwi\u0105zane s\u0105 wspania\u0142e obietnice samego Pana Jezusa.<\/p>\n<p style=\"text-align: justify;\">Cytuj\u0119: Ks. Micha\u0142 Lubowicki 01\/06\/2018 r.<\/p>\n<h4 style=\"text-align: justify;\">\u201eSk\u0105d pierwsze pi\u0105tki miesi\u0105ca?<\/h4>\n<p style=\"text-align: justify;\">Z objawie\u0144, jakie mia\u0142a \u017cyj\u0105ca w drugiej po\u0142owie XVII wieku francuska siostra zakonna, Ma\u0142gorzata Maria Alacoque. Przez ponad p\u00f3\u0142tora roku Pan Jezus ukazywa\u0142 jej swoje Naj\u015bwi\u0119tszej Serce p\u0142on\u0105ce mi\u0142o\u015bci\u0105 do ludzi i zranione ich grzechami. Zach\u0119ca\u0142 te\u017c siostr\u0119 Ma\u0142gorzat\u0119 do jak najcz\u0119stszego przyjmowania Go w Komunii.<\/p>\n<p style=\"text-align: justify;\">Wreszcie Pan Jezus przekaza\u0142 wizjonerce obietnic\u0119:<\/p>\n<p style=\"text-align: justify;\"><em>Przyst\u0119puj\u0105cym przez dziewi\u0119\u0107 z rz\u0119du pierwszych pi\u0105tk\u00f3w miesi\u0105ca do Komunii \u015awi\u0119tej dam \u0142ask\u0119 pokuty ostatecznej, \u017ce nie umr\u0105 w stanie nie\u0142aski ani bez sakrament\u00f3w \u015bwi\u0119tych, a to Serce Moje stanie si\u0119 dla nich ucieczk\u0105 w godzin\u0119 \u015bmierci<\/em> \u2013 czyli kr\u00f3tko m\u00f3wi\u0105c, \u201egwarancj\u0119\u201d zbawienia.<\/p>\n<p style=\"text-align: justify;\">Poza t\u0105 najwa\u017cniejsz\u0105 obietnic\u0105 z\u0142o\u017cy\u0142 jeszcze jedena\u015bcie innych dla tych, kt\u00f3rzy b\u0119d\u0105 czcili Jego Naj\u015bwi\u0119tsze Serce:<\/p>\n<p style=\"text-align: justify;\"><em>Dam im wszystkie \u0142aski potrzebne w ich stanie. Zgoda i pok\u00f3j b\u0119d\u0105 panowa\u0142y w ich rodzinach. B\u0119d\u0119 sam ich pociech\u0105 we wszystkich smutkach i utrapieniach \u017cycia. B\u0119d\u0119 ich ucieczk\u0105 najbezpieczniejsz\u0105 w \u017cyciu, a szczeg\u00f3lnie w godzin\u0119 \u015bmierci. B\u0142ogos\u0142awi\u0107 b\u0119d\u0119 wszystkim ich zamiarom i sprawom. Grzesznicy znajd\u0105 w Mym Sercu \u017ar\u00f3d\u0142o i ca\u0142e morze niewyczerpanego nigdy mi\u0142osierdzia. Dusze ozi\u0119b\u0142e stan\u0105 si\u0119 gorliwymi. Dusze gorliwe szybko dost\u0105pi\u0105 wielkiej doskona\u0142o\u015bci. Zlej\u0119 obfite b\u0142ogos\u0142awie\u0144stwo na te domy, w kt\u00f3rych obraz Serca Mego Boskiego b\u0119dzie zawieszony i czczony. Kap\u0142anom dam moc zmi\u0119kczania serc najzatwardzialszych. Imiona os\u00f3b, kt\u00f3re rozpowszechnia\u0107 b\u0119d\u0105 nabo\u017ce\u0144stwo do Mego Boskiego Serca, b\u0119d\u0105 w nim zapisane i na zawsze w nim pozostan\u0105.<\/em><\/p>\n<h4 style=\"text-align: justify;\">Co to jest Komunia wynagradzaj\u0105ca?<\/h4>\n<p style=\"text-align: justify;\">Chodzi o intencj\u0119, z jak\u0105 przyjmujemy Eucharysti\u0119. Przyjmuj\u0119 Jezusa i mam konkretn\u0105 intencj\u0119, a wi\u0119c robi\u0119 to \u015bwiadomie, uwa\u017cnie, nieautomatycznie. Mam intencj\u0119, wi\u0119c my\u015bl\u0119 o tym, co w\u0142a\u015bnie robi\u0119 i co si\u0119 dzieje.<\/p>\n<p style=\"text-align: justify;\">Tym razem by\u0142o nas naprawd\u0119 niewielu. Postarajmy si\u0119 cz\u0119\u015bciej uczestniczy\u0107 w tym pi\u0119knym nabo\u017ce\u0144stwie. Uwierzmy obietnicom Chrystusa!<\/p>\n<p style=\"text-align: right;\">Jan Ungeheuer<\/p>\n<p>&nbsp;<\/p>\n<div id='gallery-1' class='gallery galleryid-710 gallery-columns-4 gallery-size-medium'><figure class='gallery-item'>\n\t\t\t<div class='gallery-icon landscape'>\n\t\t\t\t<a href='https:\/\/liceum.kard.hlonda.pl\/index.php\/2020\/10\/05\/pierwszy-piatek-miesiaca\/p1080003\/'><img loading=\"lazy\" decoding=\"async\" width=\"300\" height=\"200\" src=\"https:\/\/liceum.kard.hlonda.pl\/wp-content\/uploads\/2020\/10\/P1080003-300x200.jpg\" class=\"attachment-medium size-medium\" alt=\"\" srcset=\"https:\/\/liceum.kard.hlonda.pl\/wp-content\/uploads\/2020\/10\/P1080003-300x200.jpg 300w, https:\/\/liceum.kard.hlonda.pl\/wp-content\/uploads\/2020\/10\/P1080003-525x350.jpg 525w, https:\/\/liceum.kard.hlonda.pl\/wp-content\/uploads\/2020\/10\/P1080003.jpg 675w\" sizes=\"auto, (max-width: 300px) 100vw, 300px\" \/><\/a>\n\t\t\t<\/div><\/figure><figure class='gallery-item'>\n\t\t\t<div class='gallery-icon landscape'>\n\t\t\t\t<a href='https:\/\/liceum.kard.hlonda.pl\/index.php\/2020\/10\/05\/pierwszy-piatek-miesiaca\/p1080007\/'><img loading=\"lazy\" decoding=\"async\" width=\"300\" height=\"200\" src=\"https:\/\/liceum.kard.hlonda.pl\/wp-content\/uploads\/2020\/10\/P1080007-300x200.jpg\" class=\"attachment-medium size-medium\" alt=\"\" srcset=\"https:\/\/liceum.kard.hlonda.pl\/wp-content\/uploads\/2020\/10\/P1080007-300x200.jpg 300w, https:\/\/liceum.kard.hlonda.pl\/wp-content\/uploads\/2020\/10\/P1080007-525x350.jpg 525w, https:\/\/liceum.kard.hlonda.pl\/wp-content\/uploads\/2020\/10\/P1080007.jpg 675w\" sizes=\"auto, (max-width: 300px) 100vw, 300px\" \/><\/a>\n\t\t\t<\/div><\/figure><figure class='gallery-item'>\n\t\t\t<div class='gallery-icon portrait'>\n\t\t\t\t<a href='https:\/\/liceum.kard.hlonda.pl\/index.php\/2020\/10\/05\/pierwszy-piatek-miesiaca\/p1080008\/'><img loading=\"lazy\" decoding=\"async\" width=\"200\" height=\"300\" src=\"https:\/\/liceum.kard.hlonda.pl\/wp-content\/uploads\/2020\/10\/P1080008-200x300.jpg\" class=\"attachment-medium size-medium\" alt=\"\" srcset=\"https:\/\/liceum.kard.hlonda.pl\/wp-content\/uploads\/2020\/10\/P1080008-200x300.jpg 200w, https:\/\/liceum.kard.hlonda.pl\/wp-content\/uploads\/2020\/10\/P1080008-233x350.jpg 233w, https:\/\/liceum.kard.hlonda.pl\/wp-content\/uploads\/2020\/10\/P1080008.jpg 600w\" sizes=\"auto, (max-width: 200px) 100vw, 200px\" \/><\/a>\n\t\t\t<\/div><\/figure><figure class='gallery-item'>\n\t\t\t<div class='gallery-icon landscape'>\n\t\t\t\t<a href='https:\/\/liceum.kard.hlonda.pl\/index.php\/2020\/10\/05\/pierwszy-piatek-miesiaca\/p1080010\/'><img loading=\"lazy\" decoding=\"async\" width=\"300\" height=\"200\" src=\"https:\/\/liceum.kard.hlonda.pl\/wp-content\/uploads\/2020\/10\/P1080010-300x200.jpg\" class=\"attachment-medium size-medium\" alt=\"\" srcset=\"https:\/\/liceum.kard.hlonda.pl\/wp-content\/uploads\/2020\/10\/P1080010-300x200.jpg 300w, https:\/\/liceum.kard.hlonda.pl\/wp-content\/uploads\/2020\/10\/P1080010-525x350.jpg 525w, https:\/\/liceum.kard.hlonda.pl\/wp-content\/uploads\/2020\/10\/P1080010.jpg 675w\" sizes=\"auto, (max-width: 300px) 100vw, 300px\" \/><\/a>\n\t\t\t<\/div><\/figure>\n\t\t<\/div>\n\n","protected":false},"excerpt":{"rendered":"<p>Pi\u0105tek w mijaj\u0105cym tygodniu by\u0142 dniem szczeg\u00f3lnym \u2013 by\u0142 to kolejny pierwszy pi\u0105tek miesi\u0105ca. My\u015bl\u0119, \u017ce warto w tym miejscu przytoczy\u0107 opis dotycz\u0105cy tej nieco zapomnianej i zaniedbywanej tradycji, z kt\u00f3r\u0105 zwi\u0105zane s\u0105 wspania\u0142e obietnice samego Pana Jezusa. Cytuj\u0119: Ks. Micha\u0142 Lubowicki 01\/06\/2018 r. \u201eSk\u0105d pierwsze pi\u0105tki miesi\u0105ca? Z objawie\u0144, &hellip;<\/p>\n","protected":false},"author":1,"featured_media":711,"comment_status":"closed","ping_status":"closed","sticky":false,"template":"","format":"standard","meta":{"footnotes":""},"categories":[1],"tags":[],"class_list":["post-710","post","type-post","status-publish","format-standard","has-post-thumbnail","hentry","category-bez-kategorii"],"_links":{"self":[{"href":"https:\/\/liceum.kard.hlonda.pl\/index.php\/wp-json\/wp\/v2\/posts\/710","targetHints":{"allow":["GET"]}}],"collection":[{"href":"https:\/\/liceum.kard.hlonda.pl\/index.php\/wp-json\/wp\/v2\/posts"}],"about":[{"href":"https:\/\/liceum.kard.hlonda.pl\/index.php\/wp-json\/wp\/v2\/types\/post"}],"author":[{"embeddable":true,"href":"https:\/\/liceum.kard.hlonda.pl\/index.php\/wp-json\/wp\/v2\/users\/1"}],"replies":[{"embeddable":true,"href":"https:\/\/liceum.kard.hlonda.pl\/index.php\/wp-json\/wp\/v2\/comments?post=710"}],"version-history":[{"count":2,"href":"https:\/\/liceum.kard.hlonda.pl\/index.php\/wp-json\/wp\/v2\/posts\/710\/revisions"}],"predecessor-version":[{"id":716,"href":"https:\/\/liceum.kard.hlonda.pl\/index.php\/wp-json\/wp\/v2\/posts\/710\/revisions\/716"}],"wp:featuredmedia":[{"embeddable":true,"href":"https:\/\/liceum.kard.hlonda.pl\/index.php\/wp-json\/wp\/v2\/media\/711"}],"wp:attachment":[{"href":"https:\/\/liceum.kard.hlonda.pl\/index.php\/wp-json\/wp\/v2\/media?parent=710"}],"wp:term":[{"taxonomy":"category","embeddable":true,"href":"https:\/\/liceum.kard.hlonda.pl\/index.php\/wp-json\/wp\/v2\/categories?post=710"},{"taxonomy":"post_tag","embeddable":true,"href":"https:\/\/liceum.kard.hlonda.pl\/index.php\/wp-json\/wp\/v2\/tags?post=710"}],"curies":[{"name":"wp","href":"https:\/\/api.w.org\/{rel}","templated":true}]}}