{"id":797,"date":"2021-02-19T23:31:29","date_gmt":"2021-02-19T22:31:29","guid":{"rendered":"http:\/\/liceum.kard.hlonda.pl\/?p=797"},"modified":"2021-02-19T23:31:29","modified_gmt":"2021-02-19T22:31:29","slug":"modlmy-sie-za-sp-s-maksymiliane","status":"publish","type":"post","link":"https:\/\/liceum.kard.hlonda.pl\/index.php\/2021\/02\/19\/modlmy-sie-za-sp-s-maksymiliane\/","title":{"rendered":"M\u00f3dlmy si\u0119 za \u015bp. S. Maksymilian\u0119"},"content":{"rendered":"<p style=\"text-align: center;\"><img loading=\"lazy\" decoding=\"async\" class=\"aligncenter wp-image-798 size-full\" src=\"http:\/\/liceum.kard.hlonda.pl\/wp-content\/uploads\/2021\/02\/spMaksymiliana.jpg\" alt=\"\" width=\"1754\" height=\"1240\" srcset=\"https:\/\/liceum.kard.hlonda.pl\/wp-content\/uploads\/2021\/02\/spMaksymiliana.jpg 1754w, https:\/\/liceum.kard.hlonda.pl\/wp-content\/uploads\/2021\/02\/spMaksymiliana-300x212.jpg 300w, https:\/\/liceum.kard.hlonda.pl\/wp-content\/uploads\/2021\/02\/spMaksymiliana-1024x724.jpg 1024w, https:\/\/liceum.kard.hlonda.pl\/wp-content\/uploads\/2021\/02\/spMaksymiliana-768x543.jpg 768w, https:\/\/liceum.kard.hlonda.pl\/wp-content\/uploads\/2021\/02\/spMaksymiliana-1536x1086.jpg 1536w, https:\/\/liceum.kard.hlonda.pl\/wp-content\/uploads\/2021\/02\/spMaksymiliana-495x350.jpg 495w\" sizes=\"auto, (max-width: 1754px) 100vw, 1754px\" \/><\/p>\n","protected":false},"excerpt":{"rendered":"","protected":false},"author":1,"featured_media":799,"comment_status":"closed","ping_status":"closed","sticky":false,"template":"","format":"standard","meta":{"footnotes":""},"categories":[1],"tags":[],"class_list":["post-797","post","type-post","status-publish","format-standard","has-post-thumbnail","hentry","category-bez-kategorii"],"_links":{"self":[{"href":"https:\/\/liceum.kard.hlonda.pl\/index.php\/wp-json\/wp\/v2\/posts\/797","targetHints":{"allow":["GET"]}}],"collection":[{"href":"https:\/\/liceum.kard.hlonda.pl\/index.php\/wp-json\/wp\/v2\/posts"}],"about":[{"href":"https:\/\/liceum.kard.hlonda.pl\/index.php\/wp-json\/wp\/v2\/types\/post"}],"author":[{"embeddable":true,"href":"https:\/\/liceum.kard.hlonda.pl\/index.php\/wp-json\/wp\/v2\/users\/1"}],"replies":[{"embeddable":true,"href":"https:\/\/liceum.kard.hlonda.pl\/index.php\/wp-json\/wp\/v2\/comments?post=797"}],"version-history":[{"count":1,"href":"https:\/\/liceum.kard.hlonda.pl\/index.php\/wp-json\/wp\/v2\/posts\/797\/revisions"}],"predecessor-version":[{"id":800,"href":"https:\/\/liceum.kard.hlonda.pl\/index.php\/wp-json\/wp\/v2\/posts\/797\/revisions\/800"}],"wp:featuredmedia":[{"embeddable":true,"href":"https:\/\/liceum.kard.hlonda.pl\/index.php\/wp-json\/wp\/v2\/media\/799"}],"wp:attachment":[{"href":"https:\/\/liceum.kard.hlonda.pl\/index.php\/wp-json\/wp\/v2\/media?parent=797"}],"wp:term":[{"taxonomy":"category","embeddable":true,"href":"https:\/\/liceum.kard.hlonda.pl\/index.php\/wp-json\/wp\/v2\/categories?post=797"},{"taxonomy":"post_tag","embeddable":true,"href":"https:\/\/liceum.kard.hlonda.pl\/index.php\/wp-json\/wp\/v2\/tags?post=797"}],"curies":[{"name":"wp","href":"https:\/\/api.w.org\/{rel}","templated":true}]}}