{"id":819,"date":"2021-03-27T19:02:48","date_gmt":"2021-03-27T18:02:48","guid":{"rendered":"http:\/\/liceum.kard.hlonda.pl\/?p=819"},"modified":"2021-03-27T20:35:43","modified_gmt":"2021-03-27T19:35:43","slug":"komunikat-dyrektora","status":"publish","type":"post","link":"https:\/\/liceum.kard.hlonda.pl\/index.php\/2021\/03\/27\/komunikat-dyrektora\/","title":{"rendered":"Komunikat Dyrektora"},"content":{"rendered":"<p style=\"text-align: justify;\">Zgodnie z kalendarzem pracy szko\u0142y od 29 \u2013 31 marca 2021 r. odb\u0119d\u0105 si\u0119 w naszych szko\u0142ach rekolekcje wielkopostne. Katecheci b\u0119d\u0105 przesy\u0142ali o godz. 8.30 linki z materia\u0142ami do pracy. W \u015brod\u0119, dodatkowo przes\u0142any b\u0119dzie link do Mszy \u015awi\u0119tej, kt\u00f3r\u0105 odprawi ks. Rados\u0142aw \u015alendak (udzia\u0142 we Mszy tylko zdalny). Zach\u0119cam do udzia\u0142u ca\u0142\u0105 nasz\u0105 wsp\u00f3lnot\u0119 szkoln\u0105.<\/p>\n<div id='gallery-1' class='gallery galleryid-819 gallery-columns-1 gallery-size-large'><figure class='gallery-item'>\n\t\t\t<div class='gallery-icon portrait'>\n\t\t\t\t<a href='https:\/\/liceum.kard.hlonda.pl\/index.php\/2021\/03\/27\/komunikat-dyrektora\/rekolekcje-29-31-03-2021\/'><img loading=\"lazy\" decoding=\"async\" width=\"724\" height=\"1024\" src=\"https:\/\/liceum.kard.hlonda.pl\/wp-content\/uploads\/2021\/03\/Rekolekcje-29.-31.03.2021-724x1024.jpg\" class=\"attachment-large size-large\" alt=\"\" aria-describedby=\"gallery-1-823\" srcset=\"https:\/\/liceum.kard.hlonda.pl\/wp-content\/uploads\/2021\/03\/Rekolekcje-29.-31.03.2021-724x1024.jpg 724w, https:\/\/liceum.kard.hlonda.pl\/wp-content\/uploads\/2021\/03\/Rekolekcje-29.-31.03.2021-212x300.jpg 212w, https:\/\/liceum.kard.hlonda.pl\/wp-content\/uploads\/2021\/03\/Rekolekcje-29.-31.03.2021-768x1086.jpg 768w, https:\/\/liceum.kard.hlonda.pl\/wp-content\/uploads\/2021\/03\/Rekolekcje-29.-31.03.2021-1086x1536.jpg 1086w, https:\/\/liceum.kard.hlonda.pl\/wp-content\/uploads\/2021\/03\/Rekolekcje-29.-31.03.2021-1448x2048.jpg 1448w, https:\/\/liceum.kard.hlonda.pl\/wp-content\/uploads\/2021\/03\/Rekolekcje-29.-31.03.2021-247x350.jpg 247w, https:\/\/liceum.kard.hlonda.pl\/wp-content\/uploads\/2021\/03\/Rekolekcje-29.-31.03.2021.jpg 1587w\" sizes=\"auto, (max-width: 724px) 100vw, 724px\" \/><\/a>\n\t\t\t<\/div>\n\t\t\t\t<figcaption class='wp-caption-text gallery-caption' id='gallery-1-823'>\n\t\t\t\tRekolekcje 29.-31.03.2021\n\t\t\t\t<\/figcaption><\/figure>\n\t\t<\/div>\n\n<p style=\"text-align: right;\">Z powa\u017caniem<\/p>\n<p style=\"text-align: right;\">Barbara Zi\u00f3\u0142kowska<\/p>\n","protected":false},"excerpt":{"rendered":"<p>Zgodnie z kalendarzem pracy szko\u0142y od 29 \u2013 31 marca 2021 r. odb\u0119d\u0105 si\u0119 w naszych szko\u0142ach rekolekcje wielkopostne. Katecheci b\u0119d\u0105 przesy\u0142ali o godz. 8.30 linki z materia\u0142ami do pracy. W \u015brod\u0119, dodatkowo przes\u0142any b\u0119dzie link do Mszy \u015awi\u0119tej, kt\u00f3r\u0105 odprawi ks. Rados\u0142aw \u015alendak (udzia\u0142 we Mszy tylko zdalny). Zach\u0119cam &hellip;<\/p>\n","protected":false},"author":1,"featured_media":0,"comment_status":"closed","ping_status":"closed","sticky":false,"template":"","format":"standard","meta":{"footnotes":""},"categories":[1],"tags":[],"class_list":["post-819","post","type-post","status-publish","format-standard","hentry","category-bez-kategorii"],"_links":{"self":[{"href":"https:\/\/liceum.kard.hlonda.pl\/index.php\/wp-json\/wp\/v2\/posts\/819","targetHints":{"allow":["GET"]}}],"collection":[{"href":"https:\/\/liceum.kard.hlonda.pl\/index.php\/wp-json\/wp\/v2\/posts"}],"about":[{"href":"https:\/\/liceum.kard.hlonda.pl\/index.php\/wp-json\/wp\/v2\/types\/post"}],"author":[{"embeddable":true,"href":"https:\/\/liceum.kard.hlonda.pl\/index.php\/wp-json\/wp\/v2\/users\/1"}],"replies":[{"embeddable":true,"href":"https:\/\/liceum.kard.hlonda.pl\/index.php\/wp-json\/wp\/v2\/comments?post=819"}],"version-history":[{"count":3,"href":"https:\/\/liceum.kard.hlonda.pl\/index.php\/wp-json\/wp\/v2\/posts\/819\/revisions"}],"predecessor-version":[{"id":825,"href":"https:\/\/liceum.kard.hlonda.pl\/index.php\/wp-json\/wp\/v2\/posts\/819\/revisions\/825"}],"wp:attachment":[{"href":"https:\/\/liceum.kard.hlonda.pl\/index.php\/wp-json\/wp\/v2\/media?parent=819"}],"wp:term":[{"taxonomy":"category","embeddable":true,"href":"https:\/\/liceum.kard.hlonda.pl\/index.php\/wp-json\/wp\/v2\/categories?post=819"},{"taxonomy":"post_tag","embeddable":true,"href":"https:\/\/liceum.kard.hlonda.pl\/index.php\/wp-json\/wp\/v2\/tags?post=819"}],"curies":[{"name":"wp","href":"https:\/\/api.w.org\/{rel}","templated":true}]}}