{"id":914,"date":"2021-06-19T07:49:14","date_gmt":"2021-06-19T05:49:14","guid":{"rendered":"http:\/\/liceum.kard.hlonda.pl\/?p=914"},"modified":"2021-06-19T07:51:57","modified_gmt":"2021-06-19T05:51:57","slug":"uroczystosc-zakonczenia-roku-szkolnego-2020-2021","status":"publish","type":"post","link":"https:\/\/liceum.kard.hlonda.pl\/index.php\/2021\/06\/19\/uroczystosc-zakonczenia-roku-szkolnego-2020-2021\/","title":{"rendered":"Uroczysto\u015b\u0107 zako\u0144czenia Roku Szkolnego 2020\/2021"},"content":{"rendered":"<ul>\n<li>\n<h4>\u00a024 czerwca 2021 r. o godz. 9.00 w Kaplicy Si\u00f3str Mi\u0142osierdzia \u015bw. Wincentego a Paulo przy ul. Mi\u0144skiej 14 odb\u0119dzie si\u0119 Msza \u015awi\u0119ta. Zapraszamy uczni\u00f3w z rodzinami.<\/h4>\n<\/li>\n<li>\n<h4>25.06.2021 r. o godz. 11.30 \u2013 uroczyste zako\u0144czenie Roku Szkolnego dla uczni\u00f3w klas 1 &#8211; 2 liceum w holu szko\u0142y.<\/h4>\n<\/li>\n<\/ul>\n","protected":false},"excerpt":{"rendered":"<p>\u00a024 czerwca 2021 r. o godz. 9.00 w Kaplicy Si\u00f3str Mi\u0142osierdzia \u015bw. Wincentego a Paulo przy ul. Mi\u0144skiej 14 odb\u0119dzie si\u0119 Msza \u015awi\u0119ta. Zapraszamy uczni\u00f3w z rodzinami. 25.06.2021 r. o godz. 11.30 \u2013 uroczyste zako\u0144czenie Roku Szkolnego dla uczni\u00f3w klas 1 &#8211; 2 liceum w holu szko\u0142y.<\/p>\n","protected":false},"author":1,"featured_media":0,"comment_status":"closed","ping_status":"closed","sticky":false,"template":"","format":"standard","meta":{"footnotes":""},"categories":[1],"tags":[],"class_list":["post-914","post","type-post","status-publish","format-standard","hentry","category-bez-kategorii"],"_links":{"self":[{"href":"https:\/\/liceum.kard.hlonda.pl\/index.php\/wp-json\/wp\/v2\/posts\/914","targetHints":{"allow":["GET"]}}],"collection":[{"href":"https:\/\/liceum.kard.hlonda.pl\/index.php\/wp-json\/wp\/v2\/posts"}],"about":[{"href":"https:\/\/liceum.kard.hlonda.pl\/index.php\/wp-json\/wp\/v2\/types\/post"}],"author":[{"embeddable":true,"href":"https:\/\/liceum.kard.hlonda.pl\/index.php\/wp-json\/wp\/v2\/users\/1"}],"replies":[{"embeddable":true,"href":"https:\/\/liceum.kard.hlonda.pl\/index.php\/wp-json\/wp\/v2\/comments?post=914"}],"version-history":[{"count":4,"href":"https:\/\/liceum.kard.hlonda.pl\/index.php\/wp-json\/wp\/v2\/posts\/914\/revisions"}],"predecessor-version":[{"id":918,"href":"https:\/\/liceum.kard.hlonda.pl\/index.php\/wp-json\/wp\/v2\/posts\/914\/revisions\/918"}],"wp:attachment":[{"href":"https:\/\/liceum.kard.hlonda.pl\/index.php\/wp-json\/wp\/v2\/media?parent=914"}],"wp:term":[{"taxonomy":"category","embeddable":true,"href":"https:\/\/liceum.kard.hlonda.pl\/index.php\/wp-json\/wp\/v2\/categories?post=914"},{"taxonomy":"post_tag","embeddable":true,"href":"https:\/\/liceum.kard.hlonda.pl\/index.php\/wp-json\/wp\/v2\/tags?post=914"}],"curies":[{"name":"wp","href":"https:\/\/api.w.org\/{rel}","templated":true}]}}