{"id":925,"date":"2021-06-23T19:31:19","date_gmt":"2021-06-23T17:31:19","guid":{"rendered":"http:\/\/liceum.kard.hlonda.pl\/?p=925"},"modified":"2021-06-23T19:31:19","modified_gmt":"2021-06-23T17:31:19","slug":"setna-rocznica-urodzin-generala-jana-podhorskiego","status":"publish","type":"post","link":"https:\/\/liceum.kard.hlonda.pl\/index.php\/2021\/06\/23\/setna-rocznica-urodzin-generala-jana-podhorskiego\/","title":{"rendered":"Setna rocznica urodzin Genera\u0142a Jana Podhorskiego"},"content":{"rendered":"<p style=\"text-align: justify;\">21 czerwca uczcili\u015bmy setn\u0105 rocznic\u0119 urodzin wielkiego bohatera Genera\u0142a Jana Podhorskiego. Delegacja uczni\u00f3w naszych szk\u00f3\u0142 odwiedzi\u0142a Pana Jana, przyjaciela naszych szk\u00f3\u0142 w jego domu, gdzie zosta\u0142a bardzo serdecznie przyj\u0119ta. Uczniowie podzi\u0119kowali za tak pi\u0119kne \u017cycie, oddanie Ojczy\u017anie, wizyty w naszych szko\u0142ach, interesuj\u0105ce opowie\u015bci oraz z\u0142o\u017cyli najpi\u0119kniejsze \u017cyczenia. Liczymy na spotkanie z Panem Janem w naszych progach.<\/p>\n<p style=\"text-align: right;\">zk<\/p>\n<div id='gallery-1' class='gallery galleryid-925 gallery-columns-3 gallery-size-medium'><figure class='gallery-item'>\n\t\t\t<div class='gallery-icon landscape'>\n\t\t\t\t<a href='https:\/\/liceum.kard.hlonda.pl\/index.php\/2021\/06\/23\/setna-rocznica-urodzin-generala-jana-podhorskiego\/1-5\/'><img loading=\"lazy\" decoding=\"async\" width=\"300\" height=\"225\" src=\"https:\/\/liceum.kard.hlonda.pl\/wp-content\/uploads\/2021\/06\/1-300x225.jpg\" class=\"attachment-medium size-medium\" alt=\"\" srcset=\"https:\/\/liceum.kard.hlonda.pl\/wp-content\/uploads\/2021\/06\/1-300x225.jpg 300w, https:\/\/liceum.kard.hlonda.pl\/wp-content\/uploads\/2021\/06\/1-467x350.jpg 467w, https:\/\/liceum.kard.hlonda.pl\/wp-content\/uploads\/2021\/06\/1.jpg 640w\" sizes=\"auto, (max-width: 300px) 100vw, 300px\" \/><\/a>\n\t\t\t<\/div><\/figure><figure class='gallery-item'>\n\t\t\t<div class='gallery-icon landscape'>\n\t\t\t\t<a href='https:\/\/liceum.kard.hlonda.pl\/index.php\/2021\/06\/23\/setna-rocznica-urodzin-generala-jana-podhorskiego\/2-6\/'><img loading=\"lazy\" decoding=\"async\" width=\"300\" height=\"225\" src=\"https:\/\/liceum.kard.hlonda.pl\/wp-content\/uploads\/2021\/06\/2-300x225.jpg\" class=\"attachment-medium size-medium\" alt=\"\" srcset=\"https:\/\/liceum.kard.hlonda.pl\/wp-content\/uploads\/2021\/06\/2-300x225.jpg 300w, https:\/\/liceum.kard.hlonda.pl\/wp-content\/uploads\/2021\/06\/2-467x350.jpg 467w, https:\/\/liceum.kard.hlonda.pl\/wp-content\/uploads\/2021\/06\/2.jpg 640w\" sizes=\"auto, (max-width: 300px) 100vw, 300px\" \/><\/a>\n\t\t\t<\/div><\/figure><figure class='gallery-item'>\n\t\t\t<div class='gallery-icon landscape'>\n\t\t\t\t<a href='https:\/\/liceum.kard.hlonda.pl\/index.php\/2021\/06\/23\/setna-rocznica-urodzin-generala-jana-podhorskiego\/3-6\/'><img loading=\"lazy\" decoding=\"async\" width=\"300\" height=\"225\" src=\"https:\/\/liceum.kard.hlonda.pl\/wp-content\/uploads\/2021\/06\/3-300x225.jpg\" class=\"attachment-medium size-medium\" alt=\"\" srcset=\"https:\/\/liceum.kard.hlonda.pl\/wp-content\/uploads\/2021\/06\/3-300x225.jpg 300w, https:\/\/liceum.kard.hlonda.pl\/wp-content\/uploads\/2021\/06\/3-467x350.jpg 467w, https:\/\/liceum.kard.hlonda.pl\/wp-content\/uploads\/2021\/06\/3.jpg 640w\" sizes=\"auto, (max-width: 300px) 100vw, 300px\" \/><\/a>\n\t\t\t<\/div><\/figure><figure class='gallery-item'>\n\t\t\t<div class='gallery-icon landscape'>\n\t\t\t\t<a href='https:\/\/liceum.kard.hlonda.pl\/index.php\/2021\/06\/23\/setna-rocznica-urodzin-generala-jana-podhorskiego\/4-4\/'><img loading=\"lazy\" decoding=\"async\" width=\"300\" height=\"225\" src=\"https:\/\/liceum.kard.hlonda.pl\/wp-content\/uploads\/2021\/06\/4-300x225.jpg\" class=\"attachment-medium size-medium\" alt=\"\" srcset=\"https:\/\/liceum.kard.hlonda.pl\/wp-content\/uploads\/2021\/06\/4-300x225.jpg 300w, https:\/\/liceum.kard.hlonda.pl\/wp-content\/uploads\/2021\/06\/4-467x350.jpg 467w, https:\/\/liceum.kard.hlonda.pl\/wp-content\/uploads\/2021\/06\/4.jpg 640w\" sizes=\"auto, (max-width: 300px) 100vw, 300px\" \/><\/a>\n\t\t\t<\/div><\/figure><figure class='gallery-item'>\n\t\t\t<div class='gallery-icon landscape'>\n\t\t\t\t<a href='https:\/\/liceum.kard.hlonda.pl\/index.php\/2021\/06\/23\/setna-rocznica-urodzin-generala-jana-podhorskiego\/5-2\/'><img loading=\"lazy\" decoding=\"async\" width=\"300\" height=\"225\" src=\"https:\/\/liceum.kard.hlonda.pl\/wp-content\/uploads\/2021\/06\/5-300x225.jpg\" class=\"attachment-medium size-medium\" alt=\"\" srcset=\"https:\/\/liceum.kard.hlonda.pl\/wp-content\/uploads\/2021\/06\/5-300x225.jpg 300w, https:\/\/liceum.kard.hlonda.pl\/wp-content\/uploads\/2021\/06\/5-467x350.jpg 467w, https:\/\/liceum.kard.hlonda.pl\/wp-content\/uploads\/2021\/06\/5.jpg 640w\" sizes=\"auto, (max-width: 300px) 100vw, 300px\" \/><\/a>\n\t\t\t<\/div><\/figure><figure class='gallery-item'>\n\t\t\t<div class='gallery-icon landscape'>\n\t\t\t\t<a href='https:\/\/liceum.kard.hlonda.pl\/index.php\/2021\/06\/23\/setna-rocznica-urodzin-generala-jana-podhorskiego\/image0000001-5\/'><img loading=\"lazy\" decoding=\"async\" width=\"300\" height=\"225\" src=\"https:\/\/liceum.kard.hlonda.pl\/wp-content\/uploads\/2021\/06\/image0000001-300x225.jpg\" class=\"attachment-medium size-medium\" alt=\"\" srcset=\"https:\/\/liceum.kard.hlonda.pl\/wp-content\/uploads\/2021\/06\/image0000001-300x225.jpg 300w, https:\/\/liceum.kard.hlonda.pl\/wp-content\/uploads\/2021\/06\/image0000001-467x350.jpg 467w, https:\/\/liceum.kard.hlonda.pl\/wp-content\/uploads\/2021\/06\/image0000001.jpg 640w\" sizes=\"auto, (max-width: 300px) 100vw, 300px\" \/><\/a>\n\t\t\t<\/div><\/figure>\n\t\t<\/div>\n\n","protected":false},"excerpt":{"rendered":"<p>21 czerwca uczcili\u015bmy setn\u0105 rocznic\u0119 urodzin wielkiego bohatera Genera\u0142a Jana Podhorskiego. Delegacja uczni\u00f3w naszych szk\u00f3\u0142 odwiedzi\u0142a Pana Jana, przyjaciela naszych szk\u00f3\u0142 w jego domu, gdzie zosta\u0142a bardzo serdecznie przyj\u0119ta. Uczniowie podzi\u0119kowali za tak pi\u0119kne \u017cycie, oddanie Ojczy\u017anie, wizyty w naszych szko\u0142ach, interesuj\u0105ce opowie\u015bci oraz z\u0142o\u017cyli najpi\u0119kniejsze \u017cyczenia. Liczymy na spotkanie &hellip;<\/p>\n","protected":false},"author":1,"featured_media":927,"comment_status":"closed","ping_status":"closed","sticky":false,"template":"","format":"standard","meta":{"footnotes":""},"categories":[1],"tags":[],"class_list":["post-925","post","type-post","status-publish","format-standard","has-post-thumbnail","hentry","category-bez-kategorii"],"_links":{"self":[{"href":"https:\/\/liceum.kard.hlonda.pl\/index.php\/wp-json\/wp\/v2\/posts\/925","targetHints":{"allow":["GET"]}}],"collection":[{"href":"https:\/\/liceum.kard.hlonda.pl\/index.php\/wp-json\/wp\/v2\/posts"}],"about":[{"href":"https:\/\/liceum.kard.hlonda.pl\/index.php\/wp-json\/wp\/v2\/types\/post"}],"author":[{"embeddable":true,"href":"https:\/\/liceum.kard.hlonda.pl\/index.php\/wp-json\/wp\/v2\/users\/1"}],"replies":[{"embeddable":true,"href":"https:\/\/liceum.kard.hlonda.pl\/index.php\/wp-json\/wp\/v2\/comments?post=925"}],"version-history":[{"count":1,"href":"https:\/\/liceum.kard.hlonda.pl\/index.php\/wp-json\/wp\/v2\/posts\/925\/revisions"}],"predecessor-version":[{"id":932,"href":"https:\/\/liceum.kard.hlonda.pl\/index.php\/wp-json\/wp\/v2\/posts\/925\/revisions\/932"}],"wp:featuredmedia":[{"embeddable":true,"href":"https:\/\/liceum.kard.hlonda.pl\/index.php\/wp-json\/wp\/v2\/media\/927"}],"wp:attachment":[{"href":"https:\/\/liceum.kard.hlonda.pl\/index.php\/wp-json\/wp\/v2\/media?parent=925"}],"wp:term":[{"taxonomy":"category","embeddable":true,"href":"https:\/\/liceum.kard.hlonda.pl\/index.php\/wp-json\/wp\/v2\/categories?post=925"},{"taxonomy":"post_tag","embeddable":true,"href":"https:\/\/liceum.kard.hlonda.pl\/index.php\/wp-json\/wp\/v2\/tags?post=925"}],"curies":[{"name":"wp","href":"https:\/\/api.w.org\/{rel}","templated":true}]}}