{"id":936,"date":"2021-06-25T23:53:40","date_gmt":"2021-06-25T21:53:40","guid":{"rendered":"http:\/\/liceum.kard.hlonda.pl\/?p=936"},"modified":"2021-06-25T23:53:40","modified_gmt":"2021-06-25T21:53:40","slug":"zakonczenie-roku-szkolnego-2020-2021","status":"publish","type":"post","link":"https:\/\/liceum.kard.hlonda.pl\/index.php\/2021\/06\/25\/zakonczenie-roku-szkolnego-2020-2021\/","title":{"rendered":"Zako\u0144czenie Roku Szkolnego 2020\/2021"},"content":{"rendered":"<p style=\"text-align: justify;\">25 czerwca 2021 roku ponownie nadszed\u0142 TEN DZIE\u0143.<br \/>\nJednak jak\u017ce odmienny od tego sprzed roku ! Wtedy rygor pandemiczny by\u0142 trudny do zniesienia, dzisiaj prawie normalnie, \u201ena luzie\u201d i z udzia\u0142em rodzic\u00f3w!<br \/>\nRozpocz\u0119li\u015bmy jak zwykle Mazurkiem D\u0105browskiego oraz hymnem szkolnym.<br \/>\nPotem sw\u00f3j czas mia\u0142y klasy I \u2013III. Nad sprawnym wr\u0119czaniem \u015bwiadectw oraz r\u00f3\u017cnych nagr\u00f3d czuwa\u0142a Pani Dyrektor Barbara Zi\u00f3\u0142kowska oraz wychowawcy klas. By\u0142a oczywi\u015bcie kr\u00f3tka cz\u0119\u015b\u0107 artystyczna.<br \/>\nNast\u0119pnie swoje promocje otrzymali uczniowie z klas od 4 do 7. Podobnie jak w poprzedniej grupie, wr\u0119czanie laurek i nagr\u00f3d sz\u0142o sprawnie dzi\u0119ki \u015bwietnej wsp\u00f3\u0142pracy Pani Dyrektor z wychowawcami. W cz\u0119\u015bci artystycznej us\u0142yszeli\u015bmy \u201ehit nad hity\u201d \u2013 \u201eTakie tango\u201d Budki Suflera w znakomitej interpretacji Mieszka i Jeremiego Zwierzyckich. Ch\u0142opcy wykonali r\u00f3wnie\u017c utwory na pianinie. Na zako\u0144czenie klasa 8 otrzyma\u0142a swoje \u015bwiadectwa.<br \/>\nNajstarsi &#8211; liceali\u015bci \u2013 te\u017c ujrzeli swoje upragnione promocje. Na koniec us\u0142yszeli\u015bmy pi\u0119kne wykonanie przeboju Hanny Banaszak \u201ePogoda ducha\u201d w interpretacji duetu wokalno-instrumentalnego oraz uczennica LO zinterpretowa\u0142a znany wiersz Julian Tuwima &#8222;Nauka&#8221;. Naprawd\u0119 warto by\u0142o pos\u0142ucha\u0107!<br \/>\nPo zako\u0144czeniu wr\u0119czania \u015bwiadectw mia\u0142o miejsce jeszcze jedna bardzo przyjemne wydarzenie \u2013 spotkanie nauczycieli, na kt\u00f3rym Pani Dyrektor Barbara Zi\u00f3\u0142kowska nagrodzi\u0142a pedagog\u00f3w za ca\u0142y rok pracy. Bardzo mi\u0142a atmosfera oraz \u015bwiadomo\u015b\u0107 tak wyczekiwanego odpoczynku rado\u015bnie wprowadzi\u0142y nas w WAKACJE!<br \/>\nDo zobaczenia we wrze\u015bniu!<\/p>\n<p style=\"text-align: right;\"><em>Jan Ungeheuer, nauczyciel j\u0119zyka polskiego<\/em><\/p>\n<div id='gallery-1' class='gallery galleryid-936 gallery-columns-4 gallery-size-thumbnail'><figure class='gallery-item'>\n\t\t\t<div class='gallery-icon landscape'>\n\t\t\t\t<a href='https:\/\/liceum.kard.hlonda.pl\/index.php\/2021\/06\/25\/zakonczenie-roku-szkolnego-2020-2021\/zakonczenie-roku-szkolnego-2020-2021-1\/'><img loading=\"lazy\" decoding=\"async\" width=\"150\" height=\"150\" src=\"https:\/\/liceum.kard.hlonda.pl\/wp-content\/uploads\/2021\/06\/Zakonczenie-Roku-Szkolnego-2020-2021-1-150x150.jpg\" class=\"attachment-thumbnail size-thumbnail\" alt=\"\" \/><\/a>\n\t\t\t<\/div><\/figure><figure class='gallery-item'>\n\t\t\t<div class='gallery-icon landscape'>\n\t\t\t\t<a href='https:\/\/liceum.kard.hlonda.pl\/index.php\/2021\/06\/25\/zakonczenie-roku-szkolnego-2020-2021\/zakonczenie-roku-szkolnego-2020-2021-2\/'><img loading=\"lazy\" decoding=\"async\" width=\"150\" height=\"150\" src=\"https:\/\/liceum.kard.hlonda.pl\/wp-content\/uploads\/2021\/06\/Zakonczenie-Roku-Szkolnego-2020-2021-2-150x150.jpg\" class=\"attachment-thumbnail size-thumbnail\" alt=\"\" \/><\/a>\n\t\t\t<\/div><\/figure><figure class='gallery-item'>\n\t\t\t<div class='gallery-icon landscape'>\n\t\t\t\t<a href='https:\/\/liceum.kard.hlonda.pl\/index.php\/2021\/06\/25\/zakonczenie-roku-szkolnego-2020-2021\/zakonczenie-roku-szkolnego-2020-2021-3\/'><img loading=\"lazy\" decoding=\"async\" width=\"150\" height=\"150\" src=\"https:\/\/liceum.kard.hlonda.pl\/wp-content\/uploads\/2021\/06\/Zakonczenie-Roku-Szkolnego-2020-2021-3-150x150.jpg\" class=\"attachment-thumbnail size-thumbnail\" alt=\"\" \/><\/a>\n\t\t\t<\/div><\/figure><figure class='gallery-item'>\n\t\t\t<div class='gallery-icon landscape'>\n\t\t\t\t<a href='https:\/\/liceum.kard.hlonda.pl\/index.php\/2021\/06\/25\/zakonczenie-roku-szkolnego-2020-2021\/zakonczenie-roku-szkolnego-2020-2021-4\/'><img loading=\"lazy\" decoding=\"async\" width=\"150\" height=\"150\" src=\"https:\/\/liceum.kard.hlonda.pl\/wp-content\/uploads\/2021\/06\/Zakonczenie-Roku-Szkolnego-2020-2021-4-150x150.jpg\" class=\"attachment-thumbnail size-thumbnail\" alt=\"\" \/><\/a>\n\t\t\t<\/div><\/figure><figure class='gallery-item'>\n\t\t\t<div class='gallery-icon landscape'>\n\t\t\t\t<a href='https:\/\/liceum.kard.hlonda.pl\/index.php\/2021\/06\/25\/zakonczenie-roku-szkolnego-2020-2021\/zakonczenie-roku-szkolnego-2020-2021-5\/'><img loading=\"lazy\" decoding=\"async\" width=\"150\" height=\"150\" src=\"https:\/\/liceum.kard.hlonda.pl\/wp-content\/uploads\/2021\/06\/Zakonczenie-Roku-Szkolnego-2020-2021-5-150x150.jpg\" class=\"attachment-thumbnail size-thumbnail\" alt=\"\" \/><\/a>\n\t\t\t<\/div><\/figure><figure class='gallery-item'>\n\t\t\t<div class='gallery-icon landscape'>\n\t\t\t\t<a href='https:\/\/liceum.kard.hlonda.pl\/index.php\/2021\/06\/25\/zakonczenie-roku-szkolnego-2020-2021\/zakonczenie-roku-szkolnego-2020-2021-6\/'><img loading=\"lazy\" decoding=\"async\" width=\"150\" height=\"150\" src=\"https:\/\/liceum.kard.hlonda.pl\/wp-content\/uploads\/2021\/06\/Zakonczenie-Roku-Szkolnego-2020-2021-6-150x150.jpg\" class=\"attachment-thumbnail size-thumbnail\" alt=\"\" \/><\/a>\n\t\t\t<\/div><\/figure><figure class='gallery-item'>\n\t\t\t<div class='gallery-icon landscape'>\n\t\t\t\t<a href='https:\/\/liceum.kard.hlonda.pl\/index.php\/2021\/06\/25\/zakonczenie-roku-szkolnego-2020-2021\/zakonczenie-roku-szkolnego-2020-2021-7\/'><img loading=\"lazy\" decoding=\"async\" width=\"150\" height=\"150\" src=\"https:\/\/liceum.kard.hlonda.pl\/wp-content\/uploads\/2021\/06\/Zakonczenie-Roku-Szkolnego-2020-2021-7-150x150.jpg\" class=\"attachment-thumbnail size-thumbnail\" alt=\"\" \/><\/a>\n\t\t\t<\/div><\/figure><figure class='gallery-item'>\n\t\t\t<div class='gallery-icon landscape'>\n\t\t\t\t<a href='https:\/\/liceum.kard.hlonda.pl\/index.php\/2021\/06\/25\/zakonczenie-roku-szkolnego-2020-2021\/zakonczenie-roku-szkolnego-2020-2021-8\/'><img loading=\"lazy\" decoding=\"async\" width=\"150\" height=\"150\" src=\"https:\/\/liceum.kard.hlonda.pl\/wp-content\/uploads\/2021\/06\/Zakonczenie-Roku-Szkolnego-2020-2021-8-150x150.jpg\" class=\"attachment-thumbnail size-thumbnail\" alt=\"\" \/><\/a>\n\t\t\t<\/div><\/figure><figure class='gallery-item'>\n\t\t\t<div class='gallery-icon landscape'>\n\t\t\t\t<a href='https:\/\/liceum.kard.hlonda.pl\/index.php\/2021\/06\/25\/zakonczenie-roku-szkolnego-2020-2021\/zakonczenie-roku-szkolnego-2020-2021-9\/'><img loading=\"lazy\" decoding=\"async\" width=\"150\" height=\"150\" src=\"https:\/\/liceum.kard.hlonda.pl\/wp-content\/uploads\/2021\/06\/Zakonczenie-Roku-Szkolnego-2020-2021-9-150x150.jpg\" class=\"attachment-thumbnail size-thumbnail\" alt=\"\" \/><\/a>\n\t\t\t<\/div><\/figure><figure class='gallery-item'>\n\t\t\t<div class='gallery-icon landscape'>\n\t\t\t\t<a href='https:\/\/liceum.kard.hlonda.pl\/index.php\/2021\/06\/25\/zakonczenie-roku-szkolnego-2020-2021\/zakonczenie-roku-szkolnego-2020-2021-10\/'><img loading=\"lazy\" decoding=\"async\" width=\"150\" height=\"150\" src=\"https:\/\/liceum.kard.hlonda.pl\/wp-content\/uploads\/2021\/06\/Zakonczenie-Roku-Szkolnego-2020-2021-10-150x150.jpg\" class=\"attachment-thumbnail size-thumbnail\" alt=\"\" \/><\/a>\n\t\t\t<\/div><\/figure><figure class='gallery-item'>\n\t\t\t<div class='gallery-icon landscape'>\n\t\t\t\t<a href='https:\/\/liceum.kard.hlonda.pl\/index.php\/2021\/06\/25\/zakonczenie-roku-szkolnego-2020-2021\/zakonczenie-roku-szkolnego-2020-2021-11\/'><img loading=\"lazy\" decoding=\"async\" width=\"150\" height=\"150\" src=\"https:\/\/liceum.kard.hlonda.pl\/wp-content\/uploads\/2021\/06\/Zakonczenie-Roku-Szkolnego-2020-2021-11-150x150.jpg\" class=\"attachment-thumbnail size-thumbnail\" alt=\"\" \/><\/a>\n\t\t\t<\/div><\/figure><figure class='gallery-item'>\n\t\t\t<div class='gallery-icon landscape'>\n\t\t\t\t<a href='https:\/\/liceum.kard.hlonda.pl\/index.php\/2021\/06\/25\/zakonczenie-roku-szkolnego-2020-2021\/zakonczenie-roku-szkolnego-2020-2021-12\/'><img loading=\"lazy\" decoding=\"async\" width=\"150\" height=\"150\" src=\"https:\/\/liceum.kard.hlonda.pl\/wp-content\/uploads\/2021\/06\/Zakonczenie-Roku-Szkolnego-2020-2021-12-150x150.jpg\" class=\"attachment-thumbnail size-thumbnail\" alt=\"\" \/><\/a>\n\t\t\t<\/div><\/figure><figure class='gallery-item'>\n\t\t\t<div class='gallery-icon landscape'>\n\t\t\t\t<a href='https:\/\/liceum.kard.hlonda.pl\/index.php\/2021\/06\/25\/zakonczenie-roku-szkolnego-2020-2021\/zakonczenie-roku-szkolnego-2020-2021-13\/'><img loading=\"lazy\" decoding=\"async\" width=\"150\" height=\"150\" src=\"https:\/\/liceum.kard.hlonda.pl\/wp-content\/uploads\/2021\/06\/Zakonczenie-Roku-Szkolnego-2020-2021-13-150x150.jpg\" class=\"attachment-thumbnail size-thumbnail\" alt=\"\" \/><\/a>\n\t\t\t<\/div><\/figure><figure class='gallery-item'>\n\t\t\t<div class='gallery-icon landscape'>\n\t\t\t\t<a href='https:\/\/liceum.kard.hlonda.pl\/index.php\/2021\/06\/25\/zakonczenie-roku-szkolnego-2020-2021\/zakonczenie-roku-szkolnego-2020-2021-14\/'><img loading=\"lazy\" decoding=\"async\" width=\"150\" height=\"150\" src=\"https:\/\/liceum.kard.hlonda.pl\/wp-content\/uploads\/2021\/06\/Zakonczenie-Roku-Szkolnego-2020-2021-14-150x150.jpg\" class=\"attachment-thumbnail size-thumbnail\" alt=\"\" \/><\/a>\n\t\t\t<\/div><\/figure><figure class='gallery-item'>\n\t\t\t<div class='gallery-icon landscape'>\n\t\t\t\t<a href='https:\/\/liceum.kard.hlonda.pl\/index.php\/2021\/06\/25\/zakonczenie-roku-szkolnego-2020-2021\/zakonczenie-roku-szkolnego-2020-2021-15\/'><img loading=\"lazy\" decoding=\"async\" width=\"150\" height=\"150\" src=\"https:\/\/liceum.kard.hlonda.pl\/wp-content\/uploads\/2021\/06\/Zakonczenie-Roku-Szkolnego-2020-2021-15-150x150.jpg\" class=\"attachment-thumbnail size-thumbnail\" alt=\"\" \/><\/a>\n\t\t\t<\/div><\/figure><figure class='gallery-item'>\n\t\t\t<div class='gallery-icon landscape'>\n\t\t\t\t<a href='https:\/\/liceum.kard.hlonda.pl\/index.php\/2021\/06\/25\/zakonczenie-roku-szkolnego-2020-2021\/zakonczenie-roku-szkolnego-2020-2021-16\/'><img loading=\"lazy\" decoding=\"async\" width=\"150\" height=\"150\" src=\"https:\/\/liceum.kard.hlonda.pl\/wp-content\/uploads\/2021\/06\/Zakonczenie-Roku-Szkolnego-2020-2021-16-150x150.jpg\" class=\"attachment-thumbnail size-thumbnail\" alt=\"\" \/><\/a>\n\t\t\t<\/div><\/figure><figure class='gallery-item'>\n\t\t\t<div class='gallery-icon landscape'>\n\t\t\t\t<a href='https:\/\/liceum.kard.hlonda.pl\/index.php\/2021\/06\/25\/zakonczenie-roku-szkolnego-2020-2021\/zakonczenie-roku-szkolnego-2020-2021-17\/'><img loading=\"lazy\" decoding=\"async\" width=\"150\" height=\"150\" src=\"https:\/\/liceum.kard.hlonda.pl\/wp-content\/uploads\/2021\/06\/Zakonczenie-Roku-Szkolnego-2020-2021-17-150x150.jpg\" class=\"attachment-thumbnail size-thumbnail\" alt=\"\" \/><\/a>\n\t\t\t<\/div><\/figure><figure class='gallery-item'>\n\t\t\t<div class='gallery-icon landscape'>\n\t\t\t\t<a href='https:\/\/liceum.kard.hlonda.pl\/index.php\/2021\/06\/25\/zakonczenie-roku-szkolnego-2020-2021\/zakonczenie-roku-szkolnego-2020-2021-18\/'><img loading=\"lazy\" decoding=\"async\" width=\"150\" height=\"150\" src=\"https:\/\/liceum.kard.hlonda.pl\/wp-content\/uploads\/2021\/06\/Zakonczenie-Roku-Szkolnego-2020-2021-18-150x150.jpg\" class=\"attachment-thumbnail size-thumbnail\" alt=\"\" \/><\/a>\n\t\t\t<\/div><\/figure><figure class='gallery-item'>\n\t\t\t<div class='gallery-icon landscape'>\n\t\t\t\t<a href='https:\/\/liceum.kard.hlonda.pl\/index.php\/2021\/06\/25\/zakonczenie-roku-szkolnego-2020-2021\/zakonczenie-roku-szkolnego-2020-2021-19\/'><img loading=\"lazy\" decoding=\"async\" width=\"150\" height=\"150\" src=\"https:\/\/liceum.kard.hlonda.pl\/wp-content\/uploads\/2021\/06\/Zakonczenie-Roku-Szkolnego-2020-2021-19-150x150.jpg\" class=\"attachment-thumbnail size-thumbnail\" alt=\"\" \/><\/a>\n\t\t\t<\/div><\/figure><figure class='gallery-item'>\n\t\t\t<div class='gallery-icon landscape'>\n\t\t\t\t<a href='https:\/\/liceum.kard.hlonda.pl\/index.php\/2021\/06\/25\/zakonczenie-roku-szkolnego-2020-2021\/zakonczenie-roku-szkolnego-2020-2021-20\/'><img loading=\"lazy\" decoding=\"async\" width=\"150\" height=\"150\" src=\"https:\/\/liceum.kard.hlonda.pl\/wp-content\/uploads\/2021\/06\/Zakonczenie-Roku-Szkolnego-2020-2021-20-150x150.jpg\" class=\"attachment-thumbnail size-thumbnail\" alt=\"\" \/><\/a>\n\t\t\t<\/div><\/figure><figure class='gallery-item'>\n\t\t\t<div class='gallery-icon portrait'>\n\t\t\t\t<a href='https:\/\/liceum.kard.hlonda.pl\/index.php\/2021\/06\/25\/zakonczenie-roku-szkolnego-2020-2021\/zakonczenie-roku-szkolnego-2020-2021-21\/'><img loading=\"lazy\" decoding=\"async\" width=\"150\" height=\"150\" src=\"https:\/\/liceum.kard.hlonda.pl\/wp-content\/uploads\/2021\/06\/Zakonczenie-Roku-Szkolnego-2020-2021-21-150x150.jpg\" class=\"attachment-thumbnail size-thumbnail\" alt=\"\" \/><\/a>\n\t\t\t<\/div><\/figure><figure class='gallery-item'>\n\t\t\t<div class='gallery-icon portrait'>\n\t\t\t\t<a href='https:\/\/liceum.kard.hlonda.pl\/index.php\/2021\/06\/25\/zakonczenie-roku-szkolnego-2020-2021\/zakonczenie-roku-szkolnego-2020-2021-22\/'><img loading=\"lazy\" decoding=\"async\" width=\"150\" height=\"150\" src=\"https:\/\/liceum.kard.hlonda.pl\/wp-content\/uploads\/2021\/06\/Zakonczenie-Roku-Szkolnego-2020-2021-22-150x150.jpg\" class=\"attachment-thumbnail size-thumbnail\" alt=\"\" \/><\/a>\n\t\t\t<\/div><\/figure><figure class='gallery-item'>\n\t\t\t<div class='gallery-icon portrait'>\n\t\t\t\t<a href='https:\/\/liceum.kard.hlonda.pl\/index.php\/2021\/06\/25\/zakonczenie-roku-szkolnego-2020-2021\/zakonczenie-roku-szkolnego-2020-2021-23\/'><img loading=\"lazy\" decoding=\"async\" width=\"150\" height=\"150\" src=\"https:\/\/liceum.kard.hlonda.pl\/wp-content\/uploads\/2021\/06\/Zakonczenie-Roku-Szkolnego-2020-2021-23-150x150.jpg\" class=\"attachment-thumbnail size-thumbnail\" alt=\"\" \/><\/a>\n\t\t\t<\/div><\/figure><figure class='gallery-item'>\n\t\t\t<div class='gallery-icon portrait'>\n\t\t\t\t<a href='https:\/\/liceum.kard.hlonda.pl\/index.php\/2021\/06\/25\/zakonczenie-roku-szkolnego-2020-2021\/zakonczenie-roku-szkolnego-2020-2021-24\/'><img loading=\"lazy\" decoding=\"async\" width=\"150\" height=\"150\" src=\"https:\/\/liceum.kard.hlonda.pl\/wp-content\/uploads\/2021\/06\/Zakonczenie-Roku-Szkolnego-2020-2021-24-150x150.jpg\" class=\"attachment-thumbnail size-thumbnail\" alt=\"\" \/><\/a>\n\t\t\t<\/div><\/figure><figure class='gallery-item'>\n\t\t\t<div class='gallery-icon portrait'>\n\t\t\t\t<a href='https:\/\/liceum.kard.hlonda.pl\/index.php\/2021\/06\/25\/zakonczenie-roku-szkolnego-2020-2021\/zakonczenie-roku-szkolnego-2020-2021-25\/'><img loading=\"lazy\" decoding=\"async\" width=\"150\" height=\"150\" src=\"https:\/\/liceum.kard.hlonda.pl\/wp-content\/uploads\/2021\/06\/Zakonczenie-Roku-Szkolnego-2020-2021-25-150x150.jpg\" class=\"attachment-thumbnail size-thumbnail\" alt=\"\" \/><\/a>\n\t\t\t<\/div><\/figure><figure class='gallery-item'>\n\t\t\t<div class='gallery-icon landscape'>\n\t\t\t\t<a href='https:\/\/liceum.kard.hlonda.pl\/index.php\/2021\/06\/25\/zakonczenie-roku-szkolnego-2020-2021\/zakonczenie-roku-szkolnego-2020-2021-26\/'><img loading=\"lazy\" decoding=\"async\" width=\"150\" height=\"150\" src=\"https:\/\/liceum.kard.hlonda.pl\/wp-content\/uploads\/2021\/06\/Zakonczenie-Roku-Szkolnego-2020-2021-26-150x150.jpg\" class=\"attachment-thumbnail size-thumbnail\" alt=\"\" \/><\/a>\n\t\t\t<\/div><\/figure><figure class='gallery-item'>\n\t\t\t<div class='gallery-icon landscape'>\n\t\t\t\t<a href='https:\/\/liceum.kard.hlonda.pl\/index.php\/2021\/06\/25\/zakonczenie-roku-szkolnego-2020-2021\/zakonczenie-roku-szkolnego-2020-2021-27\/'><img loading=\"lazy\" decoding=\"async\" width=\"150\" height=\"150\" src=\"https:\/\/liceum.kard.hlonda.pl\/wp-content\/uploads\/2021\/06\/Zakonczenie-Roku-Szkolnego-2020-2021-27-150x150.jpg\" class=\"attachment-thumbnail size-thumbnail\" alt=\"\" \/><\/a>\n\t\t\t<\/div><\/figure><figure class='gallery-item'>\n\t\t\t<div class='gallery-icon landscape'>\n\t\t\t\t<a href='https:\/\/liceum.kard.hlonda.pl\/index.php\/2021\/06\/25\/zakonczenie-roku-szkolnego-2020-2021\/zakonczenie-roku-szkolnego-2020-2021-28\/'><img loading=\"lazy\" decoding=\"async\" width=\"150\" height=\"150\" src=\"https:\/\/liceum.kard.hlonda.pl\/wp-content\/uploads\/2021\/06\/Zakonczenie-Roku-Szkolnego-2020-2021-28-150x150.jpg\" class=\"attachment-thumbnail size-thumbnail\" alt=\"\" \/><\/a>\n\t\t\t<\/div><\/figure><figure class='gallery-item'>\n\t\t\t<div class='gallery-icon landscape'>\n\t\t\t\t<a href='https:\/\/liceum.kard.hlonda.pl\/index.php\/2021\/06\/25\/zakonczenie-roku-szkolnego-2020-2021\/zakonczenie-roku-szkolnego-2020-2021-29\/'><img loading=\"lazy\" decoding=\"async\" width=\"150\" height=\"150\" src=\"https:\/\/liceum.kard.hlonda.pl\/wp-content\/uploads\/2021\/06\/Zakonczenie-Roku-Szkolnego-2020-2021-29-150x150.jpg\" class=\"attachment-thumbnail size-thumbnail\" alt=\"\" \/><\/a>\n\t\t\t<\/div><\/figure><figure class='gallery-item'>\n\t\t\t<div class='gallery-icon landscape'>\n\t\t\t\t<a href='https:\/\/liceum.kard.hlonda.pl\/index.php\/2021\/06\/25\/zakonczenie-roku-szkolnego-2020-2021\/zakonczenie-roku-szkolnego-2020-2021-30\/'><img loading=\"lazy\" decoding=\"async\" width=\"150\" height=\"150\" src=\"https:\/\/liceum.kard.hlonda.pl\/wp-content\/uploads\/2021\/06\/Zakonczenie-Roku-Szkolnego-2020-2021-30-150x150.jpg\" class=\"attachment-thumbnail size-thumbnail\" alt=\"\" \/><\/a>\n\t\t\t<\/div><\/figure><figure class='gallery-item'>\n\t\t\t<div class='gallery-icon landscape'>\n\t\t\t\t<a href='https:\/\/liceum.kard.hlonda.pl\/index.php\/2021\/06\/25\/zakonczenie-roku-szkolnego-2020-2021\/zakonczenie-roku-szkolnego-2020-2021-31\/'><img loading=\"lazy\" decoding=\"async\" width=\"150\" height=\"150\" src=\"https:\/\/liceum.kard.hlonda.pl\/wp-content\/uploads\/2021\/06\/Zakonczenie-Roku-Szkolnego-2020-2021-31-150x150.jpg\" class=\"attachment-thumbnail size-thumbnail\" alt=\"\" \/><\/a>\n\t\t\t<\/div><\/figure><figure class='gallery-item'>\n\t\t\t<div class='gallery-icon portrait'>\n\t\t\t\t<a href='https:\/\/liceum.kard.hlonda.pl\/index.php\/2021\/06\/25\/zakonczenie-roku-szkolnego-2020-2021\/zakonczenie-roku-szkolnego-2020-2021-32\/'><img loading=\"lazy\" decoding=\"async\" width=\"150\" height=\"150\" src=\"https:\/\/liceum.kard.hlonda.pl\/wp-content\/uploads\/2021\/06\/Zakonczenie-Roku-Szkolnego-2020-2021-32-150x150.jpg\" class=\"attachment-thumbnail size-thumbnail\" alt=\"\" \/><\/a>\n\t\t\t<\/div><\/figure><figure class='gallery-item'>\n\t\t\t<div class='gallery-icon landscape'>\n\t\t\t\t<a href='https:\/\/liceum.kard.hlonda.pl\/index.php\/2021\/06\/25\/zakonczenie-roku-szkolnego-2020-2021\/zakonczenie-roku-szkolnego-2020-2021-33\/'><img loading=\"lazy\" decoding=\"async\" width=\"150\" height=\"150\" src=\"https:\/\/liceum.kard.hlonda.pl\/wp-content\/uploads\/2021\/06\/Zakonczenie-Roku-Szkolnego-2020-2021-33-150x150.jpg\" class=\"attachment-thumbnail size-thumbnail\" alt=\"\" \/><\/a>\n\t\t\t<\/div><\/figure><figure class='gallery-item'>\n\t\t\t<div class='gallery-icon landscape'>\n\t\t\t\t<a href='https:\/\/liceum.kard.hlonda.pl\/index.php\/2021\/06\/25\/zakonczenie-roku-szkolnego-2020-2021\/zakonczenie-roku-szkolnego-2020-2021-34\/'><img loading=\"lazy\" decoding=\"async\" width=\"150\" height=\"150\" src=\"https:\/\/liceum.kard.hlonda.pl\/wp-content\/uploads\/2021\/06\/Zakonczenie-Roku-Szkolnego-2020-2021-34-150x150.jpg\" class=\"attachment-thumbnail size-thumbnail\" alt=\"\" \/><\/a>\n\t\t\t<\/div><\/figure><figure class='gallery-item'>\n\t\t\t<div class='gallery-icon landscape'>\n\t\t\t\t<a href='https:\/\/liceum.kard.hlonda.pl\/index.php\/2021\/06\/25\/zakonczenie-roku-szkolnego-2020-2021\/zakonczenie-roku-szkolnego-2020-2021-35\/'><img loading=\"lazy\" decoding=\"async\" width=\"150\" height=\"150\" src=\"https:\/\/liceum.kard.hlonda.pl\/wp-content\/uploads\/2021\/06\/Zakonczenie-Roku-Szkolnego-2020-2021-35-150x150.jpg\" class=\"attachment-thumbnail size-thumbnail\" alt=\"\" \/><\/a>\n\t\t\t<\/div><\/figure><figure class='gallery-item'>\n\t\t\t<div class='gallery-icon landscape'>\n\t\t\t\t<a href='https:\/\/liceum.kard.hlonda.pl\/index.php\/2021\/06\/25\/zakonczenie-roku-szkolnego-2020-2021\/zakonczenie-roku-szkolnego-2020-2021-36\/'><img loading=\"lazy\" decoding=\"async\" width=\"150\" height=\"150\" src=\"https:\/\/liceum.kard.hlonda.pl\/wp-content\/uploads\/2021\/06\/Zakonczenie-Roku-Szkolnego-2020-2021-36-150x150.jpg\" class=\"attachment-thumbnail size-thumbnail\" alt=\"\" \/><\/a>\n\t\t\t<\/div><\/figure><figure class='gallery-item'>\n\t\t\t<div class='gallery-icon landscape'>\n\t\t\t\t<a href='https:\/\/liceum.kard.hlonda.pl\/index.php\/2021\/06\/25\/zakonczenie-roku-szkolnego-2020-2021\/zakonczenie-roku-szkolnego-2020-2021-37\/'><img loading=\"lazy\" decoding=\"async\" width=\"150\" height=\"150\" src=\"https:\/\/liceum.kard.hlonda.pl\/wp-content\/uploads\/2021\/06\/Zakonczenie-Roku-Szkolnego-2020-2021-37-150x150.jpg\" class=\"attachment-thumbnail size-thumbnail\" alt=\"\" \/><\/a>\n\t\t\t<\/div><\/figure><figure class='gallery-item'>\n\t\t\t<div class='gallery-icon portrait'>\n\t\t\t\t<a href='https:\/\/liceum.kard.hlonda.pl\/index.php\/2021\/06\/25\/zakonczenie-roku-szkolnego-2020-2021\/zakonczenie-roku-szkolnego-2020-2021-38\/'><img loading=\"lazy\" decoding=\"async\" width=\"150\" height=\"150\" src=\"https:\/\/liceum.kard.hlonda.pl\/wp-content\/uploads\/2021\/06\/Zakonczenie-Roku-Szkolnego-2020-2021-38-150x150.jpg\" class=\"attachment-thumbnail size-thumbnail\" alt=\"\" \/><\/a>\n\t\t\t<\/div><\/figure><figure class='gallery-item'>\n\t\t\t<div class='gallery-icon portrait'>\n\t\t\t\t<a href='https:\/\/liceum.kard.hlonda.pl\/index.php\/2021\/06\/25\/zakonczenie-roku-szkolnego-2020-2021\/zakonczenie-roku-szkolnego-2020-2021-39\/'><img loading=\"lazy\" decoding=\"async\" width=\"150\" height=\"150\" src=\"https:\/\/liceum.kard.hlonda.pl\/wp-content\/uploads\/2021\/06\/Zakonczenie-Roku-Szkolnego-2020-2021-39-150x150.jpg\" class=\"attachment-thumbnail size-thumbnail\" alt=\"\" \/><\/a>\n\t\t\t<\/div><\/figure><figure class='gallery-item'>\n\t\t\t<div class='gallery-icon landscape'>\n\t\t\t\t<a href='https:\/\/liceum.kard.hlonda.pl\/index.php\/2021\/06\/25\/zakonczenie-roku-szkolnego-2020-2021\/zakonczenie-roku-szkolnego-2020-2021-40\/'><img loading=\"lazy\" decoding=\"async\" width=\"150\" height=\"150\" src=\"https:\/\/liceum.kard.hlonda.pl\/wp-content\/uploads\/2021\/06\/Zakonczenie-Roku-Szkolnego-2020-2021-40-150x150.jpg\" class=\"attachment-thumbnail size-thumbnail\" alt=\"\" \/><\/a>\n\t\t\t<\/div><\/figure><figure class='gallery-item'>\n\t\t\t<div class='gallery-icon landscape'>\n\t\t\t\t<a href='https:\/\/liceum.kard.hlonda.pl\/index.php\/2021\/06\/25\/zakonczenie-roku-szkolnego-2020-2021\/zakonczenie-roku-szkolnego-2020-2021-41\/'><img loading=\"lazy\" decoding=\"async\" width=\"150\" height=\"150\" src=\"https:\/\/liceum.kard.hlonda.pl\/wp-content\/uploads\/2021\/06\/Zakonczenie-Roku-Szkolnego-2020-2021-41-150x150.jpg\" class=\"attachment-thumbnail size-thumbnail\" alt=\"\" \/><\/a>\n\t\t\t<\/div><\/figure><figure class='gallery-item'>\n\t\t\t<div class='gallery-icon portrait'>\n\t\t\t\t<a href='https:\/\/liceum.kard.hlonda.pl\/index.php\/2021\/06\/25\/zakonczenie-roku-szkolnego-2020-2021\/zakonczenie-roku-szkolnego-2020-2021-42\/'><img loading=\"lazy\" decoding=\"async\" width=\"150\" height=\"150\" src=\"https:\/\/liceum.kard.hlonda.pl\/wp-content\/uploads\/2021\/06\/Zakonczenie-Roku-Szkolnego-2020-2021-42-150x150.jpg\" class=\"attachment-thumbnail size-thumbnail\" alt=\"\" \/><\/a>\n\t\t\t<\/div><\/figure><figure class='gallery-item'>\n\t\t\t<div class='gallery-icon portrait'>\n\t\t\t\t<a href='https:\/\/liceum.kard.hlonda.pl\/index.php\/2021\/06\/25\/zakonczenie-roku-szkolnego-2020-2021\/zakonczenie-roku-szkolnego-2020-2021-43\/'><img loading=\"lazy\" decoding=\"async\" width=\"150\" height=\"150\" src=\"https:\/\/liceum.kard.hlonda.pl\/wp-content\/uploads\/2021\/06\/Zakonczenie-Roku-Szkolnego-2020-2021-43-150x150.jpg\" class=\"attachment-thumbnail size-thumbnail\" alt=\"\" \/><\/a>\n\t\t\t<\/div><\/figure><figure class='gallery-item'>\n\t\t\t<div class='gallery-icon portrait'>\n\t\t\t\t<a href='https:\/\/liceum.kard.hlonda.pl\/index.php\/2021\/06\/25\/zakonczenie-roku-szkolnego-2020-2021\/zakonczenie-roku-szkolnego-2020-2021-44\/'><img loading=\"lazy\" decoding=\"async\" width=\"150\" height=\"150\" src=\"https:\/\/liceum.kard.hlonda.pl\/wp-content\/uploads\/2021\/06\/Zakonczenie-Roku-Szkolnego-2020-2021-44-150x150.jpg\" class=\"attachment-thumbnail size-thumbnail\" alt=\"\" \/><\/a>\n\t\t\t<\/div><\/figure><figure class='gallery-item'>\n\t\t\t<div class='gallery-icon portrait'>\n\t\t\t\t<a href='https:\/\/liceum.kard.hlonda.pl\/index.php\/2021\/06\/25\/zakonczenie-roku-szkolnego-2020-2021\/zakonczenie-roku-szkolnego-2020-2021-45\/'><img loading=\"lazy\" decoding=\"async\" width=\"150\" height=\"150\" src=\"https:\/\/liceum.kard.hlonda.pl\/wp-content\/uploads\/2021\/06\/Zakonczenie-Roku-Szkolnego-2020-2021-45-150x150.jpg\" class=\"attachment-thumbnail size-thumbnail\" alt=\"\" \/><\/a>\n\t\t\t<\/div><\/figure><figure class='gallery-item'>\n\t\t\t<div class='gallery-icon portrait'>\n\t\t\t\t<a href='https:\/\/liceum.kard.hlonda.pl\/index.php\/2021\/06\/25\/zakonczenie-roku-szkolnego-2020-2021\/zakonczenie-roku-szkolnego-2020-2021-46\/'><img loading=\"lazy\" decoding=\"async\" width=\"150\" height=\"150\" src=\"https:\/\/liceum.kard.hlonda.pl\/wp-content\/uploads\/2021\/06\/Zakonczenie-Roku-Szkolnego-2020-2021-46-150x150.jpg\" class=\"attachment-thumbnail size-thumbnail\" alt=\"\" \/><\/a>\n\t\t\t<\/div><\/figure><figure class='gallery-item'>\n\t\t\t<div class='gallery-icon portrait'>\n\t\t\t\t<a href='https:\/\/liceum.kard.hlonda.pl\/index.php\/2021\/06\/25\/zakonczenie-roku-szkolnego-2020-2021\/zakonczenie-roku-szkolnego-2020-2021-47\/'><img loading=\"lazy\" decoding=\"async\" width=\"150\" height=\"150\" src=\"https:\/\/liceum.kard.hlonda.pl\/wp-content\/uploads\/2021\/06\/Zakonczenie-Roku-Szkolnego-2020-2021-47-150x150.jpg\" class=\"attachment-thumbnail size-thumbnail\" alt=\"\" \/><\/a>\n\t\t\t<\/div><\/figure><figure class='gallery-item'>\n\t\t\t<div class='gallery-icon landscape'>\n\t\t\t\t<a href='https:\/\/liceum.kard.hlonda.pl\/index.php\/2021\/06\/25\/zakonczenie-roku-szkolnego-2020-2021\/zakonczenie-roku-szkolnego-2020-2021-48\/'><img loading=\"lazy\" decoding=\"async\" width=\"150\" height=\"150\" src=\"https:\/\/liceum.kard.hlonda.pl\/wp-content\/uploads\/2021\/06\/Zakonczenie-Roku-Szkolnego-2020-2021-48-150x150.jpg\" class=\"attachment-thumbnail size-thumbnail\" alt=\"\" \/><\/a>\n\t\t\t<\/div><\/figure><figure class='gallery-item'>\n\t\t\t<div class='gallery-icon portrait'>\n\t\t\t\t<a href='https:\/\/liceum.kard.hlonda.pl\/index.php\/2021\/06\/25\/zakonczenie-roku-szkolnego-2020-2021\/zakonczenie-roku-szkolnego-2020-2021-49\/'><img loading=\"lazy\" decoding=\"async\" width=\"150\" height=\"150\" src=\"https:\/\/liceum.kard.hlonda.pl\/wp-content\/uploads\/2021\/06\/Zakonczenie-Roku-Szkolnego-2020-2021-49-150x150.jpg\" class=\"attachment-thumbnail size-thumbnail\" alt=\"\" \/><\/a>\n\t\t\t<\/div><\/figure><figure class='gallery-item'>\n\t\t\t<div class='gallery-icon landscape'>\n\t\t\t\t<a href='https:\/\/liceum.kard.hlonda.pl\/index.php\/2021\/06\/25\/zakonczenie-roku-szkolnego-2020-2021\/zakonczenie-roku-szkolnego-2020-2021-50\/'><img loading=\"lazy\" decoding=\"async\" width=\"150\" height=\"150\" src=\"https:\/\/liceum.kard.hlonda.pl\/wp-content\/uploads\/2021\/06\/Zakonczenie-Roku-Szkolnego-2020-2021-50-150x150.jpg\" class=\"attachment-thumbnail size-thumbnail\" alt=\"\" \/><\/a>\n\t\t\t<\/div><\/figure><figure class='gallery-item'>\n\t\t\t<div class='gallery-icon landscape'>\n\t\t\t\t<a href='https:\/\/liceum.kard.hlonda.pl\/index.php\/2021\/06\/25\/zakonczenie-roku-szkolnego-2020-2021\/zakonczenie-roku-szkolnego-2020-2021-51\/'><img loading=\"lazy\" decoding=\"async\" width=\"150\" height=\"150\" src=\"https:\/\/liceum.kard.hlonda.pl\/wp-content\/uploads\/2021\/06\/Zakonczenie-Roku-Szkolnego-2020-2021-51-150x150.jpg\" class=\"attachment-thumbnail size-thumbnail\" alt=\"\" \/><\/a>\n\t\t\t<\/div><\/figure><figure class='gallery-item'>\n\t\t\t<div class='gallery-icon landscape'>\n\t\t\t\t<a href='https:\/\/liceum.kard.hlonda.pl\/index.php\/2021\/06\/25\/zakonczenie-roku-szkolnego-2020-2021\/zakonczenie-roku-szkolnego-2020-2021-52\/'><img loading=\"lazy\" decoding=\"async\" width=\"150\" height=\"150\" src=\"https:\/\/liceum.kard.hlonda.pl\/wp-content\/uploads\/2021\/06\/Zakonczenie-Roku-Szkolnego-2020-2021-52-150x150.jpg\" class=\"attachment-thumbnail size-thumbnail\" alt=\"\" \/><\/a>\n\t\t\t<\/div><\/figure><figure class='gallery-item'>\n\t\t\t<div class='gallery-icon landscape'>\n\t\t\t\t<a href='https:\/\/liceum.kard.hlonda.pl\/index.php\/2021\/06\/25\/zakonczenie-roku-szkolnego-2020-2021\/zakonczenie-roku-szkolnego-2020-2021-53\/'><img loading=\"lazy\" decoding=\"async\" width=\"150\" height=\"150\" src=\"https:\/\/liceum.kard.hlonda.pl\/wp-content\/uploads\/2021\/06\/Zakonczenie-Roku-Szkolnego-2020-2021-53-150x150.jpg\" class=\"attachment-thumbnail size-thumbnail\" alt=\"\" \/><\/a>\n\t\t\t<\/div><\/figure><figure class='gallery-item'>\n\t\t\t<div class='gallery-icon landscape'>\n\t\t\t\t<a href='https:\/\/liceum.kard.hlonda.pl\/index.php\/2021\/06\/25\/zakonczenie-roku-szkolnego-2020-2021\/zakonczenie-roku-szkolnego-2020-2021-54\/'><img loading=\"lazy\" decoding=\"async\" width=\"150\" height=\"150\" src=\"https:\/\/liceum.kard.hlonda.pl\/wp-content\/uploads\/2021\/06\/Zakonczenie-Roku-Szkolnego-2020-2021-54-150x150.jpg\" class=\"attachment-thumbnail size-thumbnail\" alt=\"\" \/><\/a>\n\t\t\t<\/div><\/figure><figure class='gallery-item'>\n\t\t\t<div class='gallery-icon landscape'>\n\t\t\t\t<a href='https:\/\/liceum.kard.hlonda.pl\/index.php\/2021\/06\/25\/zakonczenie-roku-szkolnego-2020-2021\/zakonczenie-roku-szkolnego-2020-2021-55\/'><img loading=\"lazy\" decoding=\"async\" width=\"150\" height=\"150\" src=\"https:\/\/liceum.kard.hlonda.pl\/wp-content\/uploads\/2021\/06\/Zakonczenie-Roku-Szkolnego-2020-2021-55-150x150.jpg\" class=\"attachment-thumbnail size-thumbnail\" alt=\"\" \/><\/a>\n\t\t\t<\/div><\/figure><figure class='gallery-item'>\n\t\t\t<div class='gallery-icon portrait'>\n\t\t\t\t<a href='https:\/\/liceum.kard.hlonda.pl\/index.php\/2021\/06\/25\/zakonczenie-roku-szkolnego-2020-2021\/zakonczenie-roku-szkolnego-2020-2021-56\/'><img loading=\"lazy\" decoding=\"async\" width=\"150\" height=\"150\" src=\"https:\/\/liceum.kard.hlonda.pl\/wp-content\/uploads\/2021\/06\/Zakonczenie-Roku-Szkolnego-2020-2021-56-150x150.jpg\" class=\"attachment-thumbnail size-thumbnail\" alt=\"\" \/><\/a>\n\t\t\t<\/div><\/figure><figure class='gallery-item'>\n\t\t\t<div class='gallery-icon landscape'>\n\t\t\t\t<a href='https:\/\/liceum.kard.hlonda.pl\/index.php\/2021\/06\/25\/zakonczenie-roku-szkolnego-2020-2021\/zakonczenie-roku-szkolnego-2020-2021-57\/'><img loading=\"lazy\" decoding=\"async\" width=\"150\" height=\"150\" src=\"https:\/\/liceum.kard.hlonda.pl\/wp-content\/uploads\/2021\/06\/Zakonczenie-Roku-Szkolnego-2020-2021-57-150x150.jpg\" class=\"attachment-thumbnail size-thumbnail\" alt=\"\" \/><\/a>\n\t\t\t<\/div><\/figure><figure class='gallery-item'>\n\t\t\t<div class='gallery-icon landscape'>\n\t\t\t\t<a href='https:\/\/liceum.kard.hlonda.pl\/index.php\/2021\/06\/25\/zakonczenie-roku-szkolnego-2020-2021\/zakonczenie-roku-szkolnego-2020-2021-58\/'><img loading=\"lazy\" decoding=\"async\" width=\"150\" height=\"150\" src=\"https:\/\/liceum.kard.hlonda.pl\/wp-content\/uploads\/2021\/06\/Zakonczenie-Roku-Szkolnego-2020-2021-58-150x150.jpg\" class=\"attachment-thumbnail size-thumbnail\" alt=\"\" \/><\/a>\n\t\t\t<\/div><\/figure><figure class='gallery-item'>\n\t\t\t<div class='gallery-icon landscape'>\n\t\t\t\t<a href='https:\/\/liceum.kard.hlonda.pl\/index.php\/2021\/06\/25\/zakonczenie-roku-szkolnego-2020-2021\/zakonczenie-roku-szkolnego-2020-2021-59\/'><img loading=\"lazy\" decoding=\"async\" width=\"150\" height=\"150\" src=\"https:\/\/liceum.kard.hlonda.pl\/wp-content\/uploads\/2021\/06\/Zakonczenie-Roku-Szkolnego-2020-2021-59-150x150.jpg\" class=\"attachment-thumbnail size-thumbnail\" alt=\"\" \/><\/a>\n\t\t\t<\/div><\/figure><figure class='gallery-item'>\n\t\t\t<div class='gallery-icon landscape'>\n\t\t\t\t<a href='https:\/\/liceum.kard.hlonda.pl\/index.php\/2021\/06\/25\/zakonczenie-roku-szkolnego-2020-2021\/zakonczenie-roku-szkolnego-2020-2021-60\/'><img loading=\"lazy\" decoding=\"async\" width=\"150\" height=\"150\" src=\"https:\/\/liceum.kard.hlonda.pl\/wp-content\/uploads\/2021\/06\/Zakonczenie-Roku-Szkolnego-2020-2021-60-150x150.jpg\" class=\"attachment-thumbnail size-thumbnail\" alt=\"\" \/><\/a>\n\t\t\t<\/div><\/figure><figure class='gallery-item'>\n\t\t\t<div class='gallery-icon landscape'>\n\t\t\t\t<a href='https:\/\/liceum.kard.hlonda.pl\/index.php\/2021\/06\/25\/zakonczenie-roku-szkolnego-2020-2021\/zakonczenie-roku-szkolnego-2020-2021-61\/'><img loading=\"lazy\" decoding=\"async\" width=\"150\" height=\"150\" src=\"https:\/\/liceum.kard.hlonda.pl\/wp-content\/uploads\/2021\/06\/Zakonczenie-Roku-Szkolnego-2020-2021-61-150x150.jpg\" class=\"attachment-thumbnail size-thumbnail\" alt=\"\" \/><\/a>\n\t\t\t<\/div><\/figure><figure class='gallery-item'>\n\t\t\t<div class='gallery-icon landscape'>\n\t\t\t\t<a href='https:\/\/liceum.kard.hlonda.pl\/index.php\/2021\/06\/25\/zakonczenie-roku-szkolnego-2020-2021\/zakonczenie-roku-szkolnego-2020-2021-62\/'><img loading=\"lazy\" decoding=\"async\" width=\"150\" height=\"150\" src=\"https:\/\/liceum.kard.hlonda.pl\/wp-content\/uploads\/2021\/06\/Zakonczenie-Roku-Szkolnego-2020-2021-62-150x150.jpg\" class=\"attachment-thumbnail size-thumbnail\" alt=\"\" \/><\/a>\n\t\t\t<\/div><\/figure><figure class='gallery-item'>\n\t\t\t<div class='gallery-icon portrait'>\n\t\t\t\t<a href='https:\/\/liceum.kard.hlonda.pl\/index.php\/2021\/06\/25\/zakonczenie-roku-szkolnego-2020-2021\/zakonczenie-roku-szkolnego-2020-2021-63\/'><img loading=\"lazy\" decoding=\"async\" width=\"150\" height=\"150\" src=\"https:\/\/liceum.kard.hlonda.pl\/wp-content\/uploads\/2021\/06\/Zakonczenie-Roku-Szkolnego-2020-2021-63-150x150.jpg\" class=\"attachment-thumbnail size-thumbnail\" alt=\"\" \/><\/a>\n\t\t\t<\/div><\/figure><figure class='gallery-item'>\n\t\t\t<div class='gallery-icon portrait'>\n\t\t\t\t<a href='https:\/\/liceum.kard.hlonda.pl\/index.php\/2021\/06\/25\/zakonczenie-roku-szkolnego-2020-2021\/zakonczenie-roku-szkolnego-2020-2021-64\/'><img loading=\"lazy\" decoding=\"async\" width=\"150\" height=\"150\" src=\"https:\/\/liceum.kard.hlonda.pl\/wp-content\/uploads\/2021\/06\/Zakonczenie-Roku-Szkolnego-2020-2021-64-150x150.jpg\" class=\"attachment-thumbnail size-thumbnail\" alt=\"\" \/><\/a>\n\t\t\t<\/div><\/figure><figure class='gallery-item'>\n\t\t\t<div class='gallery-icon landscape'>\n\t\t\t\t<a href='https:\/\/liceum.kard.hlonda.pl\/index.php\/2021\/06\/25\/zakonczenie-roku-szkolnego-2020-2021\/zakonczenie-roku-szkolnego-2020-2021-65\/'><img loading=\"lazy\" decoding=\"async\" width=\"150\" height=\"150\" src=\"https:\/\/liceum.kard.hlonda.pl\/wp-content\/uploads\/2021\/06\/Zakonczenie-Roku-Szkolnego-2020-2021-65-150x150.jpg\" class=\"attachment-thumbnail size-thumbnail\" alt=\"\" \/><\/a>\n\t\t\t<\/div><\/figure><figure class='gallery-item'>\n\t\t\t<div class='gallery-icon landscape'>\n\t\t\t\t<a href='https:\/\/liceum.kard.hlonda.pl\/index.php\/2021\/06\/25\/zakonczenie-roku-szkolnego-2020-2021\/zakonczenie-roku-szkolnego-2020-2021-66\/'><img loading=\"lazy\" decoding=\"async\" width=\"150\" height=\"150\" src=\"https:\/\/liceum.kard.hlonda.pl\/wp-content\/uploads\/2021\/06\/Zakonczenie-Roku-Szkolnego-2020-2021-66-150x150.jpg\" class=\"attachment-thumbnail size-thumbnail\" alt=\"\" \/><\/a>\n\t\t\t<\/div><\/figure><figure class='gallery-item'>\n\t\t\t<div class='gallery-icon portrait'>\n\t\t\t\t<a href='https:\/\/liceum.kard.hlonda.pl\/index.php\/2021\/06\/25\/zakonczenie-roku-szkolnego-2020-2021\/zakonczenie-roku-szkolnego-2020-2021-67\/'><img loading=\"lazy\" decoding=\"async\" width=\"150\" height=\"150\" src=\"https:\/\/liceum.kard.hlonda.pl\/wp-content\/uploads\/2021\/06\/Zakonczenie-Roku-Szkolnego-2020-2021-67-150x150.jpg\" class=\"attachment-thumbnail size-thumbnail\" alt=\"\" \/><\/a>\n\t\t\t<\/div><\/figure><figure class='gallery-item'>\n\t\t\t<div class='gallery-icon portrait'>\n\t\t\t\t<a href='https:\/\/liceum.kard.hlonda.pl\/index.php\/2021\/06\/25\/zakonczenie-roku-szkolnego-2020-2021\/zakonczenie-roku-szkolnego-2020-2021-68\/'><img loading=\"lazy\" decoding=\"async\" width=\"150\" height=\"150\" src=\"https:\/\/liceum.kard.hlonda.pl\/wp-content\/uploads\/2021\/06\/Zakonczenie-Roku-Szkolnego-2020-2021-68-150x150.jpg\" class=\"attachment-thumbnail size-thumbnail\" alt=\"\" \/><\/a>\n\t\t\t<\/div><\/figure><figure class='gallery-item'>\n\t\t\t<div class='gallery-icon portrait'>\n\t\t\t\t<a href='https:\/\/liceum.kard.hlonda.pl\/index.php\/2021\/06\/25\/zakonczenie-roku-szkolnego-2020-2021\/zakonczenie-roku-szkolnego-2020-2021-69\/'><img loading=\"lazy\" decoding=\"async\" width=\"150\" height=\"150\" src=\"https:\/\/liceum.kard.hlonda.pl\/wp-content\/uploads\/2021\/06\/Zakonczenie-Roku-Szkolnego-2020-2021-69-150x150.jpg\" class=\"attachment-thumbnail size-thumbnail\" alt=\"\" \/><\/a>\n\t\t\t<\/div><\/figure><figure class='gallery-item'>\n\t\t\t<div class='gallery-icon portrait'>\n\t\t\t\t<a href='https:\/\/liceum.kard.hlonda.pl\/index.php\/2021\/06\/25\/zakonczenie-roku-szkolnego-2020-2021\/zakonczenie-roku-szkolnego-2020-2021-70\/'><img loading=\"lazy\" decoding=\"async\" width=\"150\" height=\"150\" src=\"https:\/\/liceum.kard.hlonda.pl\/wp-content\/uploads\/2021\/06\/Zakonczenie-Roku-Szkolnego-2020-2021-70-150x150.jpg\" class=\"attachment-thumbnail size-thumbnail\" alt=\"\" \/><\/a>\n\t\t\t<\/div><\/figure><figure class='gallery-item'>\n\t\t\t<div class='gallery-icon portrait'>\n\t\t\t\t<a href='https:\/\/liceum.kard.hlonda.pl\/index.php\/2021\/06\/25\/zakonczenie-roku-szkolnego-2020-2021\/zakonczenie-roku-szkolnego-2020-2021-71\/'><img loading=\"lazy\" decoding=\"async\" width=\"150\" height=\"150\" src=\"https:\/\/liceum.kard.hlonda.pl\/wp-content\/uploads\/2021\/06\/Zakonczenie-Roku-Szkolnego-2020-2021-71-150x150.jpg\" class=\"attachment-thumbnail size-thumbnail\" alt=\"\" \/><\/a>\n\t\t\t<\/div><\/figure><figure class='gallery-item'>\n\t\t\t<div class='gallery-icon portrait'>\n\t\t\t\t<a href='https:\/\/liceum.kard.hlonda.pl\/index.php\/2021\/06\/25\/zakonczenie-roku-szkolnego-2020-2021\/zakonczenie-roku-szkolnego-2020-2021-72\/'><img loading=\"lazy\" decoding=\"async\" width=\"150\" height=\"150\" src=\"https:\/\/liceum.kard.hlonda.pl\/wp-content\/uploads\/2021\/06\/Zakonczenie-Roku-Szkolnego-2020-2021-72-150x150.jpg\" class=\"attachment-thumbnail size-thumbnail\" alt=\"\" \/><\/a>\n\t\t\t<\/div><\/figure><figure class='gallery-item'>\n\t\t\t<div class='gallery-icon landscape'>\n\t\t\t\t<a href='https:\/\/liceum.kard.hlonda.pl\/index.php\/2021\/06\/25\/zakonczenie-roku-szkolnego-2020-2021\/zakonczenie-roku-szkolnego-2020-2021-73\/'><img loading=\"lazy\" decoding=\"async\" width=\"150\" height=\"150\" src=\"https:\/\/liceum.kard.hlonda.pl\/wp-content\/uploads\/2021\/06\/Zakonczenie-Roku-Szkolnego-2020-2021-73-150x150.jpg\" class=\"attachment-thumbnail size-thumbnail\" alt=\"\" \/><\/a>\n\t\t\t<\/div><\/figure><figure class='gallery-item'>\n\t\t\t<div class='gallery-icon portrait'>\n\t\t\t\t<a href='https:\/\/liceum.kard.hlonda.pl\/index.php\/2021\/06\/25\/zakonczenie-roku-szkolnego-2020-2021\/zakonczenie-roku-szkolnego-2020-2021-74\/'><img loading=\"lazy\" decoding=\"async\" width=\"150\" height=\"150\" src=\"https:\/\/liceum.kard.hlonda.pl\/wp-content\/uploads\/2021\/06\/Zakonczenie-Roku-Szkolnego-2020-2021-74-150x150.jpg\" class=\"attachment-thumbnail size-thumbnail\" alt=\"\" \/><\/a>\n\t\t\t<\/div><\/figure><figure class='gallery-item'>\n\t\t\t<div class='gallery-icon landscape'>\n\t\t\t\t<a href='https:\/\/liceum.kard.hlonda.pl\/index.php\/2021\/06\/25\/zakonczenie-roku-szkolnego-2020-2021\/zakonczenie-roku-szkolnego-2020-2021-75\/'><img loading=\"lazy\" decoding=\"async\" width=\"150\" height=\"150\" src=\"https:\/\/liceum.kard.hlonda.pl\/wp-content\/uploads\/2021\/06\/Zakonczenie-Roku-Szkolnego-2020-2021-75-150x150.jpg\" class=\"attachment-thumbnail size-thumbnail\" alt=\"\" \/><\/a>\n\t\t\t<\/div><\/figure><figure class='gallery-item'>\n\t\t\t<div class='gallery-icon landscape'>\n\t\t\t\t<a href='https:\/\/liceum.kard.hlonda.pl\/index.php\/2021\/06\/25\/zakonczenie-roku-szkolnego-2020-2021\/zakonczenie-roku-szkolnego-2020-2021-76\/'><img loading=\"lazy\" decoding=\"async\" width=\"150\" height=\"150\" src=\"https:\/\/liceum.kard.hlonda.pl\/wp-content\/uploads\/2021\/06\/Zakonczenie-Roku-Szkolnego-2020-2021-76-150x150.jpg\" class=\"attachment-thumbnail size-thumbnail\" alt=\"\" \/><\/a>\n\t\t\t<\/div><\/figure><figure class='gallery-item'>\n\t\t\t<div class='gallery-icon landscape'>\n\t\t\t\t<a href='https:\/\/liceum.kard.hlonda.pl\/index.php\/2021\/06\/25\/zakonczenie-roku-szkolnego-2020-2021\/zakonczenie-roku-szkolnego-2020-2021-77\/'><img loading=\"lazy\" decoding=\"async\" width=\"150\" height=\"150\" src=\"https:\/\/liceum.kard.hlonda.pl\/wp-content\/uploads\/2021\/06\/Zakonczenie-Roku-Szkolnego-2020-2021-77-150x150.jpg\" class=\"attachment-thumbnail size-thumbnail\" alt=\"\" \/><\/a>\n\t\t\t<\/div><\/figure><figure class='gallery-item'>\n\t\t\t<div class='gallery-icon landscape'>\n\t\t\t\t<a href='https:\/\/liceum.kard.hlonda.pl\/index.php\/2021\/06\/25\/zakonczenie-roku-szkolnego-2020-2021\/zakonczenie-roku-szkolnego-2020-2021-78\/'><img loading=\"lazy\" decoding=\"async\" width=\"150\" height=\"150\" src=\"https:\/\/liceum.kard.hlonda.pl\/wp-content\/uploads\/2021\/06\/Zakonczenie-Roku-Szkolnego-2020-2021-78-150x150.jpg\" class=\"attachment-thumbnail size-thumbnail\" alt=\"\" \/><\/a>\n\t\t\t<\/div><\/figure><figure class='gallery-item'>\n\t\t\t<div class='gallery-icon landscape'>\n\t\t\t\t<a href='https:\/\/liceum.kard.hlonda.pl\/index.php\/2021\/06\/25\/zakonczenie-roku-szkolnego-2020-2021\/zakonczenie-roku-szkolnego-2020-2021-79\/'><img loading=\"lazy\" decoding=\"async\" width=\"150\" height=\"150\" src=\"https:\/\/liceum.kard.hlonda.pl\/wp-content\/uploads\/2021\/06\/Zakonczenie-Roku-Szkolnego-2020-2021-79-150x150.jpg\" class=\"attachment-thumbnail size-thumbnail\" alt=\"\" \/><\/a>\n\t\t\t<\/div><\/figure><figure class='gallery-item'>\n\t\t\t<div class='gallery-icon landscape'>\n\t\t\t\t<a href='https:\/\/liceum.kard.hlonda.pl\/index.php\/2021\/06\/25\/zakonczenie-roku-szkolnego-2020-2021\/zakonczenie-roku-szkolnego-2020-2021-80\/'><img loading=\"lazy\" decoding=\"async\" width=\"150\" height=\"150\" src=\"https:\/\/liceum.kard.hlonda.pl\/wp-content\/uploads\/2021\/06\/Zakonczenie-Roku-Szkolnego-2020-2021-80-150x150.jpg\" class=\"attachment-thumbnail size-thumbnail\" alt=\"\" \/><\/a>\n\t\t\t<\/div><\/figure><figure class='gallery-item'>\n\t\t\t<div class='gallery-icon portrait'>\n\t\t\t\t<a href='https:\/\/liceum.kard.hlonda.pl\/index.php\/2021\/06\/25\/zakonczenie-roku-szkolnego-2020-2021\/zakonczenie-roku-szkolnego-2020-2021-81\/'><img loading=\"lazy\" decoding=\"async\" width=\"150\" height=\"150\" src=\"https:\/\/liceum.kard.hlonda.pl\/wp-content\/uploads\/2021\/06\/Zakonczenie-Roku-Szkolnego-2020-2021-81-150x150.jpg\" class=\"attachment-thumbnail size-thumbnail\" alt=\"\" \/><\/a>\n\t\t\t<\/div><\/figure><figure class='gallery-item'>\n\t\t\t<div class='gallery-icon landscape'>\n\t\t\t\t<a href='https:\/\/liceum.kard.hlonda.pl\/index.php\/2021\/06\/25\/zakonczenie-roku-szkolnego-2020-2021\/zakonczenie-roku-szkolnego-2020-2021-82\/'><img loading=\"lazy\" decoding=\"async\" width=\"150\" height=\"150\" src=\"https:\/\/liceum.kard.hlonda.pl\/wp-content\/uploads\/2021\/06\/Zakonczenie-Roku-Szkolnego-2020-2021-82-150x150.jpg\" class=\"attachment-thumbnail size-thumbnail\" alt=\"\" \/><\/a>\n\t\t\t<\/div><\/figure><figure class='gallery-item'>\n\t\t\t<div class='gallery-icon landscape'>\n\t\t\t\t<a href='https:\/\/liceum.kard.hlonda.pl\/index.php\/2021\/06\/25\/zakonczenie-roku-szkolnego-2020-2021\/zakonczenie-roku-szkolnego-2020-2021-83\/'><img loading=\"lazy\" decoding=\"async\" width=\"150\" height=\"150\" src=\"https:\/\/liceum.kard.hlonda.pl\/wp-content\/uploads\/2021\/06\/Zakonczenie-Roku-Szkolnego-2020-2021-83-150x150.jpg\" class=\"attachment-thumbnail size-thumbnail\" alt=\"\" \/><\/a>\n\t\t\t<\/div><\/figure><figure class='gallery-item'>\n\t\t\t<div class='gallery-icon landscape'>\n\t\t\t\t<a href='https:\/\/liceum.kard.hlonda.pl\/index.php\/2021\/06\/25\/zakonczenie-roku-szkolnego-2020-2021\/zakonczenie-roku-szkolnego-2020-2021-84\/'><img loading=\"lazy\" decoding=\"async\" width=\"150\" height=\"150\" src=\"https:\/\/liceum.kard.hlonda.pl\/wp-content\/uploads\/2021\/06\/Zakonczenie-Roku-Szkolnego-2020-2021-84-150x150.jpg\" class=\"attachment-thumbnail size-thumbnail\" alt=\"\" \/><\/a>\n\t\t\t<\/div><\/figure><figure class='gallery-item'>\n\t\t\t<div class='gallery-icon landscape'>\n\t\t\t\t<a href='https:\/\/liceum.kard.hlonda.pl\/index.php\/2021\/06\/25\/zakonczenie-roku-szkolnego-2020-2021\/zakonczenie-roku-szkolnego-2020-2021-85\/'><img loading=\"lazy\" decoding=\"async\" width=\"150\" height=\"150\" src=\"https:\/\/liceum.kard.hlonda.pl\/wp-content\/uploads\/2021\/06\/Zakonczenie-Roku-Szkolnego-2020-2021-85-150x150.jpg\" class=\"attachment-thumbnail size-thumbnail\" alt=\"\" \/><\/a>\n\t\t\t<\/div><\/figure><figure class='gallery-item'>\n\t\t\t<div class='gallery-icon landscape'>\n\t\t\t\t<a href='https:\/\/liceum.kard.hlonda.pl\/index.php\/2021\/06\/25\/zakonczenie-roku-szkolnego-2020-2021\/zakonczenie-roku-szkolnego-2020-2021-86\/'><img loading=\"lazy\" decoding=\"async\" width=\"150\" height=\"150\" src=\"https:\/\/liceum.kard.hlonda.pl\/wp-content\/uploads\/2021\/06\/Zakonczenie-Roku-Szkolnego-2020-2021-86-150x150.jpg\" class=\"attachment-thumbnail size-thumbnail\" alt=\"\" \/><\/a>\n\t\t\t<\/div><\/figure><figure class='gallery-item'>\n\t\t\t<div class='gallery-icon landscape'>\n\t\t\t\t<a href='https:\/\/liceum.kard.hlonda.pl\/index.php\/2021\/06\/25\/zakonczenie-roku-szkolnego-2020-2021\/zakonczenie-roku-szkolnego-2020-2021-87\/'><img loading=\"lazy\" decoding=\"async\" width=\"150\" height=\"150\" src=\"https:\/\/liceum.kard.hlonda.pl\/wp-content\/uploads\/2021\/06\/Zakonczenie-Roku-Szkolnego-2020-2021-87-150x150.jpg\" class=\"attachment-thumbnail size-thumbnail\" alt=\"\" \/><\/a>\n\t\t\t<\/div><\/figure><figure class='gallery-item'>\n\t\t\t<div class='gallery-icon portrait'>\n\t\t\t\t<a href='https:\/\/liceum.kard.hlonda.pl\/index.php\/2021\/06\/25\/zakonczenie-roku-szkolnego-2020-2021\/zakonczenie-roku-szkolnego-2020-2021-88\/'><img loading=\"lazy\" decoding=\"async\" width=\"150\" height=\"150\" src=\"https:\/\/liceum.kard.hlonda.pl\/wp-content\/uploads\/2021\/06\/Zakonczenie-Roku-Szkolnego-2020-2021-88-150x150.jpg\" class=\"attachment-thumbnail size-thumbnail\" alt=\"\" \/><\/a>\n\t\t\t<\/div><\/figure><figure class='gallery-item'>\n\t\t\t<div class='gallery-icon landscape'>\n\t\t\t\t<a href='https:\/\/liceum.kard.hlonda.pl\/index.php\/2021\/06\/25\/zakonczenie-roku-szkolnego-2020-2021\/zakonczenie-roku-szkolnego-2020-2021-89\/'><img loading=\"lazy\" decoding=\"async\" width=\"150\" height=\"150\" src=\"https:\/\/liceum.kard.hlonda.pl\/wp-content\/uploads\/2021\/06\/Zakonczenie-Roku-Szkolnego-2020-2021-89-150x150.jpg\" class=\"attachment-thumbnail size-thumbnail\" alt=\"\" \/><\/a>\n\t\t\t<\/div><\/figure><figure class='gallery-item'>\n\t\t\t<div class='gallery-icon landscape'>\n\t\t\t\t<a href='https:\/\/liceum.kard.hlonda.pl\/index.php\/2021\/06\/25\/zakonczenie-roku-szkolnego-2020-2021\/zakonczenie-roku-szkolnego-2020-2021-90\/'><img loading=\"lazy\" decoding=\"async\" width=\"150\" height=\"150\" src=\"https:\/\/liceum.kard.hlonda.pl\/wp-content\/uploads\/2021\/06\/Zakonczenie-Roku-Szkolnego-2020-2021-90-150x150.jpg\" class=\"attachment-thumbnail size-thumbnail\" alt=\"\" \/><\/a>\n\t\t\t<\/div><\/figure><figure class='gallery-item'>\n\t\t\t<div class='gallery-icon landscape'>\n\t\t\t\t<a href='https:\/\/liceum.kard.hlonda.pl\/index.php\/2021\/06\/25\/zakonczenie-roku-szkolnego-2020-2021\/zakonczenie-roku-szkolnego-2020-2021-91\/'><img loading=\"lazy\" decoding=\"async\" width=\"150\" height=\"150\" src=\"https:\/\/liceum.kard.hlonda.pl\/wp-content\/uploads\/2021\/06\/Zakonczenie-Roku-Szkolnego-2020-2021-91-150x150.jpg\" class=\"attachment-thumbnail size-thumbnail\" alt=\"\" \/><\/a>\n\t\t\t<\/div><\/figure><figure class='gallery-item'>\n\t\t\t<div class='gallery-icon landscape'>\n\t\t\t\t<a href='https:\/\/liceum.kard.hlonda.pl\/index.php\/2021\/06\/25\/zakonczenie-roku-szkolnego-2020-2021\/zakonczenie-roku-szkolnego-2020-2021-92\/'><img loading=\"lazy\" decoding=\"async\" width=\"150\" height=\"150\" src=\"https:\/\/liceum.kard.hlonda.pl\/wp-content\/uploads\/2021\/06\/Zakonczenie-Roku-Szkolnego-2020-2021-92-150x150.jpg\" class=\"attachment-thumbnail size-thumbnail\" alt=\"\" \/><\/a>\n\t\t\t<\/div><\/figure><figure class='gallery-item'>\n\t\t\t<div class='gallery-icon landscape'>\n\t\t\t\t<a href='https:\/\/liceum.kard.hlonda.pl\/index.php\/2021\/06\/25\/zakonczenie-roku-szkolnego-2020-2021\/zakonczenie-roku-szkolnego-2020-2021-93\/'><img loading=\"lazy\" decoding=\"async\" width=\"150\" height=\"150\" src=\"https:\/\/liceum.kard.hlonda.pl\/wp-content\/uploads\/2021\/06\/Zakonczenie-Roku-Szkolnego-2020-2021-93-150x150.jpg\" class=\"attachment-thumbnail size-thumbnail\" alt=\"\" \/><\/a>\n\t\t\t<\/div><\/figure><figure class='gallery-item'>\n\t\t\t<div class='gallery-icon landscape'>\n\t\t\t\t<a href='https:\/\/liceum.kard.hlonda.pl\/index.php\/2021\/06\/25\/zakonczenie-roku-szkolnego-2020-2021\/zakonczenie-roku-szkolnego-2020-2021-94\/'><img loading=\"lazy\" decoding=\"async\" width=\"150\" height=\"150\" src=\"https:\/\/liceum.kard.hlonda.pl\/wp-content\/uploads\/2021\/06\/Zakonczenie-Roku-Szkolnego-2020-2021-94-150x150.jpg\" class=\"attachment-thumbnail size-thumbnail\" alt=\"\" \/><\/a>\n\t\t\t<\/div><\/figure><figure class='gallery-item'>\n\t\t\t<div class='gallery-icon landscape'>\n\t\t\t\t<a href='https:\/\/liceum.kard.hlonda.pl\/index.php\/2021\/06\/25\/zakonczenie-roku-szkolnego-2020-2021\/zakonczenie-roku-szkolnego-2020-2021-95\/'><img loading=\"lazy\" decoding=\"async\" width=\"150\" height=\"150\" src=\"https:\/\/liceum.kard.hlonda.pl\/wp-content\/uploads\/2021\/06\/Zakonczenie-Roku-Szkolnego-2020-2021-95-150x150.jpg\" class=\"attachment-thumbnail size-thumbnail\" alt=\"\" \/><\/a>\n\t\t\t<\/div><\/figure><figure class='gallery-item'>\n\t\t\t<div class='gallery-icon landscape'>\n\t\t\t\t<a href='https:\/\/liceum.kard.hlonda.pl\/index.php\/2021\/06\/25\/zakonczenie-roku-szkolnego-2020-2021\/zakonczenie-roku-szkolnego-2020-2021-96\/'><img loading=\"lazy\" decoding=\"async\" width=\"150\" height=\"150\" src=\"https:\/\/liceum.kard.hlonda.pl\/wp-content\/uploads\/2021\/06\/Zakonczenie-Roku-Szkolnego-2020-2021-96-150x150.jpg\" class=\"attachment-thumbnail size-thumbnail\" alt=\"\" \/><\/a>\n\t\t\t<\/div><\/figure><figure class='gallery-item'>\n\t\t\t<div class='gallery-icon landscape'>\n\t\t\t\t<a href='https:\/\/liceum.kard.hlonda.pl\/index.php\/2021\/06\/25\/zakonczenie-roku-szkolnego-2020-2021\/zakonczenie-roku-szkolnego-2020-2021-97\/'><img loading=\"lazy\" decoding=\"async\" width=\"150\" height=\"150\" src=\"https:\/\/liceum.kard.hlonda.pl\/wp-content\/uploads\/2021\/06\/Zakonczenie-Roku-Szkolnego-2020-2021-97-150x150.jpg\" class=\"attachment-thumbnail size-thumbnail\" alt=\"\" \/><\/a>\n\t\t\t<\/div><\/figure><figure class='gallery-item'>\n\t\t\t<div class='gallery-icon portrait'>\n\t\t\t\t<a href='https:\/\/liceum.kard.hlonda.pl\/index.php\/2021\/06\/25\/zakonczenie-roku-szkolnego-2020-2021\/zakonczenie-roku-szkolnego-2020-2021-98\/'><img loading=\"lazy\" decoding=\"async\" width=\"150\" height=\"150\" src=\"https:\/\/liceum.kard.hlonda.pl\/wp-content\/uploads\/2021\/06\/Zakonczenie-Roku-Szkolnego-2020-2021-98-150x150.jpg\" class=\"attachment-thumbnail size-thumbnail\" alt=\"\" \/><\/a>\n\t\t\t<\/div><\/figure><figure class='gallery-item'>\n\t\t\t<div class='gallery-icon portrait'>\n\t\t\t\t<a href='https:\/\/liceum.kard.hlonda.pl\/index.php\/2021\/06\/25\/zakonczenie-roku-szkolnego-2020-2021\/zakonczenie-roku-szkolnego-2020-2021-99\/'><img loading=\"lazy\" decoding=\"async\" width=\"150\" height=\"150\" src=\"https:\/\/liceum.kard.hlonda.pl\/wp-content\/uploads\/2021\/06\/Zakonczenie-Roku-Szkolnego-2020-2021-99-150x150.jpg\" class=\"attachment-thumbnail size-thumbnail\" alt=\"\" \/><\/a>\n\t\t\t<\/div><\/figure><figure class='gallery-item'>\n\t\t\t<div class='gallery-icon portrait'>\n\t\t\t\t<a href='https:\/\/liceum.kard.hlonda.pl\/index.php\/2021\/06\/25\/zakonczenie-roku-szkolnego-2020-2021\/zakonczenie-roku-szkolnego-2020-2021-100\/'><img loading=\"lazy\" decoding=\"async\" width=\"150\" height=\"150\" src=\"https:\/\/liceum.kard.hlonda.pl\/wp-content\/uploads\/2021\/06\/Zakonczenie-Roku-Szkolnego-2020-2021-100-150x150.jpg\" class=\"attachment-thumbnail size-thumbnail\" alt=\"\" \/><\/a>\n\t\t\t<\/div><\/figure><figure class='gallery-item'>\n\t\t\t<div class='gallery-icon portrait'>\n\t\t\t\t<a href='https:\/\/liceum.kard.hlonda.pl\/index.php\/2021\/06\/25\/zakonczenie-roku-szkolnego-2020-2021\/zakonczenie-roku-szkolnego-2020-2021-101\/'><img loading=\"lazy\" decoding=\"async\" width=\"150\" height=\"150\" src=\"https:\/\/liceum.kard.hlonda.pl\/wp-content\/uploads\/2021\/06\/Zakonczenie-Roku-Szkolnego-2020-2021-101-150x150.jpg\" class=\"attachment-thumbnail size-thumbnail\" alt=\"\" \/><\/a>\n\t\t\t<\/div><\/figure><figure class='gallery-item'>\n\t\t\t<div class='gallery-icon portrait'>\n\t\t\t\t<a href='https:\/\/liceum.kard.hlonda.pl\/index.php\/2021\/06\/25\/zakonczenie-roku-szkolnego-2020-2021\/zakonczenie-roku-szkolnego-2020-2021-102\/'><img loading=\"lazy\" decoding=\"async\" width=\"150\" height=\"150\" src=\"https:\/\/liceum.kard.hlonda.pl\/wp-content\/uploads\/2021\/06\/Zakonczenie-Roku-Szkolnego-2020-2021-102-150x150.jpg\" class=\"attachment-thumbnail size-thumbnail\" alt=\"\" \/><\/a>\n\t\t\t<\/div><\/figure><figure class='gallery-item'>\n\t\t\t<div class='gallery-icon portrait'>\n\t\t\t\t<a href='https:\/\/liceum.kard.hlonda.pl\/index.php\/2021\/06\/25\/zakonczenie-roku-szkolnego-2020-2021\/zakonczenie-roku-szkolnego-2020-2021-103\/'><img loading=\"lazy\" decoding=\"async\" width=\"150\" height=\"150\" src=\"https:\/\/liceum.kard.hlonda.pl\/wp-content\/uploads\/2021\/06\/Zakonczenie-Roku-Szkolnego-2020-2021-103-150x150.jpg\" class=\"attachment-thumbnail size-thumbnail\" alt=\"\" \/><\/a>\n\t\t\t<\/div><\/figure><figure class='gallery-item'>\n\t\t\t<div class='gallery-icon portrait'>\n\t\t\t\t<a href='https:\/\/liceum.kard.hlonda.pl\/index.php\/2021\/06\/25\/zakonczenie-roku-szkolnego-2020-2021\/zakonczenie-roku-szkolnego-2020-2021-104\/'><img loading=\"lazy\" decoding=\"async\" width=\"150\" height=\"150\" src=\"https:\/\/liceum.kard.hlonda.pl\/wp-content\/uploads\/2021\/06\/Zakonczenie-Roku-Szkolnego-2020-2021-104-150x150.jpg\" class=\"attachment-thumbnail size-thumbnail\" alt=\"\" \/><\/a>\n\t\t\t<\/div><\/figure><figure class='gallery-item'>\n\t\t\t<div class='gallery-icon portrait'>\n\t\t\t\t<a href='https:\/\/liceum.kard.hlonda.pl\/index.php\/2021\/06\/25\/zakonczenie-roku-szkolnego-2020-2021\/zakonczenie-roku-szkolnego-2020-2021-105\/'><img loading=\"lazy\" decoding=\"async\" width=\"150\" height=\"150\" src=\"https:\/\/liceum.kard.hlonda.pl\/wp-content\/uploads\/2021\/06\/Zakonczenie-Roku-Szkolnego-2020-2021-105-150x150.jpg\" class=\"attachment-thumbnail size-thumbnail\" alt=\"\" \/><\/a>\n\t\t\t<\/div><\/figure><figure class='gallery-item'>\n\t\t\t<div class='gallery-icon portrait'>\n\t\t\t\t<a href='https:\/\/liceum.kard.hlonda.pl\/index.php\/2021\/06\/25\/zakonczenie-roku-szkolnego-2020-2021\/zakonczenie-roku-szkolnego-2020-2021-106\/'><img loading=\"lazy\" decoding=\"async\" width=\"150\" height=\"150\" src=\"https:\/\/liceum.kard.hlonda.pl\/wp-content\/uploads\/2021\/06\/Zakonczenie-Roku-Szkolnego-2020-2021-106-150x150.jpg\" class=\"attachment-thumbnail size-thumbnail\" alt=\"\" \/><\/a>\n\t\t\t<\/div><\/figure><figure class='gallery-item'>\n\t\t\t<div class='gallery-icon portrait'>\n\t\t\t\t<a href='https:\/\/liceum.kard.hlonda.pl\/index.php\/2021\/06\/25\/zakonczenie-roku-szkolnego-2020-2021\/zakonczenie-roku-szkolnego-2020-2021-107\/'><img loading=\"lazy\" decoding=\"async\" width=\"150\" height=\"150\" src=\"https:\/\/liceum.kard.hlonda.pl\/wp-content\/uploads\/2021\/06\/Zakonczenie-Roku-Szkolnego-2020-2021-107-150x150.jpg\" class=\"attachment-thumbnail size-thumbnail\" alt=\"\" \/><\/a>\n\t\t\t<\/div><\/figure><figure class='gallery-item'>\n\t\t\t<div class='gallery-icon portrait'>\n\t\t\t\t<a href='https:\/\/liceum.kard.hlonda.pl\/index.php\/2021\/06\/25\/zakonczenie-roku-szkolnego-2020-2021\/zakonczenie-roku-szkolnego-2020-2021-108\/'><img loading=\"lazy\" decoding=\"async\" width=\"150\" height=\"150\" src=\"https:\/\/liceum.kard.hlonda.pl\/wp-content\/uploads\/2021\/06\/Zakonczenie-Roku-Szkolnego-2020-2021-108-150x150.jpg\" class=\"attachment-thumbnail size-thumbnail\" alt=\"\" \/><\/a>\n\t\t\t<\/div><\/figure><figure class='gallery-item'>\n\t\t\t<div class='gallery-icon portrait'>\n\t\t\t\t<a href='https:\/\/liceum.kard.hlonda.pl\/index.php\/2021\/06\/25\/zakonczenie-roku-szkolnego-2020-2021\/zakonczenie-roku-szkolnego-2020-2021-109\/'><img loading=\"lazy\" decoding=\"async\" width=\"150\" height=\"150\" src=\"https:\/\/liceum.kard.hlonda.pl\/wp-content\/uploads\/2021\/06\/Zakonczenie-Roku-Szkolnego-2020-2021-109-150x150.jpg\" class=\"attachment-thumbnail size-thumbnail\" alt=\"\" \/><\/a>\n\t\t\t<\/div><\/figure><figure class='gallery-item'>\n\t\t\t<div class='gallery-icon portrait'>\n\t\t\t\t<a href='https:\/\/liceum.kard.hlonda.pl\/index.php\/2021\/06\/25\/zakonczenie-roku-szkolnego-2020-2021\/zakonczenie-roku-szkolnego-2020-2021-110\/'><img loading=\"lazy\" decoding=\"async\" width=\"150\" height=\"150\" src=\"https:\/\/liceum.kard.hlonda.pl\/wp-content\/uploads\/2021\/06\/Zakonczenie-Roku-Szkolnego-2020-2021-110-150x150.jpg\" class=\"attachment-thumbnail size-thumbnail\" alt=\"\" \/><\/a>\n\t\t\t<\/div><\/figure><figure class='gallery-item'>\n\t\t\t<div class='gallery-icon portrait'>\n\t\t\t\t<a href='https:\/\/liceum.kard.hlonda.pl\/index.php\/2021\/06\/25\/zakonczenie-roku-szkolnego-2020-2021\/zakonczenie-roku-szkolnego-2020-2021-111\/'><img loading=\"lazy\" decoding=\"async\" width=\"150\" height=\"150\" src=\"https:\/\/liceum.kard.hlonda.pl\/wp-content\/uploads\/2021\/06\/Zakonczenie-Roku-Szkolnego-2020-2021-111-150x150.jpg\" class=\"attachment-thumbnail size-thumbnail\" alt=\"\" \/><\/a>\n\t\t\t<\/div><\/figure><figure class='gallery-item'>\n\t\t\t<div class='gallery-icon landscape'>\n\t\t\t\t<a href='https:\/\/liceum.kard.hlonda.pl\/index.php\/2021\/06\/25\/zakonczenie-roku-szkolnego-2020-2021\/zakonczenie-roku-szkolnego-2020-2021-112\/'><img loading=\"lazy\" decoding=\"async\" width=\"150\" height=\"150\" src=\"https:\/\/liceum.kard.hlonda.pl\/wp-content\/uploads\/2021\/06\/Zakonczenie-Roku-Szkolnego-2020-2021-112-150x150.jpg\" class=\"attachment-thumbnail size-thumbnail\" alt=\"\" \/><\/a>\n\t\t\t<\/div><\/figure><figure class='gallery-item'>\n\t\t\t<div class='gallery-icon landscape'>\n\t\t\t\t<a href='https:\/\/liceum.kard.hlonda.pl\/index.php\/2021\/06\/25\/zakonczenie-roku-szkolnego-2020-2021\/zakonczenie-roku-szkolnego-2020-2021-113\/'><img loading=\"lazy\" decoding=\"async\" width=\"150\" height=\"150\" src=\"https:\/\/liceum.kard.hlonda.pl\/wp-content\/uploads\/2021\/06\/Zakonczenie-Roku-Szkolnego-2020-2021-113-150x150.jpg\" class=\"attachment-thumbnail size-thumbnail\" alt=\"\" \/><\/a>\n\t\t\t<\/div><\/figure><figure class='gallery-item'>\n\t\t\t<div class='gallery-icon portrait'>\n\t\t\t\t<a href='https:\/\/liceum.kard.hlonda.pl\/index.php\/2021\/06\/25\/zakonczenie-roku-szkolnego-2020-2021\/zakonczenie-roku-szkolnego-2020-2021-114\/'><img loading=\"lazy\" decoding=\"async\" width=\"150\" height=\"150\" src=\"https:\/\/liceum.kard.hlonda.pl\/wp-content\/uploads\/2021\/06\/Zakonczenie-Roku-Szkolnego-2020-2021-114-150x150.jpg\" class=\"attachment-thumbnail size-thumbnail\" alt=\"\" \/><\/a>\n\t\t\t<\/div><\/figure><figure class='gallery-item'>\n\t\t\t<div class='gallery-icon landscape'>\n\t\t\t\t<a href='https:\/\/liceum.kard.hlonda.pl\/index.php\/2021\/06\/25\/zakonczenie-roku-szkolnego-2020-2021\/zakonczenie-roku-szkolnego-2020-2021-115\/'><img loading=\"lazy\" decoding=\"async\" width=\"150\" height=\"150\" src=\"https:\/\/liceum.kard.hlonda.pl\/wp-content\/uploads\/2021\/06\/Zakonczenie-Roku-Szkolnego-2020-2021-115-150x150.jpg\" class=\"attachment-thumbnail size-thumbnail\" alt=\"\" \/><\/a>\n\t\t\t<\/div><\/figure><figure class='gallery-item'>\n\t\t\t<div class='gallery-icon landscape'>\n\t\t\t\t<a href='https:\/\/liceum.kard.hlonda.pl\/index.php\/2021\/06\/25\/zakonczenie-roku-szkolnego-2020-2021\/zakonczenie-roku-szkolnego-2020-2021-116\/'><img loading=\"lazy\" decoding=\"async\" width=\"150\" height=\"150\" src=\"https:\/\/liceum.kard.hlonda.pl\/wp-content\/uploads\/2021\/06\/Zakonczenie-Roku-Szkolnego-2020-2021-116-150x150.jpg\" class=\"attachment-thumbnail size-thumbnail\" alt=\"\" \/><\/a>\n\t\t\t<\/div><\/figure><figure class='gallery-item'>\n\t\t\t<div class='gallery-icon landscape'>\n\t\t\t\t<a href='https:\/\/liceum.kard.hlonda.pl\/index.php\/2021\/06\/25\/zakonczenie-roku-szkolnego-2020-2021\/zakonczenie-roku-szkolnego-2020-2021-117\/'><img loading=\"lazy\" decoding=\"async\" width=\"150\" height=\"150\" src=\"https:\/\/liceum.kard.hlonda.pl\/wp-content\/uploads\/2021\/06\/Zakonczenie-Roku-Szkolnego-2020-2021-117-150x150.jpg\" class=\"attachment-thumbnail size-thumbnail\" alt=\"\" \/><\/a>\n\t\t\t<\/div><\/figure><figure class='gallery-item'>\n\t\t\t<div class='gallery-icon landscape'>\n\t\t\t\t<a href='https:\/\/liceum.kard.hlonda.pl\/index.php\/2021\/06\/25\/zakonczenie-roku-szkolnego-2020-2021\/zakonczenie-roku-szkolnego-2020-2021-118\/'><img loading=\"lazy\" decoding=\"async\" width=\"150\" height=\"150\" src=\"https:\/\/liceum.kard.hlonda.pl\/wp-content\/uploads\/2021\/06\/Zakonczenie-Roku-Szkolnego-2020-2021-118-150x150.jpg\" class=\"attachment-thumbnail size-thumbnail\" alt=\"\" \/><\/a>\n\t\t\t<\/div><\/figure><figure class='gallery-item'>\n\t\t\t<div class='gallery-icon landscape'>\n\t\t\t\t<a href='https:\/\/liceum.kard.hlonda.pl\/index.php\/2021\/06\/25\/zakonczenie-roku-szkolnego-2020-2021\/zakonczenie-roku-szkolnego-2020-2021-119\/'><img loading=\"lazy\" decoding=\"async\" width=\"150\" height=\"150\" src=\"https:\/\/liceum.kard.hlonda.pl\/wp-content\/uploads\/2021\/06\/Zakonczenie-Roku-Szkolnego-2020-2021-119-150x150.jpg\" class=\"attachment-thumbnail size-thumbnail\" alt=\"\" \/><\/a>\n\t\t\t<\/div><\/figure><figure class='gallery-item'>\n\t\t\t<div class='gallery-icon landscape'>\n\t\t\t\t<a href='https:\/\/liceum.kard.hlonda.pl\/index.php\/2021\/06\/25\/zakonczenie-roku-szkolnego-2020-2021\/zakonczenie-roku-szkolnego-2020-2021-120\/'><img loading=\"lazy\" decoding=\"async\" width=\"150\" height=\"150\" src=\"https:\/\/liceum.kard.hlonda.pl\/wp-content\/uploads\/2021\/06\/Zakonczenie-Roku-Szkolnego-2020-2021-120-150x150.jpg\" class=\"attachment-thumbnail size-thumbnail\" alt=\"\" \/><\/a>\n\t\t\t<\/div><\/figure><figure class='gallery-item'>\n\t\t\t<div class='gallery-icon landscape'>\n\t\t\t\t<a href='https:\/\/liceum.kard.hlonda.pl\/index.php\/2021\/06\/25\/zakonczenie-roku-szkolnego-2020-2021\/zakonczenie-roku-szkolnego-2020-2021-121\/'><img loading=\"lazy\" decoding=\"async\" width=\"150\" height=\"150\" src=\"https:\/\/liceum.kard.hlonda.pl\/wp-content\/uploads\/2021\/06\/Zakonczenie-Roku-Szkolnego-2020-2021-121-150x150.jpg\" class=\"attachment-thumbnail size-thumbnail\" alt=\"\" \/><\/a>\n\t\t\t<\/div><\/figure><figure class='gallery-item'>\n\t\t\t<div class='gallery-icon landscape'>\n\t\t\t\t<a href='https:\/\/liceum.kard.hlonda.pl\/index.php\/2021\/06\/25\/zakonczenie-roku-szkolnego-2020-2021\/zakonczenie-roku-szkolnego-2020-2021-122\/'><img loading=\"lazy\" decoding=\"async\" width=\"150\" height=\"150\" src=\"https:\/\/liceum.kard.hlonda.pl\/wp-content\/uploads\/2021\/06\/Zakonczenie-Roku-Szkolnego-2020-2021-122-150x150.jpg\" class=\"attachment-thumbnail size-thumbnail\" alt=\"\" \/><\/a>\n\t\t\t<\/div><\/figure><figure class='gallery-item'>\n\t\t\t<div class='gallery-icon landscape'>\n\t\t\t\t<a href='https:\/\/liceum.kard.hlonda.pl\/index.php\/2021\/06\/25\/zakonczenie-roku-szkolnego-2020-2021\/zakonczenie-roku-szkolnego-2020-2021-123\/'><img loading=\"lazy\" decoding=\"async\" width=\"150\" height=\"150\" src=\"https:\/\/liceum.kard.hlonda.pl\/wp-content\/uploads\/2021\/06\/Zakonczenie-Roku-Szkolnego-2020-2021-123-150x150.jpg\" class=\"attachment-thumbnail size-thumbnail\" alt=\"\" \/><\/a>\n\t\t\t<\/div><\/figure>\n\t\t<\/div>\n\n<p style=\"text-align: right;\"><em>.<\/em><\/p>\n","protected":false},"excerpt":{"rendered":"<p>25 czerwca 2021 roku ponownie nadszed\u0142 TEN DZIE\u0143. Jednak jak\u017ce odmienny od tego sprzed roku ! Wtedy rygor pandemiczny by\u0142 trudny do zniesienia, dzisiaj prawie normalnie, \u201ena luzie\u201d i z udzia\u0142em rodzic\u00f3w! Rozpocz\u0119li\u015bmy jak zwykle Mazurkiem D\u0105browskiego oraz hymnem szkolnym. Potem sw\u00f3j czas mia\u0142y klasy I \u2013III. Nad sprawnym wr\u0119czaniem &hellip;<\/p>\n","protected":false},"author":1,"featured_media":984,"comment_status":"closed","ping_status":"closed","sticky":false,"template":"","format":"standard","meta":{"footnotes":""},"categories":[1],"tags":[],"class_list":["post-936","post","type-post","status-publish","format-standard","has-post-thumbnail","hentry","category-bez-kategorii"],"_links":{"self":[{"href":"https:\/\/liceum.kard.hlonda.pl\/index.php\/wp-json\/wp\/v2\/posts\/936","targetHints":{"allow":["GET"]}}],"collection":[{"href":"https:\/\/liceum.kard.hlonda.pl\/index.php\/wp-json\/wp\/v2\/posts"}],"about":[{"href":"https:\/\/liceum.kard.hlonda.pl\/index.php\/wp-json\/wp\/v2\/types\/post"}],"author":[{"embeddable":true,"href":"https:\/\/liceum.kard.hlonda.pl\/index.php\/wp-json\/wp\/v2\/users\/1"}],"replies":[{"embeddable":true,"href":"https:\/\/liceum.kard.hlonda.pl\/index.php\/wp-json\/wp\/v2\/comments?post=936"}],"version-history":[{"count":1,"href":"https:\/\/liceum.kard.hlonda.pl\/index.php\/wp-json\/wp\/v2\/posts\/936\/revisions"}],"predecessor-version":[{"id":1060,"href":"https:\/\/liceum.kard.hlonda.pl\/index.php\/wp-json\/wp\/v2\/posts\/936\/revisions\/1060"}],"wp:featuredmedia":[{"embeddable":true,"href":"https:\/\/liceum.kard.hlonda.pl\/index.php\/wp-json\/wp\/v2\/media\/984"}],"wp:attachment":[{"href":"https:\/\/liceum.kard.hlonda.pl\/index.php\/wp-json\/wp\/v2\/media?parent=936"}],"wp:term":[{"taxonomy":"category","embeddable":true,"href":"https:\/\/liceum.kard.hlonda.pl\/index.php\/wp-json\/wp\/v2\/categories?post=936"},{"taxonomy":"post_tag","embeddable":true,"href":"https:\/\/liceum.kard.hlonda.pl\/index.php\/wp-json\/wp\/v2\/tags?post=936"}],"curies":[{"name":"wp","href":"https:\/\/api.w.org\/{rel}","templated":true}]}}